{"id":674309,"date":"2024-05-12T11:31:57","date_gmt":"2024-05-12T09:31:57","guid":{"rendered":"https:\/\/www.hashtag.al\/?p=674309"},"modified":"2024-05-12T11:32:22","modified_gmt":"2024-05-12T09:32:22","slug":"beleri-mesazh-nga-burgu-per-kryeministrin-rama-ai-kerkon-te-sfidoje-greqine-nuk-nuk-do-tia-dale","status":"publish","type":"post","link":"https:\/\/www.hashtag.al\/index.php\/2024\/05\/12\/beleri-mesazh-nga-burgu-per-kryeministrin-rama-ai-kerkon-te-sfidoje-greqine-nuk-nuk-do-tia-dale\/","title":{"rendered":"Beleri mesazh nga burgu p\u00ebr kryeministrin Rama: Ai k\u00ebrkon t\u00eb sfidoj\u00eb Greqin\u00eb, nuk do t\u2019ia dal\u00eb","gt_translate_keys":[{"key":"rendered","format":"text"}]},"content":{"rendered":"<p><img loading=\"lazy\" decoding=\"async\" class=\"size-full wp-image-674310 aligncenter\" src=\"https:\/\/www.hashtag.al\/wp-content\/uploads\/2024\/05\/Beleri.jpg\" alt=\"\" width=\"1280\" height=\"720\" srcset=\"https:\/\/www.hashtag.al\/wp-content\/uploads\/2024\/05\/Beleri.jpg 1280w, https:\/\/www.hashtag.al\/wp-content\/uploads\/2024\/05\/Beleri-300x169.jpg 300w, https:\/\/www.hashtag.al\/wp-content\/uploads\/2024\/05\/Beleri-1024x576.jpg 1024w, https:\/\/www.hashtag.al\/wp-content\/uploads\/2024\/05\/Beleri-768x432.jpg 768w\" sizes=\"auto, (max-width: 1280px) 100vw, 1280px\" \/><\/p>\n<p><span style=\"color: #000000;\"><i><span style=\"font-weight: 400;\">\u201cZgjedhja e dit\u00ebs s\u00eb sotme p\u00ebr vizit\u00ebn e kryeministrit shqiptar n\u00eb Athin\u00eb nuk \u00ebsht\u00eb e rast\u00ebsishme\u201d, <\/span><\/i><span style=\"font-weight: 400;\">thot\u00eb Fredi Beleri n\u00eb mesazhin e tij nga Burgu i Fierit, duke akuzuar kryeministrin shqiptar se d\u00ebshiron t\u00eb provokoj\u00eb.<\/span><\/span><\/p>\n<p><span style=\"font-weight: 400; color: #000000;\">N\u00eb mesazhin e tij, kandidati p\u00ebr eurodeputet i Partis\u00eb Demokracia e Re n\u00eb Greqi dhe kryebashkiaku i zgjedhur i Himar\u00ebs tregon se sot b\u00ebhet pik\u00ebrisht nj\u00eb vit nga arrestimi i tij.<\/span><\/p>\n<p><span style=\"font-weight: 400; color: #000000;\">Sipas tij, Rama zgjodhi k\u00ebt\u00eb dit\u00eb pasi e ka shqet\u00ebsuar nominimi i tij.<\/span><\/p>\n<p><span style=\"color: #000000;\"><i><span style=\"font-weight: 400;\">\u201cAi d\u00ebshiron t\u00eb provokoj\u00eb Greqin\u00eb, t\u00eb b\u00ebj\u00eb nj\u00eb shfaqje force brenda Shqip\u00ebris\u00eb dhe t\u00eb ul\u00eb moralin e grek\u00ebve n\u00eb rajon. Ai nuk do t\u2019ia dal\u00eb. Askush nuk mund t\u00eb luaj\u00eb me krenarin\u00eb dhe dinjitetin e helenizmit\u201d,<\/span><\/i><span style=\"font-weight: 400;\"> p\u00ebrfundon mesazhi i Fredi Beleri.<\/span><\/span><\/p>\n","protected":false,"gt_translate_keys":[{"key":"rendered","format":"html"}]},"excerpt":{"rendered":"<p>\u201cZgjedhja e dit\u00ebs s\u00eb sotme p\u00ebr vizit\u00ebn e kryeministrit shqiptar n\u00eb Athin\u00eb nuk \u00ebsht\u00eb e rast\u00ebsishme\u201d, thot\u00eb Fredi Beleri n\u00eb mesazhin e tij nga Burgu i Fierit, duke akuzuar kryeministrin shqiptar se d\u00ebshiron t\u00eb provokoj\u00eb. N\u00eb mesazhin e tij, kandidati p\u00ebr eurodeputet i Partis\u00eb Demokracia e Re n\u00eb Greqi dhe kryebashkiaku i zgjedhur i Himar\u00ebs [&hellip;]<\/p>\n","protected":false,"gt_translate_keys":[{"key":"rendered","format":"html"}]},"author":4,"featured_media":674310,"comment_status":"closed","ping_status":"open","sticky":false,"template":"","format":"standard","meta":{"footnotes":""},"categories":[65],"tags":[],"class_list":["post-674309","post","type-post","status-publish","format-standard","has-post-thumbnail","hentry","category-lajme"],"gt_translate_keys":[{"key":"link","format":"url"}],"_links":{"self":[{"href":"https:\/\/www.hashtag.al\/index.php\/wp-json\/wp\/v2\/posts\/674309","targetHints":{"allow":["GET"]}}],"collection":[{"href":"https:\/\/www.hashtag.al\/index.php\/wp-json\/wp\/v2\/posts"}],"about":[{"href":"https:\/\/www.hashtag.al\/index.php\/wp-json\/wp\/v2\/types\/post"}],"author":[{"embeddable":true,"href":"https:\/\/www.hashtag.al\/index.php\/wp-json\/wp\/v2\/users\/4"}],"replies":[{"embeddable":true,"href":"https:\/\/www.hashtag.al\/index.php\/wp-json\/wp\/v2\/comments?post=674309"}],"version-history":[{"count":0,"href":"https:\/\/www.hashtag.al\/index.php\/wp-json\/wp\/v2\/posts\/674309\/revisions"}],"wp:featuredmedia":[{"embeddable":true,"href":"https:\/\/www.hashtag.al\/index.php\/wp-json\/wp\/v2\/media\/674310"}],"wp:attachment":[{"href":"https:\/\/www.hashtag.al\/index.php\/wp-json\/wp\/v2\/media?parent=674309"}],"wp:term":[{"taxonomy":"category","embeddable":true,"href":"https:\/\/www.hashtag.al\/index.php\/wp-json\/wp\/v2\/categories?post=674309"},{"taxonomy":"post_tag","embeddable":true,"href":"https:\/\/www.hashtag.al\/index.php\/wp-json\/wp\/v2\/tags?post=674309"}],"curies":[{"name":"wp","href":"https:\/\/api.w.org\/{rel}","templated":true}]}}