{"id":674248,"date":"2024-05-11T19:26:47","date_gmt":"2024-05-11T17:26:47","guid":{"rendered":"https:\/\/www.hashtag.al\/?p=674248"},"modified":"2024-05-11T19:26:47","modified_gmt":"2024-05-11T17:26:47","slug":"qindra-qytetare-protestojne-kunder-zgjerimit-te-fabrikes-se-tesla-s-ne-gjermani","status":"publish","type":"post","link":"https:\/\/www.hashtag.al\/index.php\/2024\/05\/11\/qindra-qytetare-protestojne-kunder-zgjerimit-te-fabrikes-se-tesla-s-ne-gjermani\/","title":{"rendered":"Qindra qytetar\u00eb protestojn\u00eb kund\u00ebr zgjerimit t\u00eb fabrik\u00ebs s\u00eb Tesla-s n\u00eb Gjermani","gt_translate_keys":[{"key":"rendered","format":"text"}]},"content":{"rendered":"<p><img loading=\"lazy\" decoding=\"async\" class=\"size-full wp-image-674249 aligncenter\" src=\"https:\/\/www.hashtag.al\/wp-content\/uploads\/2024\/05\/tesla1.jpg\" alt=\"\" width=\"717\" height=\"453\" srcset=\"https:\/\/www.hashtag.al\/wp-content\/uploads\/2024\/05\/tesla1.jpg 717w, https:\/\/www.hashtag.al\/wp-content\/uploads\/2024\/05\/tesla1-300x190.jpg 300w\" sizes=\"auto, (max-width: 717px) 100vw, 717px\" \/><\/p>\n<p>Qindra protestues kund\u00ebrshtuan zgjerimin e nj\u00eb fabrike Tesla pran\u00eb Berlinit, me disa prej tyre u p\u00ebrpoq\u00ebn t\u00eb sulmonin objektin e prodhimit t\u00eb automjeteve elektrike.<br \/>\nSi\u00e7 shihet edhe n\u00eb pamje, demostruesit me kapele dhe maska blu u p\u00ebrfshin\u00eb n\u00eb p\u00ebrplasje t\u00eb dhunshme fizike me efektivat e policis\u00eb, t\u00eb cil\u00ebt p\u00ebrdor\u00ebn spraj lotsjell\u00ebs p\u00ebr t\u00eb zmbrapsur turm\u00ebn, teksa jan\u00eb raportuar disa t\u00eb l\u00ebnduar dhe t\u00eb tjer\u00eb kan\u00eb r\u00ebn\u00eb n\u00eb pranga.<\/p>\n<p>Autoritetet shtuan se jan\u00eb d\u00ebmtuar me boj\u00eb dhe mjete piroteknike disa makina t\u00eb mark\u00ebs q\u00eb ndodheshin aty pran\u00eb. Organizator\u00ebt argumentojn\u00eb se zgjerimi do t\u00eb d\u00ebmtonte mjedisin, pasi p\u00ebrdoret sasi e m\u00ebdha litiumi, q\u00eb \u00ebsht\u00eb nj\u00eb burim ky\u00e7 p\u00ebr baterit\u00eb e automjeteve elektrike.<\/p>\n<p>Protestuesit e kan\u00eb nisur aksionin q\u00eb n\u00eb shkurt, kur qyteti ku ndodhet fabrika votoi kund\u00ebr planeve n\u00eb nj\u00eb referendum q\u00eb nuk ishte ligj\u00ebrisht i detyruesh\u00ebm. Q\u00eb at\u00ebher\u00eb u vendos\u00ebn n\u00eb nj\u00eb kamp pran\u00eb godin\u00ebs.<\/p>\n<p>I nj\u00ebjti objekt u mbyll p\u00ebr nj\u00eb jav\u00eb n\u00eb mars, pasi iu nd\u00ebrpre energjia p\u00ebr shkak t\u00eb nj\u00eb zjarrv\u00ebnie. Nj\u00eb grup demonstruesish mor\u00ebn p\u00ebrgjegj\u00ebsin\u00eb mbi ngjarjen duke b\u00ebr\u00eb thirrje p\u00ebr shkat\u00ebrrim t\u00eb plot\u00eb t\u00eb gjith\u00eb kompanis\u00eb.<\/p>\n<p>Tesla deklaroi n\u00eb t\u00eb k\u00ebsaj jave tha se do ta mbyllte fabrik\u00ebn p\u00ebr nj\u00eb dit\u00eb t\u00eb premten, por pa specifikuar arsyet.<\/p>\n","protected":false,"gt_translate_keys":[{"key":"rendered","format":"html"}]},"excerpt":{"rendered":"<p>Qindra protestues kund\u00ebrshtuan zgjerimin e nj\u00eb fabrike Tesla pran\u00eb Berlinit, me disa prej tyre u p\u00ebrpoq\u00ebn t\u00eb sulmonin objektin e prodhimit t\u00eb automjeteve elektrike. Si\u00e7 shihet edhe n\u00eb pamje, demostruesit me kapele dhe maska blu u p\u00ebrfshin\u00eb n\u00eb p\u00ebrplasje t\u00eb dhunshme fizike me efektivat e policis\u00eb, t\u00eb cil\u00ebt p\u00ebrdor\u00ebn spraj lotsjell\u00ebs p\u00ebr t\u00eb zmbrapsur turm\u00ebn, [&hellip;]<\/p>\n","protected":false,"gt_translate_keys":[{"key":"rendered","format":"html"}]},"author":4,"featured_media":674249,"comment_status":"closed","ping_status":"open","sticky":false,"template":"","format":"standard","meta":{"footnotes":""},"categories":[6],"tags":[],"class_list":["post-674248","post","type-post","status-publish","format-standard","has-post-thumbnail","hentry","category-nderkombetare"],"gt_translate_keys":[{"key":"link","format":"url"}],"_links":{"self":[{"href":"https:\/\/www.hashtag.al\/index.php\/wp-json\/wp\/v2\/posts\/674248","targetHints":{"allow":["GET"]}}],"collection":[{"href":"https:\/\/www.hashtag.al\/index.php\/wp-json\/wp\/v2\/posts"}],"about":[{"href":"https:\/\/www.hashtag.al\/index.php\/wp-json\/wp\/v2\/types\/post"}],"author":[{"embeddable":true,"href":"https:\/\/www.hashtag.al\/index.php\/wp-json\/wp\/v2\/users\/4"}],"replies":[{"embeddable":true,"href":"https:\/\/www.hashtag.al\/index.php\/wp-json\/wp\/v2\/comments?post=674248"}],"version-history":[{"count":0,"href":"https:\/\/www.hashtag.al\/index.php\/wp-json\/wp\/v2\/posts\/674248\/revisions"}],"wp:featuredmedia":[{"embeddable":true,"href":"https:\/\/www.hashtag.al\/index.php\/wp-json\/wp\/v2\/media\/674249"}],"wp:attachment":[{"href":"https:\/\/www.hashtag.al\/index.php\/wp-json\/wp\/v2\/media?parent=674248"}],"wp:term":[{"taxonomy":"category","embeddable":true,"href":"https:\/\/www.hashtag.al\/index.php\/wp-json\/wp\/v2\/categories?post=674248"},{"taxonomy":"post_tag","embeddable":true,"href":"https:\/\/www.hashtag.al\/index.php\/wp-json\/wp\/v2\/tags?post=674248"}],"curies":[{"name":"wp","href":"https:\/\/api.w.org\/{rel}","templated":true}]}}