{"id":674225,"date":"2024-05-11T17:11:45","date_gmt":"2024-05-11T15:11:45","guid":{"rendered":"https:\/\/www.hashtag.al\/?p=674225"},"modified":"2024-05-11T17:55:46","modified_gmt":"2024-05-11T15:55:46","slug":"te-shtena-me-arme-zjarri-ne-shkoder-dyshohet-per-nje-te-plagosur-2","status":"publish","type":"post","link":"https:\/\/www.hashtag.al\/index.php\/2024\/05\/11\/te-shtena-me-arme-zjarri-ne-shkoder-dyshohet-per-nje-te-plagosur-2\/","title":{"rendered":"T\u00eb sht\u00ebna me arm\u00eb zjarri n\u00eb Shkod\u00ebr, plagoset nj\u00eb 24-vje\u00e7ar","gt_translate_keys":[{"key":"rendered","format":"text"}]},"content":{"rendered":"<p><img loading=\"lazy\" decoding=\"async\" class=\"size-full wp-image-674227 aligncenter\" src=\"https:\/\/www.hashtag.al\/wp-content\/uploads\/2024\/05\/1693655591_policiaetiranes_sd-770x433-1-768x432-1.webp\" alt=\"\" width=\"768\" height=\"432\" srcset=\"https:\/\/www.hashtag.al\/wp-content\/uploads\/2024\/05\/1693655591_policiaetiranes_sd-770x433-1-768x432-1.webp 768w, https:\/\/www.hashtag.al\/wp-content\/uploads\/2024\/05\/1693655591_policiaetiranes_sd-770x433-1-768x432-1-300x169.webp 300w\" sizes=\"auto, (max-width: 768px) 100vw, 768px\" \/><\/p>\n<p style=\"text-align: left;\"><span style=\"color: #000000;\">T\u00eb sht\u00ebna me arm\u00eb zjarri jan\u00eb regjistruar pasditen e k\u00ebsaj t\u00eb shtune (11 maj) n\u00eb Shkod\u00ebr.<\/span><\/p>\n<p><span style=\"color: #000000;\">I d\u00ebmtuar ka mbetur shtetasi Jaser Osmani pas nj\u00eb konflikti t\u00eb \u00e7astit duke u plagosur n\u00eb kofsh\u00eb me arm\u00eb zjarri pistolet\u00eb.<\/span><\/p>\n<p><span style=\"color: #000000;\">Raportohet se ngjarja ka ndodhur n\u00eb lagjen \u201cSalo Halili\u201d, nd\u00ebrsa policia ka mb\u00ebrritur n\u00eb vendngjarje.<\/span><\/p>\n<p><span style=\"color: #000000;\"><strong>Njoftimi i policis\u00eb:<\/strong><\/span><\/p>\n<p><span style=\"color: #000000;\">Shkod\u00ebr\/Informacion paraprak<\/span><\/p>\n<p><span style=\"color: #000000;\">Rreth or\u00ebs 16:00, n\u00eb lagjen Salo Halili, dyshohet se gjat\u00eb nj\u00eb konflikti t\u00eb \u00e7astit \u00ebsht\u00eb plagosur n\u00eb kofsh\u00eb me arm\u00eb zjarri pistolet\u00eb shtetasi J. O., 24 vje\u00e7, i cili po merr ndihm\u00eb mjek\u00ebsore n\u00eb Spitalin Rajonal t\u00eb Shkodr\u00ebs dhe ndodhet jasht\u00eb rrezikut p\u00ebr jet\u00ebn.<\/span><\/p>\n<p><span style=\"color: #000000;\">Sh\u00ebrbimet e Policis\u00eb kan\u00eb shkuar menj\u00ebher\u00eb n\u00eb vendngjarje dhe vijojn\u00eb kontrollet p\u00ebr kapjen e autorit.<\/span><\/p>\n<p><span style=\"color: #000000;\">Grupi hetimor n\u00eb drejtimin e Prokuroris\u00eb, po punon p\u00ebr zbardhjen e rrethanave t\u00eb ngjarjes, identifikimin dhe kapjen e autorit.<\/span><\/p>\n","protected":false,"gt_translate_keys":[{"key":"rendered","format":"html"}]},"excerpt":{"rendered":"<p>T\u00eb sht\u00ebna me arm\u00eb zjarri jan\u00eb regjistruar pasditen e k\u00ebsaj t\u00eb shtune (11 maj) n\u00eb Shkod\u00ebr. I d\u00ebmtuar ka mbetur shtetasi Jaser Osmani pas nj\u00eb konflikti t\u00eb \u00e7astit duke u plagosur n\u00eb kofsh\u00eb me arm\u00eb zjarri pistolet\u00eb. Raportohet se ngjarja ka ndodhur n\u00eb lagjen \u201cSalo Halili\u201d, nd\u00ebrsa policia ka mb\u00ebrritur n\u00eb vendngjarje. Njoftimi i policis\u00eb: [&hellip;]<\/p>\n","protected":false,"gt_translate_keys":[{"key":"rendered","format":"html"}]},"author":4,"featured_media":674227,"comment_status":"closed","ping_status":"open","sticky":false,"template":"","format":"standard","meta":{"footnotes":""},"categories":[65],"tags":[],"class_list":["post-674225","post","type-post","status-publish","format-standard","has-post-thumbnail","hentry","category-lajme"],"gt_translate_keys":[{"key":"link","format":"url"}],"_links":{"self":[{"href":"https:\/\/www.hashtag.al\/index.php\/wp-json\/wp\/v2\/posts\/674225","targetHints":{"allow":["GET"]}}],"collection":[{"href":"https:\/\/www.hashtag.al\/index.php\/wp-json\/wp\/v2\/posts"}],"about":[{"href":"https:\/\/www.hashtag.al\/index.php\/wp-json\/wp\/v2\/types\/post"}],"author":[{"embeddable":true,"href":"https:\/\/www.hashtag.al\/index.php\/wp-json\/wp\/v2\/users\/4"}],"replies":[{"embeddable":true,"href":"https:\/\/www.hashtag.al\/index.php\/wp-json\/wp\/v2\/comments?post=674225"}],"version-history":[{"count":0,"href":"https:\/\/www.hashtag.al\/index.php\/wp-json\/wp\/v2\/posts\/674225\/revisions"}],"wp:featuredmedia":[{"embeddable":true,"href":"https:\/\/www.hashtag.al\/index.php\/wp-json\/wp\/v2\/media\/674227"}],"wp:attachment":[{"href":"https:\/\/www.hashtag.al\/index.php\/wp-json\/wp\/v2\/media?parent=674225"}],"wp:term":[{"taxonomy":"category","embeddable":true,"href":"https:\/\/www.hashtag.al\/index.php\/wp-json\/wp\/v2\/categories?post=674225"},{"taxonomy":"post_tag","embeddable":true,"href":"https:\/\/www.hashtag.al\/index.php\/wp-json\/wp\/v2\/tags?post=674225"}],"curies":[{"name":"wp","href":"https:\/\/api.w.org\/{rel}","templated":true}]}}