{"id":674193,"date":"2024-05-11T14:07:38","date_gmt":"2024-05-11T12:07:38","guid":{"rendered":"https:\/\/www.hashtag.al\/?p=674193"},"modified":"2024-05-11T14:07:38","modified_gmt":"2024-05-11T12:07:38","slug":"perfaqesuesi-i-holandes-perjashtohet-nga-finalja-e-eurovision-it","status":"publish","type":"post","link":"https:\/\/www.hashtag.al\/index.php\/2024\/05\/11\/perfaqesuesi-i-holandes-perjashtohet-nga-finalja-e-eurovision-it\/","title":{"rendered":"P\u00ebrfaq\u00ebsuesi i Holand\u00ebs p\u00ebrjashtohet nga finalja e Eurovision-it","gt_translate_keys":[{"key":"rendered","format":"text"}]},"content":{"rendered":"<p><span style=\"color: #000000;\"><a href=\"https:\/\/www.hashtag.al\/wp-content\/uploads\/2024\/05\/Screenshot-2024-05-11-140507.png\"><img loading=\"lazy\" decoding=\"async\" class=\"aligncenter size-full wp-image-674194\" src=\"https:\/\/www.hashtag.al\/wp-content\/uploads\/2024\/05\/Screenshot-2024-05-11-140507.png\" alt=\"\" width=\"1085\" height=\"640\" srcset=\"https:\/\/www.hashtag.al\/wp-content\/uploads\/2024\/05\/Screenshot-2024-05-11-140507.png 1085w, https:\/\/www.hashtag.al\/wp-content\/uploads\/2024\/05\/Screenshot-2024-05-11-140507-300x177.png 300w, https:\/\/www.hashtag.al\/wp-content\/uploads\/2024\/05\/Screenshot-2024-05-11-140507-1024x604.png 1024w, https:\/\/www.hashtag.al\/wp-content\/uploads\/2024\/05\/Screenshot-2024-05-11-140507-768x453.png 768w\" sizes=\"auto, (max-width: 1085px) 100vw, 1085px\" \/><\/a><\/span><\/p>\n<p><span style=\"color: #000000;\">Artisti holandez Joost Klein \u00ebsht\u00eb skualifikuar nga Eurovision Song Contest pas nj\u00eb incidenti n\u00eb prapasken\u00eb.<\/span><\/p>\n<p><span style=\"color: #000000;\">Ndon\u00ebse organizata nuk e ka p\u00ebrcaktuar se \u00e7far\u00eb sakt\u00ebsisht ka ndodhur n\u00eb lidhje me ngjarjen, p\u00ebr t\u00eb cil\u00ebn akuzohet artisti, ka b\u00ebr\u00eb me dije p\u00ebrjashtimin e tij. N\u00eb njoftim thuhet se ka nj\u00eb \u201csjellje t\u00eb pap\u00ebrshtatshme ndaj nj\u00eb an\u00ebtari t\u00eb produksionit\u201d.<\/span><\/p>\n<p><span style=\"color: #000000;\">N\u00eb nj\u00eb deklarat\u00eb, organizator\u00ebt e konkursit than\u00eb se &#8220;nuk do t\u00eb ishte e p\u00ebrshtatshme q\u00eb ai t\u00eb vazhdonte n\u00eb gar\u00eb&#8221; derisa t\u00eb zhvillohet procesi ligjor, sipas <span style=\"color: #0000ff;\"><a style=\"color: #0000ff;\" href=\"https:\/\/www.bbc.com\/news\/entertainment-arts-68993726\">BBC.<\/a><\/span><\/span><\/p>\n<p><span style=\"color: #000000;\">Nd\u00ebrsa transmetuesi holandez Avrtotros e quajti p\u00ebrjashtimin e Klein &#8220;disproporcional&#8221;.<\/span><\/p>\n<p><span style=\"color: #000000;\">N\u00eb nj\u00eb deklarat\u00eb n\u00eb mediat sociale, kompania tha se ishte &#8220;e tronditur nga vendimi&#8221; dhe &#8220;do t&#8217;i kthehej k\u00ebsaj \u00e7\u00ebshtjeje m\u00eb von\u00eb&#8221;.<\/span><\/p>\n<p><span style=\"color: #000000;\">Klein kishte qen\u00eb nd\u00ebr favorit\u00ebt p\u00ebr t\u00eb fituar konkursin e k\u00ebtij viti me k\u00ebng\u00ebn e tij, Europapa.<\/span><\/p>\n<p><span style=\"color: #000000;\">Nj\u00eb himn tekno pro-evropian, ai iu kushtua babait t\u00eb tij, t\u00eb cilin e humbi nga kanceri n\u00eb mosh\u00ebn 12-vje\u00e7are.<\/span><\/p>\n<p><span style=\"color: #000000;\">Tani 26-vje\u00e7, k\u00ebng\u00ebtari i kishte premtuar babait t\u00eb tij se nj\u00eb dit\u00eb do t\u00eb arrinte n\u00eb sken\u00ebn e Eurovizionit.<\/span><\/p>\n<p><span style=\"color: #000000;\">Lajmi p\u00ebr pezullimin e tij doli t\u00eb premten pasdite, gjat\u00eb prov\u00ebs s\u00eb par\u00eb t\u00eb veshjes p\u00ebr finalen e madhe televizive t\u00eb s\u00eb shtun\u00ebs.<\/span><\/p>\n<p><span style=\"color: #000000;\">Rekuizitat e Klein ishin duke u ngritur n\u00eb sken\u00eb brenda Malm\u00f6 Arena kur nj\u00eb menaxher prodhimi tregoi se ato duhet t\u00eb hiqen.<\/span><\/p>\n<p><span style=\"color: #000000;\">K\u00ebnga e tij m\u00eb pas u anashkalua pa shpjegime dhe vendin e tij e zuri kandidati i Izraelit, Eden Golan, i cili ishte n\u00eb radh\u00eb.<\/span><\/p>\n<p><span style=\"color: #000000;\">Unioni Evropian i Transmetuesve (EBU), i cili organizon ngjarjen, m\u00eb von\u00eb l\u00ebshoi nj\u00eb deklarat\u00eb duke th\u00ebn\u00eb se ata &#8220;<em>po hetonin nj\u00eb incident q\u00eb u raportua tek ne q\u00eb p\u00ebrfshinte artistin holandez&#8221;.<\/em><\/span><\/p>\n","protected":false,"gt_translate_keys":[{"key":"rendered","format":"html"}]},"excerpt":{"rendered":"<p>Artisti holandez Joost Klein \u00ebsht\u00eb skualifikuar nga Eurovision Song Contest pas nj\u00eb incidenti n\u00eb prapasken\u00eb. Ndon\u00ebse organizata nuk e ka p\u00ebrcaktuar se \u00e7far\u00eb sakt\u00ebsisht ka ndodhur n\u00eb lidhje me ngjarjen, p\u00ebr t\u00eb cil\u00ebn akuzohet artisti, ka b\u00ebr\u00eb me dije p\u00ebrjashtimin e tij. N\u00eb njoftim thuhet se ka nj\u00eb \u201csjellje t\u00eb pap\u00ebrshtatshme ndaj nj\u00eb an\u00ebtari t\u00eb [&hellip;]<\/p>\n","protected":false,"gt_translate_keys":[{"key":"rendered","format":"html"}]},"author":32,"featured_media":674194,"comment_status":"closed","ping_status":"open","sticky":false,"template":"","format":"standard","meta":{"footnotes":""},"categories":[53],"tags":[],"class_list":["post-674193","post","type-post","status-publish","format-standard","has-post-thumbnail","hentry","category-fast-foodi"],"gt_translate_keys":[{"key":"link","format":"url"}],"_links":{"self":[{"href":"https:\/\/www.hashtag.al\/index.php\/wp-json\/wp\/v2\/posts\/674193","targetHints":{"allow":["GET"]}}],"collection":[{"href":"https:\/\/www.hashtag.al\/index.php\/wp-json\/wp\/v2\/posts"}],"about":[{"href":"https:\/\/www.hashtag.al\/index.php\/wp-json\/wp\/v2\/types\/post"}],"author":[{"embeddable":true,"href":"https:\/\/www.hashtag.al\/index.php\/wp-json\/wp\/v2\/users\/32"}],"replies":[{"embeddable":true,"href":"https:\/\/www.hashtag.al\/index.php\/wp-json\/wp\/v2\/comments?post=674193"}],"version-history":[{"count":0,"href":"https:\/\/www.hashtag.al\/index.php\/wp-json\/wp\/v2\/posts\/674193\/revisions"}],"wp:featuredmedia":[{"embeddable":true,"href":"https:\/\/www.hashtag.al\/index.php\/wp-json\/wp\/v2\/media\/674194"}],"wp:attachment":[{"href":"https:\/\/www.hashtag.al\/index.php\/wp-json\/wp\/v2\/media?parent=674193"}],"wp:term":[{"taxonomy":"category","embeddable":true,"href":"https:\/\/www.hashtag.al\/index.php\/wp-json\/wp\/v2\/categories?post=674193"},{"taxonomy":"post_tag","embeddable":true,"href":"https:\/\/www.hashtag.al\/index.php\/wp-json\/wp\/v2\/tags?post=674193"}],"curies":[{"name":"wp","href":"https:\/\/api.w.org\/{rel}","templated":true}]}}