{"id":674151,"date":"2024-05-11T11:58:56","date_gmt":"2024-05-11T09:58:56","guid":{"rendered":"https:\/\/www.hashtag.al\/?p=674151"},"modified":"2024-05-11T11:58:56","modified_gmt":"2024-05-11T09:58:56","slug":"perplasje-ne-zgjedhjet-per-kreun-e-pd-se-ne-elbasan-dorehiqen-kreu-e-sekretari-i-deges","status":"publish","type":"post","link":"https:\/\/www.hashtag.al\/index.php\/2024\/05\/11\/perplasje-ne-zgjedhjet-per-kreun-e-pd-se-ne-elbasan-dorehiqen-kreu-e-sekretari-i-deges\/","title":{"rendered":"P\u00ebrplasje n\u00eb zgjedhjet p\u00ebr kreun e PD-s\u00eb n\u00eb Elbasan, dor\u00ebhiqen kreu e sekretari i deg\u00ebs","gt_translate_keys":[{"key":"rendered","format":"text"}]},"content":{"rendered":"<p><img loading=\"lazy\" decoding=\"async\" class=\"aligncenter size-full wp-image-674152\" src=\"https:\/\/www.hashtag.al\/wp-content\/uploads\/2024\/05\/elbasan.jpg\" alt=\"\" width=\"1043\" height=\"589\" srcset=\"https:\/\/www.hashtag.al\/wp-content\/uploads\/2024\/05\/elbasan.jpg 1043w, https:\/\/www.hashtag.al\/wp-content\/uploads\/2024\/05\/elbasan-300x169.jpg 300w, https:\/\/www.hashtag.al\/wp-content\/uploads\/2024\/05\/elbasan-1024x578.jpg 1024w, https:\/\/www.hashtag.al\/wp-content\/uploads\/2024\/05\/elbasan-768x434.jpg 768w\" sizes=\"auto, (max-width: 1043px) 100vw, 1043px\" \/><\/p>\n<p><span style=\"color: #000000;\">Nj\u00eb dit\u00eb para zgjedhjeve t\u00eb reja p\u00ebr kryetar q\u00eb mbahen mesdit\u00ebn e k\u00ebsaj t\u00eb shtune n\u00eb \u201cTeatrin Skampa\u201d, Partia Demokratike zyrtare \u00ebsht\u00eb p\u00ebrballur me nj\u00eb dorq\u00ebheqje n\u00eb grup, pasi kryesia dhe figura t\u00eb r\u00ebnd\u00ebsishme si kryetari, Eugen Isaji dhe sekretari, Zamir Muzhaqi kan\u00eb dh\u00ebn\u00eb dor\u00ebheqjen, shkruan BW. <\/span><\/p>\n<p><span style=\"color: #000000;\">Akti n\u00eb fjal\u00eb vjen n\u00eb shenj\u00eb proteste kund\u00ebr vendimit p\u00ebr t\u00eb futur n\u00eb list\u00ebn e kandidat\u00ebve p\u00ebr kryetar, biznesmenin Naim Meta, figura e t\u00eb cilit sipas shumic\u00ebs s\u00eb demokrat\u00ebve \u00ebsht\u00eb i panjohur p\u00ebrsa i p\u00ebrket kontributit n\u00eb parti, krahasuar me figurat e dor\u00ebhequra. <\/span><\/p>\n<p><span style=\"color: #000000;\">Sipas informacioneve brenda Partis\u00eb Demokratike n\u00eb Elbasan ky kandidat po mb\u00ebshtetet fuqish\u00ebm nga deputetja Flutura A\u00e7ka. Nd\u00ebrkoh\u00eb, PD zyrtare pohon p\u00ebr BalkanWeb se Meta ka qen\u00eb ish-kryetar grupseksioni dhe pjes\u00eb e strukturave t\u00eb demokrat\u00ebve prej vitesh.<\/span><\/p>\n","protected":false,"gt_translate_keys":[{"key":"rendered","format":"html"}]},"excerpt":{"rendered":"<p>Nj\u00eb dit\u00eb para zgjedhjeve t\u00eb reja p\u00ebr kryetar q\u00eb mbahen mesdit\u00ebn e k\u00ebsaj t\u00eb shtune n\u00eb \u201cTeatrin Skampa\u201d, Partia Demokratike zyrtare \u00ebsht\u00eb p\u00ebrballur me nj\u00eb dorq\u00ebheqje n\u00eb grup, pasi kryesia dhe figura t\u00eb r\u00ebnd\u00ebsishme si kryetari, Eugen Isaji dhe sekretari, Zamir Muzhaqi kan\u00eb dh\u00ebn\u00eb dor\u00ebheqjen, shkruan BW. Akti n\u00eb fjal\u00eb vjen n\u00eb shenj\u00eb proteste kund\u00ebr [&hellip;]<\/p>\n","protected":false,"gt_translate_keys":[{"key":"rendered","format":"html"}]},"author":51,"featured_media":674152,"comment_status":"closed","ping_status":"open","sticky":false,"template":"","format":"standard","meta":{"footnotes":""},"categories":[65],"tags":[],"class_list":["post-674151","post","type-post","status-publish","format-standard","has-post-thumbnail","hentry","category-lajme"],"gt_translate_keys":[{"key":"link","format":"url"}],"_links":{"self":[{"href":"https:\/\/www.hashtag.al\/index.php\/wp-json\/wp\/v2\/posts\/674151","targetHints":{"allow":["GET"]}}],"collection":[{"href":"https:\/\/www.hashtag.al\/index.php\/wp-json\/wp\/v2\/posts"}],"about":[{"href":"https:\/\/www.hashtag.al\/index.php\/wp-json\/wp\/v2\/types\/post"}],"author":[{"embeddable":true,"href":"https:\/\/www.hashtag.al\/index.php\/wp-json\/wp\/v2\/users\/51"}],"replies":[{"embeddable":true,"href":"https:\/\/www.hashtag.al\/index.php\/wp-json\/wp\/v2\/comments?post=674151"}],"version-history":[{"count":0,"href":"https:\/\/www.hashtag.al\/index.php\/wp-json\/wp\/v2\/posts\/674151\/revisions"}],"wp:featuredmedia":[{"embeddable":true,"href":"https:\/\/www.hashtag.al\/index.php\/wp-json\/wp\/v2\/media\/674152"}],"wp:attachment":[{"href":"https:\/\/www.hashtag.al\/index.php\/wp-json\/wp\/v2\/media?parent=674151"}],"wp:term":[{"taxonomy":"category","embeddable":true,"href":"https:\/\/www.hashtag.al\/index.php\/wp-json\/wp\/v2\/categories?post=674151"},{"taxonomy":"post_tag","embeddable":true,"href":"https:\/\/www.hashtag.al\/index.php\/wp-json\/wp\/v2\/tags?post=674151"}],"curies":[{"name":"wp","href":"https:\/\/api.w.org\/{rel}","templated":true}]}}