{"id":673794,"date":"2024-05-09T17:58:35","date_gmt":"2024-05-09T15:58:35","guid":{"rendered":"https:\/\/www.hashtag.al\/?p=673794"},"modified":"2024-05-09T17:58:35","modified_gmt":"2024-05-09T15:58:35","slug":"levizjet-ne-pd-salianji-opozita-duhet-te-hapet-me-shume-drejt-shoqerise-dhe-diaspores","status":"publish","type":"post","link":"https:\/\/www.hashtag.al\/index.php\/2024\/05\/09\/levizjet-ne-pd-salianji-opozita-duhet-te-hapet-me-shume-drejt-shoqerise-dhe-diaspores\/","title":{"rendered":"L\u00ebvizjet n\u00eb PD, Salianji: Opozita duhet t\u00eb hapet m\u00eb shum\u00eb drejt shoq\u00ebris\u00eb dhe diaspor\u00ebs","gt_translate_keys":[{"key":"rendered","format":"text"}]},"content":{"rendered":"<p style=\"text-align: left;\"><span style=\"color: #000000;\"><strong><img loading=\"lazy\" decoding=\"async\" class=\"size-full wp-image-673795 aligncenter\" src=\"https:\/\/www.hashtag.al\/wp-content\/uploads\/2024\/05\/salianji1-433x300-1.jpg\" alt=\"\" width=\"433\" height=\"300\" srcset=\"https:\/\/www.hashtag.al\/wp-content\/uploads\/2024\/05\/salianji1-433x300-1.jpg 433w, https:\/\/www.hashtag.al\/wp-content\/uploads\/2024\/05\/salianji1-433x300-1-300x208.jpg 300w\" sizes=\"auto, (max-width: 433px) 100vw, 433px\" \/><\/strong><\/span><\/p>\n<p style=\"text-align: left;\"><span style=\"color: #000000;\">Deputeti i Partis\u00eb Demokratike t\u00eb drejtuar nga \u201cRithemelimi\u201d, Ervin Salianji, i ftuar n\u00eb News24, komentoi l\u00ebvizjet p\u00ebr drejtuesit e qarqeve.<\/span><\/p>\n<p style=\"text-align: left;\"><span style=\"color: #000000;\">Ai tha se interesi i partive politike n\u00eb momente t\u00eb caktuara \u00ebsht\u00eb q\u00eb figurat e spikatura t\u00eb japin kontributin e tyre, aty ku ka m\u00eb shum\u00eb nevoj\u00eb.<\/span><\/p>\n<p style=\"text-align: left;\"><span style=\"color: #000000;\">Salianji shtoi se PD \u00ebsht\u00eb sot gati p\u00ebr betej\u00eb elektorale dhe p\u00ebr mundur Edi Ram\u00ebn.<\/span><\/p>\n<p style=\"text-align: left;\"><span style=\"color: #000000;\"><strong>Salianji:\u00a0<\/strong><em>Un\u00eb n\u00eb zgjedhjet e fundit kam qen\u00eb drejtues politik n\u00eb Kavaj\u00eb dhe kemi arritur t\u2019i kthejm\u00eb demokrat\u00ebve at\u00eb bastion q\u00eb nuk e kishim.<\/em><\/span><\/p>\n<p style=\"text-align: left;\"><span style=\"color: #000000;\"><em>Sa i p\u00ebrket l\u00ebvizjeve t\u00eb tjera, jan\u00eb vendimmarrje q\u00eb i takoj drejtuesve politik, kryetarit, kryesis\u00eb dhe k\u00ebshillit komb\u00ebtar. <\/em><\/span><\/p>\n<p style=\"text-align: left;\"><span style=\"color: #000000;\"><em>Ajo q\u00eb ju them \u00ebsht\u00eb q\u00eb PD brenda muajit qershor e mbyll organizimin n\u00eb zgjedhjeve e degeve dhe plot\u00ebsimin e strukturave dhe \u00ebsht\u00eb e gatshme p\u00ebr betej\u00eb elektorale n\u00eb cdo moment sa i takon aspekteve organizative.<\/em><\/span><\/p>\n<p style=\"text-align: left;\"><span style=\"color: #000000;\"><em>\u00a0Ashtu sic eshte e\u00a0gatshme dhe do t\u00eb vij\u00eb me prezantim t\u00eb plot\u00eb t\u00eb programit. Ne q\u00eb sot jemi gati p\u00ebr ta mundur Ram\u00ebn.<\/em><\/span><\/p>\n<p style=\"text-align: left;\"><span style=\"color: #000000;\"><em>Interesi i partive politikeve \u00ebsht\u00eb q\u00eb figura t\u00eb caktuara t\u00eb japin kontributin e tyre aty\u00a0 ku ka m\u00eb shum\u00eb nevoj\u00eb.<\/em><\/span><\/p>\n<p style=\"text-align: left;\"><span style=\"color: #000000;\"><em>P\u00ebrtej k\u00ebtyre hapave, PD duhet t\u00eb b\u00ebj\u00eb maksimumin t\u00eb hapet m\u00eb shum\u00eb drejt shoq\u00ebris\u00eb dhe padiskutim p\u00ebr t\u2019i shqyer dyert drejt diaspor\u00ebs. Kemi koh\u00eb p\u00ebr ta b\u00ebr\u00eb k\u00ebt\u00eb.<\/em><\/span><\/p>\n","protected":false,"gt_translate_keys":[{"key":"rendered","format":"html"}]},"excerpt":{"rendered":"<p>Deputeti i Partis\u00eb Demokratike t\u00eb drejtuar nga \u201cRithemelimi\u201d, Ervin Salianji, i ftuar n\u00eb News24, komentoi l\u00ebvizjet p\u00ebr drejtuesit e qarqeve. Ai tha se interesi i partive politike n\u00eb momente t\u00eb caktuara \u00ebsht\u00eb q\u00eb figurat e spikatura t\u00eb japin kontributin e tyre, aty ku ka m\u00eb shum\u00eb nevoj\u00eb. Salianji shtoi se PD \u00ebsht\u00eb sot gati p\u00ebr [&hellip;]<\/p>\n","protected":false,"gt_translate_keys":[{"key":"rendered","format":"html"}]},"author":4,"featured_media":673795,"comment_status":"closed","ping_status":"open","sticky":false,"template":"","format":"standard","meta":{"footnotes":""},"categories":[65],"tags":[],"class_list":["post-673794","post","type-post","status-publish","format-standard","has-post-thumbnail","hentry","category-lajme"],"gt_translate_keys":[{"key":"link","format":"url"}],"_links":{"self":[{"href":"https:\/\/www.hashtag.al\/index.php\/wp-json\/wp\/v2\/posts\/673794","targetHints":{"allow":["GET"]}}],"collection":[{"href":"https:\/\/www.hashtag.al\/index.php\/wp-json\/wp\/v2\/posts"}],"about":[{"href":"https:\/\/www.hashtag.al\/index.php\/wp-json\/wp\/v2\/types\/post"}],"author":[{"embeddable":true,"href":"https:\/\/www.hashtag.al\/index.php\/wp-json\/wp\/v2\/users\/4"}],"replies":[{"embeddable":true,"href":"https:\/\/www.hashtag.al\/index.php\/wp-json\/wp\/v2\/comments?post=673794"}],"version-history":[{"count":0,"href":"https:\/\/www.hashtag.al\/index.php\/wp-json\/wp\/v2\/posts\/673794\/revisions"}],"wp:featuredmedia":[{"embeddable":true,"href":"https:\/\/www.hashtag.al\/index.php\/wp-json\/wp\/v2\/media\/673795"}],"wp:attachment":[{"href":"https:\/\/www.hashtag.al\/index.php\/wp-json\/wp\/v2\/media?parent=673794"}],"wp:term":[{"taxonomy":"category","embeddable":true,"href":"https:\/\/www.hashtag.al\/index.php\/wp-json\/wp\/v2\/categories?post=673794"},{"taxonomy":"post_tag","embeddable":true,"href":"https:\/\/www.hashtag.al\/index.php\/wp-json\/wp\/v2\/tags?post=673794"}],"curies":[{"name":"wp","href":"https:\/\/api.w.org\/{rel}","templated":true}]}}