{"id":673739,"date":"2024-05-09T14:35:18","date_gmt":"2024-05-09T12:35:18","guid":{"rendered":"https:\/\/www.hashtag.al\/?p=673739"},"modified":"2024-05-09T14:40:21","modified_gmt":"2024-05-09T12:40:21","slug":"rithemelimi-denoncon-u-harxhuan-2-4-mln-euro-vetem-per-karburant","status":"publish","type":"post","link":"https:\/\/www.hashtag.al\/index.php\/2024\/05\/09\/rithemelimi-denoncon-u-harxhuan-2-4-mln-euro-vetem-per-karburant\/","title":{"rendered":"Rithemelimi denoncon dhe nxjerr dokumentet: Si po \u2018gllab\u00ebrohen\u2019 parat\u00eb nga Eco-Tirana","gt_translate_keys":[{"key":"rendered","format":"text"}]},"content":{"rendered":"<p><img loading=\"lazy\" decoding=\"async\" class=\"size-full wp-image-673741 aligncenter\" src=\"https:\/\/www.hashtag.al\/wp-content\/uploads\/2024\/05\/klevis-1024x669-1-768x502-1.jpg\" alt=\"\" width=\"768\" height=\"502\" srcset=\"https:\/\/www.hashtag.al\/wp-content\/uploads\/2024\/05\/klevis-1024x669-1-768x502-1.jpg 768w, https:\/\/www.hashtag.al\/wp-content\/uploads\/2024\/05\/klevis-1024x669-1-768x502-1-300x196.jpg 300w\" sizes=\"auto, (max-width: 768px) 100vw, 768px\" \/><\/p>\n<p><span style=\"font-weight: 400; color: #000000;\">Koordinatori rajonal e Tiran\u00ebs, Klevis Balliu n\u00eb nj\u00eb dalje p\u00ebr mediat deklaroi se po abuzohet me platform\u00ebn Eco-Tirana.<\/span><\/p>\n<p><span style=\"font-weight: 400; color: #000000;\">Ai l\u00ebshoi akuza n\u00eb drejtim t\u00eb Bashkis\u00eb s\u00eb Tiran\u00ebs, nd\u00ebrsa theksoi se p\u00ebr karburant jan\u00eb harxhuar 2.4 milion\u00eb euro vet\u00ebm naft\u00eb.<\/span><\/p>\n<p><span style=\"color: #000000;\"><b>DEKLARATA E KORDINATORIT RAJONAL T\u00cb TIRAN\u00cbS, KLEVIS BALLIU:<\/b><\/span><\/p>\n<p><span style=\"font-weight: 400; color: #000000;\">Pasi p\u00ebrlau inceneratorin e Tiran\u00ebs, pasi krijoi bashk\u00eb me koleg\u00ebt drejtor\u00eb kompanin\u00eb 5D p\u00ebr t\u00eb marr\u00eb 100 p\u00ebrqind t\u00eb \u00e7do fondi, i pangopuri i Bashkis\u00eb gllab\u00ebron disa milion\u00eb euro t\u00eb tjera.<\/span><\/p>\n<p><span style=\"font-weight: 400; color: #000000;\">E b\u00ebn k\u00ebt\u00eb me platform\u00ebn mafioze Eco-Tirana, nj\u00eb tjet\u00ebr afer\u00eb korruptive e p\u00ebrmasave gjigante, nj\u00eb prov\u00eb tjet\u00ebr e pakund\u00ebrshtueshme se Bashkia Tiran\u00eb \u00ebsht\u00eb sot foleja e t\u00eb gjith\u00eb hajdut\u00ebve.<\/span><\/p>\n<p><span style=\"font-weight: 400; color: #000000;\">Pronari faktik i incenerator\u00ebve dhe kryetari i organizat\u00ebs kriminale 5D, arkitekti i Eco Tiran\u00ebs, vet\u00ebm me naft\u00ebn, ka vjedhur 2.4 milion\u00eb Euro.<\/span><\/p>\n<p><span style=\"font-weight: 400; color: #000000;\">Eco Tirana \u00ebsht\u00eb kompania q\u00eb mbledh plehrat dhe sipas Bashkis\u00eb, makinat e plehrave, kan\u00eb harxhuar 2.4 milion euro n\u00eb Tiran\u00eb, vet\u00ebm naft\u00eb.<\/span><\/p>\n<p><span style=\"font-weight: 400; color: #000000;\">Kjo mund t\u00eb ndodh\u00eb vet\u00ebm n\u00ebse Eco Tirana ka mbledhur edhe plehrat n\u00eb Verona.<\/span><\/p>\n<p><span style=\"font-weight: 400; color: #000000;\">U b\u00ebjm\u00eb thirrje \u2018koleg\u00ebve\u2019 t\u00eb Veliajt n\u00eb SPAK t\u00eb distancohen nga \u2018kolegu\u2019 i tyre dhe te zbatojn\u00eb procedurat ligjore.<\/span><\/p>\n<p><span style=\"font-weight: 400; color: #000000;\">Veliaj q\u00eb nuk njeh asnj\u00eb limit n\u00eb vjedhje, edhe n\u00eb k\u00ebt\u00eb moment kur \u00ebsht\u00eb kapur gafil, dhe ndodhet para drejt\u00ebsis\u00eb, nuk i ndal grabitjet.<\/span><\/p>\n<p><span style=\"font-weight: 400; color: #000000;\">Me sa duket ndjehet i sigurt se koleg\u00ebt nuk do ta trazojn\u00eb.<\/span><\/p>\n<p><span style=\"font-weight: 400; color: #000000;\">Ato garanci q\u00eb ia kan\u00eb dh\u00ebn\u00eb \u2018koleg\u00ebt\u2019 nuk ia japim ne dhe as populli opozitar i ngritur n\u00eb k\u00ebmb\u00eb kund\u00ebr vjedhjeve 5D.<\/span><\/p>\n<p><span style=\"font-weight: 400; color: #000000;\">Nuk ka koleg qe e shp\u00ebton at\u00eb dhe band\u00ebn e tij nga aksioni anti-vjedhje q\u00eb kan\u00eb nisur qytetaret dhe opozita.<\/span><\/p>\n<p><span style=\"font-weight: 400; color: #000000;\">T\u00eb mart\u00ebn ora 11:00, s\u00ebrish para Bashkis\u00eb, s\u00ebrish t\u00eb bashkuar dhe t\u00eb vendosur p\u00ebrball\u00eb s\u00eb keqes dhe bandave t\u00eb saj q\u00eb kan\u00eb pushtuar sht\u00ebpin\u00eb e par\u00eb t\u00eb Tiran\u00ebs.<\/span><\/p>\n<p><img decoding=\"async\" class=\"aligncenter\" src=\"https:\/\/pdsh.al\/wp-content\/uploads\/2024\/05\/ac61f4b6-a680-471a-b227-eecaf2ab32a6.jpg\" \/><\/p>\n","protected":false,"gt_translate_keys":[{"key":"rendered","format":"html"}]},"excerpt":{"rendered":"<p>Koordinatori rajonal e Tiran\u00ebs, Klevis Balliu n\u00eb nj\u00eb dalje p\u00ebr mediat deklaroi se po abuzohet me platform\u00ebn Eco-Tirana. Ai l\u00ebshoi akuza n\u00eb drejtim t\u00eb Bashkis\u00eb s\u00eb Tiran\u00ebs, nd\u00ebrsa theksoi se p\u00ebr karburant jan\u00eb harxhuar 2.4 milion\u00eb euro vet\u00ebm naft\u00eb. DEKLARATA E KORDINATORIT RAJONAL T\u00cb TIRAN\u00cbS, KLEVIS BALLIU: Pasi p\u00ebrlau inceneratorin e Tiran\u00ebs, pasi krijoi bashk\u00eb [&hellip;]<\/p>\n","protected":false,"gt_translate_keys":[{"key":"rendered","format":"html"}]},"author":4,"featured_media":673741,"comment_status":"closed","ping_status":"open","sticky":false,"template":"","format":"standard","meta":{"footnotes":""},"categories":[65],"tags":[],"class_list":["post-673739","post","type-post","status-publish","format-standard","has-post-thumbnail","hentry","category-lajme"],"gt_translate_keys":[{"key":"link","format":"url"}],"_links":{"self":[{"href":"https:\/\/www.hashtag.al\/index.php\/wp-json\/wp\/v2\/posts\/673739","targetHints":{"allow":["GET"]}}],"collection":[{"href":"https:\/\/www.hashtag.al\/index.php\/wp-json\/wp\/v2\/posts"}],"about":[{"href":"https:\/\/www.hashtag.al\/index.php\/wp-json\/wp\/v2\/types\/post"}],"author":[{"embeddable":true,"href":"https:\/\/www.hashtag.al\/index.php\/wp-json\/wp\/v2\/users\/4"}],"replies":[{"embeddable":true,"href":"https:\/\/www.hashtag.al\/index.php\/wp-json\/wp\/v2\/comments?post=673739"}],"version-history":[{"count":0,"href":"https:\/\/www.hashtag.al\/index.php\/wp-json\/wp\/v2\/posts\/673739\/revisions"}],"wp:featuredmedia":[{"embeddable":true,"href":"https:\/\/www.hashtag.al\/index.php\/wp-json\/wp\/v2\/media\/673741"}],"wp:attachment":[{"href":"https:\/\/www.hashtag.al\/index.php\/wp-json\/wp\/v2\/media?parent=673739"}],"wp:term":[{"taxonomy":"category","embeddable":true,"href":"https:\/\/www.hashtag.al\/index.php\/wp-json\/wp\/v2\/categories?post=673739"},{"taxonomy":"post_tag","embeddable":true,"href":"https:\/\/www.hashtag.al\/index.php\/wp-json\/wp\/v2\/tags?post=673739"}],"curies":[{"name":"wp","href":"https:\/\/api.w.org\/{rel}","templated":true}]}}