{"id":673660,"date":"2024-05-09T10:44:54","date_gmt":"2024-05-09T08:44:54","guid":{"rendered":"https:\/\/www.hashtag.al\/?p=673660"},"modified":"2024-05-09T10:46:09","modified_gmt":"2024-05-09T08:46:09","slug":"citoi-statistikat-e-qeverise-per-emigrantet-politikania-e-ekstremit-te-djathte-ne-gjermani-denohet-per-nxitje-te-urrejtjes","status":"publish","type":"post","link":"https:\/\/www.hashtag.al\/index.php\/2024\/05\/09\/citoi-statistikat-e-qeverise-per-emigrantet-politikania-e-ekstremit-te-djathte-ne-gjermani-denohet-per-nxitje-te-urrejtjes\/","title":{"rendered":"Citoi statistikat e qeveris\u00eb, politikania e ekstremit t\u00eb djatht\u00eb n\u00eb Gjermani d\u00ebnohet p\u00ebr nxitje t\u00eb urrejtjes","gt_translate_keys":[{"key":"rendered","format":"text"}]},"content":{"rendered":"<p><img loading=\"lazy\" decoding=\"async\" class=\"aligncenter size-full wp-image-673661\" src=\"https:\/\/www.hashtag.al\/wp-content\/uploads\/2024\/05\/marie-ezgif.com-webp-to-jpg-converter.jpg\" alt=\"\" width=\"1800\" height=\"1013\" srcset=\"https:\/\/www.hashtag.al\/wp-content\/uploads\/2024\/05\/marie-ezgif.com-webp-to-jpg-converter.jpg 1800w, https:\/\/www.hashtag.al\/wp-content\/uploads\/2024\/05\/marie-ezgif.com-webp-to-jpg-converter-300x169.jpg 300w, https:\/\/www.hashtag.al\/wp-content\/uploads\/2024\/05\/marie-ezgif.com-webp-to-jpg-converter-1024x576.jpg 1024w, https:\/\/www.hashtag.al\/wp-content\/uploads\/2024\/05\/marie-ezgif.com-webp-to-jpg-converter-768x432.jpg 768w, https:\/\/www.hashtag.al\/wp-content\/uploads\/2024\/05\/marie-ezgif.com-webp-to-jpg-converter-1536x864.jpg 1536w\" sizes=\"auto, (max-width: 1800px) 100vw, 1800px\" \/><\/p>\n<p><span style=\"color: #000000;\">Nj\u00eb gjykat\u00eb n\u00eb Saksonin\u00eb e Ul\u00ebt ka d\u00ebnuar politikanen e Alternativ\u00ebs p\u00ebr Gjermanin\u00eb (AfD) Marie-Therese Kaiser p\u00ebr nxitje t\u00eb urrejtjes duke ndar\u00eb t\u00eb dh\u00ebnat e qeveris\u00eb q\u00eb tregojn\u00eb se afgan\u00ebt kan\u00eb n\u00eb m\u00ebnyr\u00eb disproporcionale m\u00eb shum\u00eb gjasa t\u00eb kryejn\u00eb p\u00ebrdhunime n\u00eb grup.<\/span><\/p>\n<p><span style=\"color: #000000;\">Kaiser, e cila drejton deg\u00ebn e partis\u00eb s\u00eb krahut t\u00eb djatht\u00eb n\u00eb Rotenburg, b\u00ebri nj\u00eb postim n\u00eb Facebook n\u00eb vitin 2021 duke kritikuar kryebashkiakun e Hamburgut p\u00ebr ofrimin e azilit p\u00ebr 200 afgan\u00eb q\u00eb kishin punuar me trupat gjermane n\u00eb Afganistan. <\/span><\/p>\n<p><span style=\"color: #000000;\">Kaiser i p\u00ebrshkroi afgan\u00ebt si &#8220;masa t\u00eb huaja kulturore&#8221; dhe e\u00a0 lidhi me nj\u00eb shkrim q\u00eb p\u00ebrmban statistika t\u00eb qeveris\u00eb q\u00eb tregon se afgan\u00ebt n\u00eb Gjermani kan\u00eb 70 her\u00eb m\u00eb shum\u00eb gjasa t\u00eb kryejn\u00eb p\u00ebrdhunime n\u00eb grup sesa gjerman\u00ebt vendas.<\/span><\/p>\n<p><span style=\"color: #000000;\">Nj\u00eb gjykat\u00eb rajonale n\u00eb qytetin e Verden vendosi t\u00eb h\u00ebn\u00ebn se postimi shkelte &#8220;dinjitetin njer\u00ebzor&#8221; t\u00eb pun\u00ebtor\u00ebve afgan\u00eb dhe p\u00ebrb\u00ebnte &#8220;nj\u00eb &#8220;nxitje urrejtjeje&#8221; kund\u00ebr tyre. Vendimi la n\u00eb fuqi nj\u00eb vendim t\u00eb m\u00ebparsh\u00ebm nga nj\u00eb gjykat\u00eb n\u00eb Rotenberg vitin e kaluar.<\/span><\/p>\n<p><span style=\"color: #000000;\">Kaiser-it i jan\u00eb vendosur 100 gjoba ditore prej 60 eurosh, n\u00eb vler\u00eb prej 6,000 euros dhe do ket\u00eb precedent\u00eb penal\u00eb.<\/span><\/p>\n<p><span style=\"color: #000000;\"><em>\u201cEm\u00ebrtimi i numrave, datave dhe fakteve duhet t\u00eb shpallet vep\u00ebr penale, vet\u00ebm sepse institucioni nuk d\u00ebshiron t\u00eb p\u00ebrballet me realitetin\u201d<\/em>, tha Kaiser p\u00ebrpara gjyqit.<\/span><\/p>\n<p><span style=\"color: #000000;\"><em>\u201cNuk kam p\u00ebr t\u00eb heshtur.\u201d<\/em><\/span><\/p>\n<p><span style=\"color: #000000;\">Avokat\u00ebt e Kaiser p\u00ebrmend\u00ebn t\u00eb drejt\u00ebn e saj p\u00ebr fjal\u00ebn e lir\u00eb, por ky argument u hodh posht\u00eb nga gjyqtari Heiko Halbfas, i cili deklaroi se &#8220;kushdo q\u00eb sulmon dinjitetin njer\u00ebzor nuk mund t\u00eb justifikohet me lirin\u00eb e shprehjes&#8221;.<\/span><\/p>\n<p><span style=\"color: #000000;\">Vendimi t\u00ebrhoqi v\u00ebmendjen nd\u00ebrkomb\u00ebtare, me kreun e Tesla-s dhe pronarin e X, Elon Musk, q\u00eb shprehu \u00e7udin\u00eb se dikush mund t\u00eb ndiqet penalisht &#8220;p\u00ebr p\u00ebrs\u00ebritjen e statistikave t\u00eb sakta t\u00eb qeveris\u00eb&#8221;.<\/span><\/p>\n<p><span style=\"color: #000000;\">N\u00eb nj\u00eb postim n\u00eb X t\u00eb mart\u00ebn, Kaiser e p\u00ebrshkroi vendimin si nj\u00eb &#8220;shkelje t\u00eb drejt\u00ebsis\u00eb&#8221;.<\/span><\/p>\n<p><span style=\"color: #000000;\"><em>\u201cEmigrimi i pakontrolluar \u00ebsht\u00eb i rreziksh\u00ebm\u201d<\/em>, tha ajo, duke shtuar: <em>\u201cDuhet t\u00eb flasim hapur p\u00ebr rreziqet\u201d.<\/em><\/span><\/p>\n<p><span style=\"color: #000000;\">Gjermania \u00ebsht\u00eb sht\u00ebpia e rreth 400,000 shtetasve afgan\u00eb, nga nj\u00eb popullsi e lindur jasht\u00eb vendit prej rreth 14 milion\u00eb banor\u00ebsh. Fluksi i azilk\u00ebrkuesve q\u00eb pasoi vendimin e ish-kancelares Angela Merkel p\u00ebr t\u00eb hapur kufijt\u00eb e vendit n\u00eb kulmin e kriz\u00ebs s\u00eb refugjat\u00ebve t\u00eb vitit 2015 shkaktoi nj\u00eb rritje drastike t\u00eb krimeve t\u00eb dhunshme, shumica e t\u00eb cilave u kryen nga emigrant\u00ebt.<\/span><\/p>\n<p><span style=\"color: #000000;\">Sipas statistikave t\u00eb p\u00ebrpiluara nga Zyra Federale e Krimeve t\u00eb Gjermanis\u00eb, nivelet e krimit t\u00eb dhunsh\u00ebm arrit\u00ebn nj\u00eb rekord t\u00eb lart\u00eb vitin e kaluar, me t\u00eb huajt p\u00ebrgjegj\u00ebs p\u00ebr 41.2% t\u00eb rasteve q\u00eb p\u00ebrfshijn\u00eb l\u00ebndime t\u00eb r\u00ebnda trupore, pavar\u00ebsisht se p\u00ebrb\u00ebjn\u00eb m\u00eb pak se 15% t\u00eb popullsis\u00eb. <\/span><\/p>\n<p><span style=\"color: #000000;\">N\u00eb p\u00ebrgjith\u00ebsi, t\u00eb huajt kishin kat\u00ebr her\u00eb m\u00eb shum\u00eb gjasa t\u00eb kryenin t\u00eb gjitha llojet e krimeve sesa gjerman\u00ebt vendas. Mes rritjes s\u00eb krimit, AfD \u00ebsht\u00eb rritur n\u00eb popullaritet dhe tashm\u00eb \u00ebsht\u00eb partia e dyt\u00eb m\u00eb e madhe politike n\u00eb vend. <\/span><\/p>\n<p><span style=\"color: #000000;\">Megjithat\u00eb, partit\u00eb kryesore t\u00eb Gjermanis\u00eb kan\u00eb p\u00ebrjashtuar n\u00eb m\u00ebnyr\u00eb t\u00eb p\u00ebrs\u00ebritur hyrjen n\u00eb koalicion me AfD dhe nj\u00eb grup mbik\u00ebqyr\u00ebs i financuar nga qeveria ka b\u00ebr\u00eb thirrje q\u00eb partia t\u00eb ndalohet p\u00ebr pozicionet e saj &#8220;raciste dhe nacionaliste&#8221;.<\/span><\/p>\n","protected":false,"gt_translate_keys":[{"key":"rendered","format":"html"}]},"excerpt":{"rendered":"<p>Nj\u00eb gjykat\u00eb n\u00eb Saksonin\u00eb e Ul\u00ebt ka d\u00ebnuar politikanen e Alternativ\u00ebs p\u00ebr Gjermanin\u00eb (AfD) Marie-Therese Kaiser p\u00ebr nxitje t\u00eb urrejtjes duke ndar\u00eb t\u00eb dh\u00ebnat e qeveris\u00eb q\u00eb tregojn\u00eb se afgan\u00ebt kan\u00eb n\u00eb m\u00ebnyr\u00eb disproporcionale m\u00eb shum\u00eb gjasa t\u00eb kryejn\u00eb p\u00ebrdhunime n\u00eb grup. Kaiser, e cila drejton deg\u00ebn e partis\u00eb s\u00eb krahut t\u00eb djatht\u00eb n\u00eb Rotenburg, [&hellip;]<\/p>\n","protected":false,"gt_translate_keys":[{"key":"rendered","format":"html"}]},"author":51,"featured_media":673661,"comment_status":"closed","ping_status":"open","sticky":false,"template":"","format":"standard","meta":{"footnotes":""},"categories":[53],"tags":[],"class_list":["post-673660","post","type-post","status-publish","format-standard","has-post-thumbnail","hentry","category-fast-foodi"],"gt_translate_keys":[{"key":"link","format":"url"}],"_links":{"self":[{"href":"https:\/\/www.hashtag.al\/index.php\/wp-json\/wp\/v2\/posts\/673660","targetHints":{"allow":["GET"]}}],"collection":[{"href":"https:\/\/www.hashtag.al\/index.php\/wp-json\/wp\/v2\/posts"}],"about":[{"href":"https:\/\/www.hashtag.al\/index.php\/wp-json\/wp\/v2\/types\/post"}],"author":[{"embeddable":true,"href":"https:\/\/www.hashtag.al\/index.php\/wp-json\/wp\/v2\/users\/51"}],"replies":[{"embeddable":true,"href":"https:\/\/www.hashtag.al\/index.php\/wp-json\/wp\/v2\/comments?post=673660"}],"version-history":[{"count":0,"href":"https:\/\/www.hashtag.al\/index.php\/wp-json\/wp\/v2\/posts\/673660\/revisions"}],"wp:featuredmedia":[{"embeddable":true,"href":"https:\/\/www.hashtag.al\/index.php\/wp-json\/wp\/v2\/media\/673661"}],"wp:attachment":[{"href":"https:\/\/www.hashtag.al\/index.php\/wp-json\/wp\/v2\/media?parent=673660"}],"wp:term":[{"taxonomy":"category","embeddable":true,"href":"https:\/\/www.hashtag.al\/index.php\/wp-json\/wp\/v2\/categories?post=673660"},{"taxonomy":"post_tag","embeddable":true,"href":"https:\/\/www.hashtag.al\/index.php\/wp-json\/wp\/v2\/tags?post=673660"}],"curies":[{"name":"wp","href":"https:\/\/api.w.org\/{rel}","templated":true}]}}