{"id":673567,"date":"2024-05-08T19:13:25","date_gmt":"2024-05-08T17:13:25","guid":{"rendered":"https:\/\/www.hashtag.al\/?p=673567"},"modified":"2024-05-08T19:13:25","modified_gmt":"2024-05-08T17:13:25","slug":"rithemelimi-sdo-marre-pjese-ne-komisionin-e-dezinformimit-bardhi-iu-urojme-suksese","status":"publish","type":"post","link":"https:\/\/www.hashtag.al\/index.php\/2024\/05\/08\/rithemelimi-sdo-marre-pjese-ne-komisionin-e-dezinformimit-bardhi-iu-urojme-suksese\/","title":{"rendered":"Rithemelimi s\u2019do marr\u00eb pjes\u00eb n\u00eb Komisionin e Dezinformimit, Bardhi: Iu urojm\u00eb suksese","gt_translate_keys":[{"key":"rendered","format":"text"}]},"content":{"rendered":"<p style=\"text-align: left;\"><span style=\"color: #000000;\"><img loading=\"lazy\" decoding=\"async\" class=\"size-full wp-image-673569 aligncenter\" src=\"https:\/\/www.hashtag.al\/wp-content\/uploads\/2024\/05\/1715186788_WhatsAppImage20240508at15.34.523.jpeg\" alt=\"\" width=\"780\" height=\"440\" srcset=\"https:\/\/www.hashtag.al\/wp-content\/uploads\/2024\/05\/1715186788_WhatsAppImage20240508at15.34.523.jpeg 780w, https:\/\/www.hashtag.al\/wp-content\/uploads\/2024\/05\/1715186788_WhatsAppImage20240508at15.34.523-300x169.jpeg 300w, https:\/\/www.hashtag.al\/wp-content\/uploads\/2024\/05\/1715186788_WhatsAppImage20240508at15.34.523-768x433.jpeg 768w\" sizes=\"auto, (max-width: 780px) 100vw, 780px\" \/><\/span><\/p>\n<p style=\"text-align: left;\"><span style=\"color: #000000;\">Grupi i Rithemelimit nuk do t\u00eb marr\u00eb pjes\u00eb n\u00eb Komisionin e Dezinformimit. Q\u00ebndrimi \u00ebsht\u00eb b\u00ebr\u00eb publik nga Gazment Bardhi, i cili n\u00eb konferenc\u00eb me gazetar\u00ebt tha se Shqip\u00ebria ka probleme m\u00eb t\u00eb m\u00ebdha q\u00eb duhet t\u00eb jen\u00eb edhe prioritet p\u00ebr deputet\u00ebt. Bardhi tha se \u201ci urojn\u00eb suksese komisionit t\u00eb dezinformimit\u201d.<\/span><\/p>\n<p style=\"text-align: left;\"><span style=\"color: #000000;\"><em>\u201cI urojm\u00eb shum\u00eb suksese komisionit t\u00eb dezinformimit, un\u00eb gjykoj q\u00eb Shqip\u00ebria ka probleme shum\u00eb m\u00eb t\u00eb thella q\u00eb parlamenti duhet t\u00eb merret, q\u00eb duhet t\u00eb p\u00ebrb\u00ebjn\u00eb prioritet t\u00eb deputet\u00ebve, k\u00ebshtu q\u00eb i urojm\u00eb shum\u00eb suksese, un\u00eb e kuptoj q\u00eb Rama do t\u00eb em\u00ebroj\u00eb deputet\u00eb t\u00eb caktuar t\u00eb grupit t\u00eb tij parlamentar, i urojm\u00eb suksese n\u00eb pun\u00ebn e tyre\u201d, u shpreh Bardhi.<\/em><\/span><\/p>\n<p style=\"text-align: left;\"><span style=\"color: #000000;\">Sa i takon p\u00ebrb\u00ebrjes s\u00eb komisionit, 6 an\u00ebtar\u00eb jan\u00eb t\u00eb mazhoranc\u00ebs, nd\u00ebrsa kjo e fundit drejtimin ia ka besuar Erion Bra\u00e7es. 5 an\u00ebtar\u00eb jan\u00eb t\u00eb opozit\u00ebs, ku Bardhi sot lajm\u00ebroi q\u00eb s\u2019do t\u00eb jen\u00eb pjes\u00eb, nd\u00ebrsa m\u00eb her\u00ebt p\u00ebr Report Tv kan\u00eb konfirmuar pjes\u00ebmarrjen Mesila Doda nga Grupi p\u00ebr Demokraci dhe Integrim, dhe Fatmir Mediu i \u201cAleanc\u00ebs p\u00ebr ndryshim\u201d.<\/span><\/p>\n<p style=\"text-align: left;\"><span style=\"color: #000000;\">Ngritja e Komisionit t\u00eb Dezinformimit erdhi si propozim i socialist\u00ebve me firmat e 7 deputet\u00ebve, k\u00ebrkes\u00eb q\u00eb sipas tyre ndjek t\u00eb nj\u00ebjt\u00ebn linj\u00eb me vendet per\u00ebndimore dhe parlamentin evropian n\u00eb luft\u00ebn kund\u00ebr dezinformimin dhe nd\u00ebrhyrjen nga vendet e huaja. Propozimi i mazhoranc\u00ebs u pa me skepticiz\u00ebm nga opozita, t\u00eb cil\u00ebt ndon\u00ebse n\u00eb parim ishin dakord, e cil\u00ebsuan si nj\u00eb nism\u00eb me munges\u00eb transparence nga ana e socialist\u00ebve. Koh\u00ebn Rithemelimi e k\u00ebrkoi q\u00eb t\u00eb hiqej \u00e7do dilem\u00eb n\u00ebse komisioni do t\u00eb kishte hap\u00ebsira p\u00ebr nd\u00ebrhyrje apo jo n\u00eb lirin\u00eb e medias.<\/span><\/p>\n<p style=\"text-align: left;\"><span style=\"color: #000000;\">Komisioni i Posa\u00e7\u00ebm p\u00ebr Dezinformim do t\u00eb ket\u00eb nj\u00eb afat 1-vje\u00e7ar me fokus koordinimin dhe mbik\u00ebqyrjen e t\u00eb gjitha p\u00ebrpjekjeve institucionale p\u00ebr t\u00eb luftuar dezinformimin dhe format e tjera t\u00eb nd\u00ebrhyrjes s\u00eb huaj n\u00eb proceset demokratike n\u00eb Shqip\u00ebri.<\/span><\/p>\n<p style=\"text-align: left;\"><span style=\"color: #000000;\"><strong>An\u00ebtar\u00ebt e propozuar nga PS<\/strong><\/span><\/p>\n<p style=\"text-align: left;\"><span style=\"color: #000000;\">Erion Bra\u00e7e (kryetar komisioni)<\/span><\/p>\n<p style=\"text-align: left;\"><span style=\"color: #000000;\">Bledi \u00c7u\u00e7i<\/span><\/p>\n<p style=\"text-align: left;\"><span style=\"color: #000000;\">Mimi Kodheli<\/span><\/p>\n<p style=\"text-align: left;\"><span style=\"color: #000000;\">Pandeli Majko<\/span><\/p>\n<p style=\"text-align: left;\"><span style=\"color: #000000;\">Enslemvera Zake<\/span><\/p>\n<p style=\"text-align: left;\"><span style=\"color: #000000;\">Etilda Gjonaj<\/span><\/p>\n","protected":false,"gt_translate_keys":[{"key":"rendered","format":"html"}]},"excerpt":{"rendered":"<p>Grupi i Rithemelimit nuk do t\u00eb marr\u00eb pjes\u00eb n\u00eb Komisionin e Dezinformimit. Q\u00ebndrimi \u00ebsht\u00eb b\u00ebr\u00eb publik nga Gazment Bardhi, i cili n\u00eb konferenc\u00eb me gazetar\u00ebt tha se Shqip\u00ebria ka probleme m\u00eb t\u00eb m\u00ebdha q\u00eb duhet t\u00eb jen\u00eb edhe prioritet p\u00ebr deputet\u00ebt. Bardhi tha se \u201ci urojn\u00eb suksese komisionit t\u00eb dezinformimit\u201d. \u201cI urojm\u00eb shum\u00eb suksese komisionit [&hellip;]<\/p>\n","protected":false,"gt_translate_keys":[{"key":"rendered","format":"html"}]},"author":4,"featured_media":673569,"comment_status":"closed","ping_status":"open","sticky":false,"template":"","format":"standard","meta":{"footnotes":""},"categories":[65],"tags":[],"class_list":["post-673567","post","type-post","status-publish","format-standard","has-post-thumbnail","hentry","category-lajme"],"gt_translate_keys":[{"key":"link","format":"url"}],"_links":{"self":[{"href":"https:\/\/www.hashtag.al\/index.php\/wp-json\/wp\/v2\/posts\/673567","targetHints":{"allow":["GET"]}}],"collection":[{"href":"https:\/\/www.hashtag.al\/index.php\/wp-json\/wp\/v2\/posts"}],"about":[{"href":"https:\/\/www.hashtag.al\/index.php\/wp-json\/wp\/v2\/types\/post"}],"author":[{"embeddable":true,"href":"https:\/\/www.hashtag.al\/index.php\/wp-json\/wp\/v2\/users\/4"}],"replies":[{"embeddable":true,"href":"https:\/\/www.hashtag.al\/index.php\/wp-json\/wp\/v2\/comments?post=673567"}],"version-history":[{"count":0,"href":"https:\/\/www.hashtag.al\/index.php\/wp-json\/wp\/v2\/posts\/673567\/revisions"}],"wp:featuredmedia":[{"embeddable":true,"href":"https:\/\/www.hashtag.al\/index.php\/wp-json\/wp\/v2\/media\/673569"}],"wp:attachment":[{"href":"https:\/\/www.hashtag.al\/index.php\/wp-json\/wp\/v2\/media?parent=673567"}],"wp:term":[{"taxonomy":"category","embeddable":true,"href":"https:\/\/www.hashtag.al\/index.php\/wp-json\/wp\/v2\/categories?post=673567"},{"taxonomy":"post_tag","embeddable":true,"href":"https:\/\/www.hashtag.al\/index.php\/wp-json\/wp\/v2\/tags?post=673567"}],"curies":[{"name":"wp","href":"https:\/\/api.w.org\/{rel}","templated":true}]}}