{"id":673442,"date":"2024-05-08T10:08:14","date_gmt":"2024-05-08T08:08:14","guid":{"rendered":"https:\/\/www.hashtag.al\/?p=673442"},"modified":"2024-05-08T10:08:14","modified_gmt":"2024-05-08T08:08:14","slug":"ministrja-e-jashtme-e-kosoves-rusia-po-kryen-sulm-hibrid-kunder-nesh","status":"publish","type":"post","link":"https:\/\/www.hashtag.al\/index.php\/2024\/05\/08\/ministrja-e-jashtme-e-kosoves-rusia-po-kryen-sulm-hibrid-kunder-nesh\/","title":{"rendered":"Ministrja e Jashtme e Kosov\u00ebs: Rusia po kryen sulm hibrid kund\u00ebr nesh","gt_translate_keys":[{"key":"rendered","format":"text"}]},"content":{"rendered":"<p><span style=\"font-weight: 400; color: #000000;\"><img loading=\"lazy\" decoding=\"async\" class=\"size-full wp-image-673445 aligncenter\" src=\"https:\/\/www.hashtag.al\/wp-content\/uploads\/2024\/05\/Capture-83.jpg\" alt=\"\" width=\"1007\" height=\"469\" srcset=\"https:\/\/www.hashtag.al\/wp-content\/uploads\/2024\/05\/Capture-83.jpg 1007w, https:\/\/www.hashtag.al\/wp-content\/uploads\/2024\/05\/Capture-83-300x140.jpg 300w, https:\/\/www.hashtag.al\/wp-content\/uploads\/2024\/05\/Capture-83-768x358.jpg 768w\" sizes=\"auto, (max-width: 1007px) 100vw, 1007px\" \/>Zyrtar\u00eb t\u00eb qeveris\u00eb s\u00eb Kosov\u00ebs than\u00eb, se hakerat rus\u00eb kan\u00eb sulmuar faqet e institucioneve qendrore t\u00eb Kosov\u00ebs, t\u00eb cilat gjat\u00eb dit\u00ebs s\u00eb mart\u00eb nuk kan\u00eb qen\u00eb n\u00eb funksion. Objektiv i sulmeve ishte faqja zyrtare e Presidenc\u00ebs s\u00eb Kosov\u00ebs dhe Kryeministris\u00eb, t\u00eb cilat m\u00eb pas jan\u00eb rikthyer n\u00eb funksion. Ministrja e Jashtme e Kosov\u00ebs, Donika G\u00ebrvalla-Schwarz, shkroi n\u00eb platform\u00ebn X, se\u00a0 &#8220;Rusia \u00ebsht\u00eb duke kryer sulm kibernetik kund\u00ebr Kosov\u00ebs pas njoftimit ton\u00eb p\u00ebr ta mb\u00ebshtetur Ukrain\u00ebn me pajisje ushtarake&#8221;.<\/span><\/p>\n<p><span style=\"color: #000000;\"><i><span style=\"font-weight: 400;\">&#8220;Ukraina po mbrohet arsyesh\u00ebm kund\u00ebr agresionit dhe gjenocidit rus dhe se ne e dim\u00eb prej gjenocidit t\u00eb Serbis\u00eb kund\u00ebr Kosov\u00ebs se vet\u00ebm mjetet ushtarake e ndalin gjenocidin\u201d<\/span><\/i><span style=\"font-weight: 400;\">, shkroi G\u00ebrvalla, duke mos dh\u00ebn\u00eb m\u00eb shum\u00eb holl\u00ebsi rreth sulmit kibernetik t\u00eb hakerave rus\u00eb.<\/span><\/span><\/p>\n<p><span style=\"color: #000000;\"><b>Maqedonci: Sulmi i hakerave si hakmarrje<\/b><\/span><\/p>\n<p><span style=\"font-weight: 400; color: #000000;\">Edhe ministri i Mbrojtjes s\u00eb Kosov\u00ebs Ejup Maqedonci, tha p\u00ebr mediumin publik se &#8220;sulmi kibernetik rus ndodhi pas deklaratave, se &#8220;Kosova \u00ebsht\u00eb e gatshme t&#8217;i ofroj\u00eb ndihm\u00eb ushtarake Ukrain\u00ebs\u201d. &#8220;Ky grup i hakerave rus\u00eb ka zhvilluar sulm kibernetik kund\u00ebr Kosov\u00ebs si hakmarrje ndaj deklarat\u00ebs time n\u00eb mb\u00ebshtetje t\u00eb Ukrain\u00ebs\u201d, tha Maqedonci pas nj\u00eb konference t\u00eb mbrojtjes, &#8220;Defense 24&#8221;, q\u00eb zhvilloi punimet n\u00eb Poloni.<\/span><\/p>\n<p><span style=\"font-weight: 400; color: #000000;\">N\u00eb reagimin e hakerave rus\u00eb q\u00eb u shfaq n\u00eb faqet e institucioneve t\u00eb Kosov\u00ebs p\u00ebrmendet pik\u00ebrisht fjalimi i ministrit Ejup Maqedonci n\u00eb mb\u00ebshtetje t\u00eb Ukrain\u00ebs. &#8220;Kosova \u00ebsht\u00eb e gatshme t&#8217;i bashkoj\u00eb p\u00ebrpjekjet kolektive p\u00ebr t\u00eb mb\u00ebshtetur mbrojtjen e Ukrain\u00ebs. Ata duhet t\u00eb mendojn\u00eb m\u00eb shum\u00eb p\u00ebr k\u00ebt\u00eb&#8230;\u201d, shkruhej n\u00eb rusisht nga hakerat duke p\u00ebrmendur deklarat\u00ebn e ministrit t\u00eb Mbrojtjes s\u00eb Kosov\u00ebs Ejup Maqedonci.<\/span><\/p>\n<p><span style=\"font-weight: 400; color: #000000;\">Sulmet e fundit kibernetike ndaj institucioneve t\u00eb Kosov\u00ebs ndodh\u00ebn n\u00eb shtator t\u00eb vitit t\u00eb 2022, t\u00eb cilat sipas qeveris\u00eb s\u00eb Kosov\u00ebs, origjin\u00ebn e kishin jasht\u00eb vendit, duke mos dh\u00ebn\u00eb holl\u00ebsi t\u00eb tjera. Kryeministri i Kosov\u00ebs, Albin Kurti p\u00ebr k\u00ebt\u00eb sulm kibernetik kishte th\u00ebn\u00eb se &#8220;aleat\u00ebt e Rusis\u00eb p\u00ebrmes dezinformimit dhe sjelljeve t\u00eb tjera dashakeqe n\u00eb fush\u00ebn kibernetike, po ndikojn\u00eb n\u00eb procesin e normalizimit t\u00eb raporteve mes Kosov\u00ebs dhe Serbis\u00eb\u201d.<\/span><\/p>\n<p><span style=\"color: #000000;\"><b>Arrestim i dy personave me pasaporta ruse<\/b><\/span><\/p>\n<p><span style=\"font-weight: 400; color: #000000;\">N\u00eb vitin 2022 menj\u00ebher\u00eb pasi Rusia e nisi pushtimin e plot\u00eb t\u00eb Ukrain\u00ebs, Kosova u rreshtua krah vendeve per\u00ebndimore n\u00eb p\u00ebrkrahje t\u00eb Ukrain\u00ebs, duke vendosur edhe disa sanksione kund\u00ebr Rusis\u00eb, e cila \u00ebsht\u00eb nj\u00ebra prej mb\u00ebshtet\u00ebseve kryesore t\u00eb Serbis\u00eb kund\u00ebr pavar\u00ebsis\u00eb s\u00eb Kosov\u00ebs. Policia e Kosov\u00ebs nd\u00ebrkaq, njoftoi se gjat\u00eb dit\u00ebs s\u00eb mart\u00eb af\u00ebr pik\u00ebs kufitare n\u00eb Jarinje n\u00eb veri t\u00eb Kosov\u00ebs arrestoi dy persona me pasaporta t\u00eb Rusis\u00eb q\u00eb nuk kishin viz\u00eb p\u00ebr t\u00eb hyr\u00eb n\u00eb Kosov\u00eb. Sipas policis\u00eb &#8220;ata dyshohet se kishin hyr\u00eb n\u00eb Kosov\u00eb p\u00ebrmes rrug\u00ebve ilegale\u201d. Prokuroria Themelore n\u00eb Mitrovic\u00eb njoftoi se p\u00ebr dy personat e ndaluar ka ngritur aktakuz\u00eb me k\u00ebrkes\u00ebn p\u00ebr &#8220;d\u00ebbim jasht\u00eb territorit t\u00eb Kosov\u00ebs, p\u00ebr shkak t\u00eb vepr\u00ebs penale, kalimi i paautorizuar i vendkalimeve kufitare ose i vij\u00ebs kufitare&#8221;.<\/span><\/p>\n<p><span style=\"color: #000000;\"><span style=\"font-weight: 400;\"><span style=\"color: #ff0000;\">VINI RE:<\/span> Ky material \u00ebsht\u00eb pron\u00ebsi intelektuale e <\/span><span style=\"color: #0000ff;\"><a style=\"color: #0000ff;\" href=\"https:\/\/www.dw.com\/sq\/g%C3%ABrvalla-rusia-po-kryen-sulm-hibrid-kund%C3%ABr-kosov%C3%ABs\/a-69022707\"><span style=\"font-weight: 400;\">DW<\/span><\/a><\/span><\/span><\/p>\n","protected":false,"gt_translate_keys":[{"key":"rendered","format":"html"}]},"excerpt":{"rendered":"<p>Zyrtar\u00eb t\u00eb qeveris\u00eb s\u00eb Kosov\u00ebs than\u00eb, se hakerat rus\u00eb kan\u00eb sulmuar faqet e institucioneve qendrore t\u00eb Kosov\u00ebs, t\u00eb cilat gjat\u00eb dit\u00ebs s\u00eb mart\u00eb nuk kan\u00eb qen\u00eb n\u00eb funksion. Objektiv i sulmeve ishte faqja zyrtare e Presidenc\u00ebs s\u00eb Kosov\u00ebs dhe Kryeministris\u00eb, t\u00eb cilat m\u00eb pas jan\u00eb rikthyer n\u00eb funksion. Ministrja e Jashtme e Kosov\u00ebs, Donika G\u00ebrvalla-Schwarz, [&hellip;]<\/p>\n","protected":false,"gt_translate_keys":[{"key":"rendered","format":"html"}]},"author":4,"featured_media":673445,"comment_status":"closed","ping_status":"open","sticky":false,"template":"","format":"standard","meta":{"footnotes":""},"categories":[149],"tags":[],"class_list":["post-673442","post","type-post","status-publish","format-standard","has-post-thumbnail","hentry","category-kosoverajon"],"gt_translate_keys":[{"key":"link","format":"url"}],"_links":{"self":[{"href":"https:\/\/www.hashtag.al\/index.php\/wp-json\/wp\/v2\/posts\/673442","targetHints":{"allow":["GET"]}}],"collection":[{"href":"https:\/\/www.hashtag.al\/index.php\/wp-json\/wp\/v2\/posts"}],"about":[{"href":"https:\/\/www.hashtag.al\/index.php\/wp-json\/wp\/v2\/types\/post"}],"author":[{"embeddable":true,"href":"https:\/\/www.hashtag.al\/index.php\/wp-json\/wp\/v2\/users\/4"}],"replies":[{"embeddable":true,"href":"https:\/\/www.hashtag.al\/index.php\/wp-json\/wp\/v2\/comments?post=673442"}],"version-history":[{"count":0,"href":"https:\/\/www.hashtag.al\/index.php\/wp-json\/wp\/v2\/posts\/673442\/revisions"}],"wp:featuredmedia":[{"embeddable":true,"href":"https:\/\/www.hashtag.al\/index.php\/wp-json\/wp\/v2\/media\/673445"}],"wp:attachment":[{"href":"https:\/\/www.hashtag.al\/index.php\/wp-json\/wp\/v2\/media?parent=673442"}],"wp:term":[{"taxonomy":"category","embeddable":true,"href":"https:\/\/www.hashtag.al\/index.php\/wp-json\/wp\/v2\/categories?post=673442"},{"taxonomy":"post_tag","embeddable":true,"href":"https:\/\/www.hashtag.al\/index.php\/wp-json\/wp\/v2\/tags?post=673442"}],"curies":[{"name":"wp","href":"https:\/\/api.w.org\/{rel}","templated":true}]}}