{"id":673354,"date":"2024-05-07T19:20:34","date_gmt":"2024-05-07T17:20:34","guid":{"rendered":"https:\/\/www.hashtag.al\/?p=673354"},"modified":"2024-05-07T19:30:29","modified_gmt":"2024-05-07T17:30:29","slug":"brace-zgjedhjet-ne-ps-nuk-do-jene-si-ne-pl-ku-meta-u-shpall-president-pa-i-shpallur-votimet","status":"publish","type":"post","link":"https:\/\/www.hashtag.al\/index.php\/2024\/05\/07\/brace-zgjedhjet-ne-ps-nuk-do-jene-si-ne-pl-ku-meta-u-shpall-president-pa-i-shpallur-votimet\/","title":{"rendered":"Bra\u00e7e: Zgjedhjet n\u00eb PS nuk do jen\u00eb si n\u00eb PL ku Meta u shpall President pa i shpallur votimet","gt_translate_keys":[{"key":"rendered","format":"text"}]},"content":{"rendered":"<p><span style=\"color: #000000;\"><a style=\"color: #000000;\" href=\"https:\/\/www.hashtag.al\/wp-content\/uploads\/2024\/05\/Erion-Brace-1.png\"><img loading=\"lazy\" decoding=\"async\" class=\"aligncenter size-full wp-image-673356\" src=\"https:\/\/www.hashtag.al\/wp-content\/uploads\/2024\/05\/Erion-Brace-1.png\" alt=\"\" width=\"978\" height=\"478\" srcset=\"https:\/\/www.hashtag.al\/wp-content\/uploads\/2024\/05\/Erion-Brace-1.png 978w, https:\/\/www.hashtag.al\/wp-content\/uploads\/2024\/05\/Erion-Brace-1-300x147.png 300w, https:\/\/www.hashtag.al\/wp-content\/uploads\/2024\/05\/Erion-Brace-1-768x375.png 768w\" sizes=\"auto, (max-width: 978px) 100vw, 978px\" \/><\/a><\/span><\/p>\n<p><span style=\"color: #000000;\">Deputeti socialist Erion Bra\u00e7e duke folur p\u00ebr zgjedhet n\u00eb PS q\u00eb do t\u00eb mbahen k\u00ebt\u00eb t\u00eb premte dhe t\u00eb shtun\u00eb ironizoi zgjedhjet e mbajtura n\u00eb Partin\u00eb e Liris\u00eb.<\/span><\/p>\n<p><span style=\"color: #000000;\">Bra\u00e7e tha se Ilir Meta u vet\u00ebshpall president pa u shpallur ende zgjedhjet.<\/span><\/p>\n<p><span style=\"color: #000000;\"><em>&#8216;Zgjedhjet n\u00eb PS jan\u00eb k\u00ebt\u00eb premte dhe k\u00ebt\u00eb t\u00eb shtun\u00eb dhe jan\u00eb reale 1 an\u00ebtar, 1 vot\u00eb, jo si ajo partia kishe k\u00ebtu n\u00eb studio, q\u00eb u shpall\u00eb president dhe zgjedhjet nuk ishin shpallur akoma dhe nd\u00ebrkoh\u00eb q\u00eb ka shpallur zv.president&#8217;<\/em>, tha Bra\u00e7e.<\/span><\/p>\n<p><span style=\"color: #000000;\">Nga ana tjet\u00ebr Bra\u00e7e thot\u00eb se publikut nuk i intereson se k\u00eb l\u00ebshoi Rama apo k\u00eb mbron, por qytetar\u00ebve u intereson marrja e dokumentave n\u00eb koh\u00eb pa korrupsion.<\/span><\/p>\n<p><span style=\"color: #000000;\"><em>&#8216;Ky \u00ebsht\u00eb nj\u00eb muhabet q\u00eb nuk i inetersoin askujt pas kamerave, i intereson marrja shpejt e dokumentave, i intereson Kadastra. I intereson prokurimet publike, q\u00eb kthehen n\u00eb investime publike&#8217;, shtoi ai.<\/em><\/span><\/p>\n<p>&nbsp;<\/p>\n","protected":false,"gt_translate_keys":[{"key":"rendered","format":"html"}]},"excerpt":{"rendered":"<p>Deputeti socialist Erion Bra\u00e7e duke folur p\u00ebr zgjedhet n\u00eb PS q\u00eb do t\u00eb mbahen k\u00ebt\u00eb t\u00eb premte dhe t\u00eb shtun\u00eb ironizoi zgjedhjet e mbajtura n\u00eb Partin\u00eb e Liris\u00eb. Bra\u00e7e tha se Ilir Meta u vet\u00ebshpall president pa u shpallur ende zgjedhjet. &#8216;Zgjedhjet n\u00eb PS jan\u00eb k\u00ebt\u00eb premte dhe k\u00ebt\u00eb t\u00eb shtun\u00eb dhe jan\u00eb reale 1 [&hellip;]<\/p>\n","protected":false,"gt_translate_keys":[{"key":"rendered","format":"html"}]},"author":32,"featured_media":673355,"comment_status":"closed","ping_status":"open","sticky":false,"template":"","format":"standard","meta":{"footnotes":""},"categories":[65,13],"tags":[],"class_list":["post-673354","post","type-post","status-publish","format-standard","has-post-thumbnail","hentry","category-lajme","category-te-fundit"],"gt_translate_keys":[{"key":"link","format":"url"}],"_links":{"self":[{"href":"https:\/\/www.hashtag.al\/index.php\/wp-json\/wp\/v2\/posts\/673354","targetHints":{"allow":["GET"]}}],"collection":[{"href":"https:\/\/www.hashtag.al\/index.php\/wp-json\/wp\/v2\/posts"}],"about":[{"href":"https:\/\/www.hashtag.al\/index.php\/wp-json\/wp\/v2\/types\/post"}],"author":[{"embeddable":true,"href":"https:\/\/www.hashtag.al\/index.php\/wp-json\/wp\/v2\/users\/32"}],"replies":[{"embeddable":true,"href":"https:\/\/www.hashtag.al\/index.php\/wp-json\/wp\/v2\/comments?post=673354"}],"version-history":[{"count":0,"href":"https:\/\/www.hashtag.al\/index.php\/wp-json\/wp\/v2\/posts\/673354\/revisions"}],"wp:featuredmedia":[{"embeddable":true,"href":"https:\/\/www.hashtag.al\/index.php\/wp-json\/wp\/v2\/media\/673355"}],"wp:attachment":[{"href":"https:\/\/www.hashtag.al\/index.php\/wp-json\/wp\/v2\/media?parent=673354"}],"wp:term":[{"taxonomy":"category","embeddable":true,"href":"https:\/\/www.hashtag.al\/index.php\/wp-json\/wp\/v2\/categories?post=673354"},{"taxonomy":"post_tag","embeddable":true,"href":"https:\/\/www.hashtag.al\/index.php\/wp-json\/wp\/v2\/tags?post=673354"}],"curies":[{"name":"wp","href":"https:\/\/api.w.org\/{rel}","templated":true}]}}