{"id":673158,"date":"2024-05-07T10:21:54","date_gmt":"2024-05-07T08:21:54","guid":{"rendered":"https:\/\/www.hashtag.al\/?p=673158"},"modified":"2024-05-07T10:21:54","modified_gmt":"2024-05-07T08:21:54","slug":"rama-nis-mbledhjen-e-grupit-me-kritika-ndaj-opozites-po-helmohet-publiku-me-akuza-te-rreme-e-fabrikime-djallezore","status":"publish","type":"post","link":"https:\/\/www.hashtag.al\/index.php\/2024\/05\/07\/rama-nis-mbledhjen-e-grupit-me-kritika-ndaj-opozites-po-helmohet-publiku-me-akuza-te-rreme-e-fabrikime-djallezore\/","title":{"rendered":"Rama nis mbledhjen e grupit me kritika ndaj  opozit\u00ebs: Po helmohet publiku me akuza t\u00eb rreme e fabrikime djall\u00ebzore","gt_translate_keys":[{"key":"rendered","format":"text"}]},"content":{"rendered":"<p><img loading=\"lazy\" decoding=\"async\" class=\"size-full wp-image-673163 aligncenter\" src=\"https:\/\/www.hashtag.al\/wp-content\/uploads\/2024\/05\/EDI-rama-3-1-1.jpg\" alt=\"\" width=\"648\" height=\"483\" srcset=\"https:\/\/www.hashtag.al\/wp-content\/uploads\/2024\/05\/EDI-rama-3-1-1.jpg 648w, https:\/\/www.hashtag.al\/wp-content\/uploads\/2024\/05\/EDI-rama-3-1-1-300x224.jpg 300w\" sizes=\"auto, (max-width: 648px) 100vw, 648px\" \/><\/p>\n<p><span style=\"font-weight: 400; color: #000000;\">Ka nisur mbledhja e grupit parlamentar t\u00eb PS. Kryeministri Edi Rama ka deklaruar se po b\u00ebhet nj\u00eb p\u00ebrpjekje ekstreme p\u00ebr t\u00eb krijuar nj\u00eb hendek mes qeveris\u00eb dhe qytetar\u00ebve me akuza t\u00eb rreme e fabrikime djall\u00ebzore.<\/span><\/p>\n<p><span style=\"color: #000000;\"><i><span style=\"font-weight: 400;\">\u201cK\u00ebrkoj sot v\u00ebmendjen tuaj dhe p\u00ebrmes k\u00ebsaj mbledhje t\u00eb hapur t\u00eb p\u00ebrbashk\u00ebt t\u00eb grupit parlamentar dhe kabinetit qeveritar. D\u00ebshiroj edhe v\u00ebmendjen e atyre q\u00eb na kan\u00eb votuar qysh prej 2013 kur mor\u00ebm detyr\u00ebn t\u00eb Rilindim Shqip\u00ebrin\u00eb e rr\u00ebnuar nga duart e disave q\u00eb klithin dit\u00eb e nat\u00eb apo b\u00ebrtasin t\u00eb shfrenuar foltoreve dhe penxhereve t\u00eb televizor\u00ebve.\u00a0<\/span><\/i><\/span><\/p>\n<p><span style=\"color: #000000;\"><i><span style=\"font-weight: 400;\">B\u00ebhet nj\u00eb p\u00ebrpjekje ekstreme p\u00ebr t\u00eb helmuar publikun e p\u00ebr t\u00eb krijuar nj\u00eb hendek mes nesh e shumic\u00ebs s\u00eb shqiptar\u00ebve q\u00eb na kan\u00eb besuar e\u00a0 mb\u00ebshtetur pa kursim n\u00eb gjith\u00eb k\u00ebto vite. Sot nuk do ndalem te gjysm\u00eb t\u00eb v\u00ebrtetat q\u00eb jan\u00eb edhe g\u00ebnjeshtrat m\u00eb t\u00eb m\u00ebdha e as te akuzat e rreme dhe fabrikimet djall\u00ebzore.\u00a0<\/span><\/i><\/span><\/p>\n<p><span style=\"color: #000000;\"><i><span style=\"font-weight: 400;\">Sot do p\u00ebrqendrohem te t\u00eb v\u00ebrtetat, 10 vite pas marrje s\u00eb detyr\u00ebs. Qofshin t\u00eb v\u00ebrteta t\u00eb \u00ebmbla qoft\u00eb t\u00eb hidhura, p\u00ebr t\u00eb cilat nuk ka t\u00eb na vij\u00eb mir\u00eb por duhet ti shohim n\u00eb sy. Kur shqiptar\u00ebt na votuan masivisht p\u00ebr mandatin e par\u00eb Shqip\u00ebria ishte n\u00eb dit\u00ebt m\u00eb t\u00eb zeza q\u00eb nga 1997. Krimi kishte fituar qet\u00ebsi n\u00eb veprimtari n\u00eb nj\u00eb loj\u00eb sylla mbyllazi me rendin. Qytetar\u00ebt jepnin rryshfet edhe p\u00ebr t\u00eb marr\u00eb nj\u00eb certifikat\u00eb lindjeje\u201d<\/span><\/i><span style=\"font-weight: 400;\">, u shpreh Rama.<\/span><\/span><\/p>\n","protected":false,"gt_translate_keys":[{"key":"rendered","format":"html"}]},"excerpt":{"rendered":"<p>Ka nisur mbledhja e grupit parlamentar t\u00eb PS. Kryeministri Edi Rama ka deklaruar se po b\u00ebhet nj\u00eb p\u00ebrpjekje ekstreme p\u00ebr t\u00eb krijuar nj\u00eb hendek mes qeveris\u00eb dhe qytetar\u00ebve me akuza t\u00eb rreme e fabrikime djall\u00ebzore. \u201cK\u00ebrkoj sot v\u00ebmendjen tuaj dhe p\u00ebrmes k\u00ebsaj mbledhje t\u00eb hapur t\u00eb p\u00ebrbashk\u00ebt t\u00eb grupit parlamentar dhe kabinetit qeveritar. D\u00ebshiroj edhe [&hellip;]<\/p>\n","protected":false,"gt_translate_keys":[{"key":"rendered","format":"html"}]},"author":4,"featured_media":673163,"comment_status":"closed","ping_status":"open","sticky":false,"template":"","format":"standard","meta":{"footnotes":""},"categories":[65],"tags":[],"class_list":["post-673158","post","type-post","status-publish","format-standard","has-post-thumbnail","hentry","category-lajme"],"gt_translate_keys":[{"key":"link","format":"url"}],"_links":{"self":[{"href":"https:\/\/www.hashtag.al\/index.php\/wp-json\/wp\/v2\/posts\/673158","targetHints":{"allow":["GET"]}}],"collection":[{"href":"https:\/\/www.hashtag.al\/index.php\/wp-json\/wp\/v2\/posts"}],"about":[{"href":"https:\/\/www.hashtag.al\/index.php\/wp-json\/wp\/v2\/types\/post"}],"author":[{"embeddable":true,"href":"https:\/\/www.hashtag.al\/index.php\/wp-json\/wp\/v2\/users\/4"}],"replies":[{"embeddable":true,"href":"https:\/\/www.hashtag.al\/index.php\/wp-json\/wp\/v2\/comments?post=673158"}],"version-history":[{"count":0,"href":"https:\/\/www.hashtag.al\/index.php\/wp-json\/wp\/v2\/posts\/673158\/revisions"}],"wp:featuredmedia":[{"embeddable":true,"href":"https:\/\/www.hashtag.al\/index.php\/wp-json\/wp\/v2\/media\/673163"}],"wp:attachment":[{"href":"https:\/\/www.hashtag.al\/index.php\/wp-json\/wp\/v2\/media?parent=673158"}],"wp:term":[{"taxonomy":"category","embeddable":true,"href":"https:\/\/www.hashtag.al\/index.php\/wp-json\/wp\/v2\/categories?post=673158"},{"taxonomy":"post_tag","embeddable":true,"href":"https:\/\/www.hashtag.al\/index.php\/wp-json\/wp\/v2\/tags?post=673158"}],"curies":[{"name":"wp","href":"https:\/\/api.w.org\/{rel}","templated":true}]}}