{"id":672391,"date":"2024-05-03T22:43:15","date_gmt":"2024-05-03T20:43:15","guid":{"rendered":"https:\/\/www.hashtag.al\/?p=672391"},"modified":"2024-05-03T22:44:30","modified_gmt":"2024-05-03T20:44:30","slug":"shperthen-fabrika-ne-berlin-qe-prodhon-sistemin-e-mbrojtjes-ajrore-iris-t-per-ukrainen","status":"publish","type":"post","link":"https:\/\/www.hashtag.al\/index.php\/2024\/05\/03\/shperthen-fabrika-ne-berlin-qe-prodhon-sistemin-e-mbrojtjes-ajrore-iris-t-per-ukrainen\/","title":{"rendered":"Shp\u00ebrthen fabrika q\u00eb prodhon sistemin e mbrojtjes ajrore Iris-T p\u00ebr Ukrain\u00ebn n\u00eb Berlin","gt_translate_keys":[{"key":"rendered","format":"text"}]},"content":{"rendered":"<p style=\"text-align: left;\"><span style=\"color: #000000;\"><img loading=\"lazy\" decoding=\"async\" class=\"size-full wp-image-672393 aligncenter\" src=\"https:\/\/www.hashtag.al\/wp-content\/uploads\/2024\/05\/c32d2f5a76b7da6f3342b0f98e59253f671135c7af91902bdd07f1aee0e3ca11-600x338-1.webp\" alt=\"\" width=\"600\" height=\"338\" srcset=\"https:\/\/www.hashtag.al\/wp-content\/uploads\/2024\/05\/c32d2f5a76b7da6f3342b0f98e59253f671135c7af91902bdd07f1aee0e3ca11-600x338-1.webp 600w, https:\/\/www.hashtag.al\/wp-content\/uploads\/2024\/05\/c32d2f5a76b7da6f3342b0f98e59253f671135c7af91902bdd07f1aee0e3ca11-600x338-1-300x169.webp 300w\" sizes=\"auto, (max-width: 600px) 100vw, 600px\" \/><\/span><\/p>\n<p style=\"text-align: left;\"><span style=\"color: #000000;\">Nj\u00eb zjarr i fuqish\u00ebm shp\u00ebrtheu k\u00ebt\u00eb t\u00eb premte, m\u00eb 3 maj, n\u00eb nj\u00eb fabrik\u00eb t\u00eb kompanis\u00eb industriale Diehl Metal, raporton gazeta gjermane Bild. Katastrofa mobilizoi t\u00eb pakt\u00ebn 170 zjarrfik\u00ebs n\u00eb nj\u00eb zon\u00eb industriale t\u00eb vendosur n\u00eb per\u00ebndim t\u00eb kryeqytetit gjerman, rruga Am Stichkanal n\u00eb distriktin Berlin-Lichtefelde. N\u00eb nj\u00eb video t\u00eb postuar nga kryeredaktori i Berliner Zeitung, Tomasz Kurianowicz, shihet nd\u00ebrtesa e p\u00ebrfshir\u00eb nga flak\u00ebt dhe tymi i zi n\u00eb aj\u00ebr.<\/span><\/p>\n<p style=\"text-align: left;\"><span style=\"color: #000000;\">Era, e cila fryn n\u00eb drejtim t\u00eb veriut, b\u00ebn q\u00eb sht\u00ebllungat e tymit t\u00eb zi t\u00eb ngrihen mbi rajonin e Berlinit. Tymi mund t\u00eb p\u00ebrmbaj\u00eb, sipas z\u00ebdh\u00ebn\u00ebsit t\u00eb zjarrfik\u00ebsve t\u00eb Berlinit, Adrian Wanzel, t\u00eb cituar nga Bild, acid sulfurik dhe cianid hidrogjeni q\u00eb ishin ruajtur n\u00eb k\u00ebt\u00eb fabrik\u00eb t\u00eb p\u00ebrpunimit t\u00eb metaleve, duke p\u00ebrfshir\u00eb nd\u00ebrtes\u00ebn 2000 m\u00b2, e cila u dogj n\u00eb t\u00eb pakt\u00ebn kat\u00ebr kate dhe u shemb.<\/span><\/p>\n<p style=\"text-align: left;\"><span style=\"color: #000000;\">Zjarrfik\u00ebsit nd\u00ebrhyjn\u00eb nga jasht\u00eb, me kostume mbrojt\u00ebse specifike, shtoi ai. Vendi \u00ebsht\u00eb evakuuar plot\u00ebsisht dhe ende nuk raportohet p\u00ebr t\u00eb l\u00ebnduar n\u00eb mesin e punonj\u00ebsve t\u00eb fabrik\u00ebs.<\/span><\/p>\n<p style=\"text-align: left;\"><span style=\"color: #000000;\">Megjithat\u00eb, nj\u00eb zjarrfik\u00ebs ka p\u00ebsuar shqet\u00ebsime p\u00ebr shkak t\u00eb nxeht\u00ebsis\u00eb s\u00eb madhe t\u00eb shkaktuar nga zjarri. Popullsia e Berlinit u alarmua n\u00eb fund t\u00eb m\u00ebngjesit p\u00ebr p\u00ebrhapjen e nj\u00eb reje tymi potencialisht toksike dhe p\u00ebr k\u00ebt\u00eb arsye t\u00eb rrezikshme, dhe nj\u00eb zon\u00eb t\u00eb madhe af\u00ebr Berlinit iu k\u00ebrkua t\u00eb kufizohej dhe t\u00eb mbyllte dritaret. Rrethet e prekura jan\u00eb Steglitz-Zehlendorf, Spandau dhe n\u00eb per\u00ebndim t\u00eb Reinickendorf.<\/span><\/p>\n<p style=\"text-align: left;\"><span style=\"color: #000000;\">Zjarrfik\u00ebsit e Berlinit postuan nj\u00eb hart\u00eb n\u00eb Twitter ku tregon zon\u00ebn n\u00eb t\u00eb cil\u00ebn ky tym ka t\u00eb ngjar\u00eb t\u00eb p\u00ebrhapet, shoq\u00ebruar me udh\u00ebzime sigurie drejtuar popullat\u00ebs. Sipas televizionit gjerman RBB, zjarri ka r\u00ebn\u00eb n\u00eb nj\u00eb dhom\u00eb teknike n\u00eb katin e par\u00eb t\u00eb kantierit. Nx\u00ebn\u00ebsit nga shkollat \u200b\u200baty pran\u00eb u mbyll\u00ebn brenda, duke pritur q\u00eb familjet e tyre t\u00eb vinin t\u2019i merrnin.<\/span><\/p>\n<p style=\"text-align: left;\"><span style=\"color: #000000;\"><strong>Prodhuesi i sistemit IRIS-T furnizon Ukrain\u00ebn<\/strong><\/span><\/p>\n<p style=\"text-align: left;\"><span style=\"color: #000000;\">Diehl Metal ka selin\u00eb n\u00eb k\u00ebt\u00eb adres\u00eb, por aty ka edhe nj\u00eb deg\u00eb t\u00eb Diehl Defense, specifikon Berliner Zeitung. Ky konglomerat gjerman ka disa deg\u00eb, duke p\u00ebrfshir\u00eb nj\u00eb t\u00eb dedikuar p\u00ebr industrin\u00eb e arm\u00ebve. Ai prodhon ve\u00e7an\u00ebrisht sistemin e mbrojtjes kund\u00ebrajrore IRIS-T SLM, e cil\u00ebsuar si zemra e t\u00eb menduarit strategjik t\u00eb vendeve t\u00eb NATO-s n\u00eb Evrop\u00eb, dhe t\u00eb cilin Gjermania ia dor\u00ebzon ushtris\u00eb ukrainase p\u00ebr t\u2019u mbrojtur kund\u00ebr sulmeve ruse. Sipas faqes s\u00eb specializuar t\u00eb informacionit Oryx, Gjermania ka dor\u00ebzuar tashm\u00eb 12 sisteme raketash tok\u00eb-aj\u00ebr IRIS-T SLM n\u00eb Ukrain\u00eb q\u00eb nga tetori 2022, dhe 22 raketahedh\u00ebs. Prandaj, ky sistem mbrojt\u00ebs \u00ebsht\u00eb nj\u00eb nga ata q\u00eb jan\u00eb furnizuar n\u00eb sasit\u00eb m\u00eb t\u00eb m\u00ebdha nga aleat\u00ebt per\u00ebndimor\u00eb t\u00eb Kievit.<\/span><\/p>\n<p style=\"text-align: left;\"><span style=\"color: #000000;\">K\u00ebto bateri raketore jan\u00eb gjithashtu n\u00eb qend\u00ebr t\u00eb projektit evropian t\u00eb mbrojtjes kund\u00ebr raketave, i quajtur European Sky Shield, i udh\u00ebhequr nga Gjermania dhe n\u00eb t\u00eb cilin marrin pjes\u00eb 19 vende, duke krijuar nj\u00eb baz\u00eb p\u00ebr blerjen e p\u00ebrbashk\u00ebt publike t\u00eb sistemeve t\u00eb mbrojtjes kund\u00ebrajrore p\u00ebr partner\u00ebt evropian\u00eb. Dhjetorin e kaluar, raporton agjencia Euractiv, Sllovenia bleu dy sisteme IRIS-T SLM, p\u00ebr nj\u00eb shum\u00eb prej t\u00eb pakt\u00ebn 200 milion\u00eb euro, sipas t\u00eb p\u00ebrditshmes sllovene Delo.<\/span><\/p>\n","protected":false,"gt_translate_keys":[{"key":"rendered","format":"html"}]},"excerpt":{"rendered":"<p>Nj\u00eb zjarr i fuqish\u00ebm shp\u00ebrtheu k\u00ebt\u00eb t\u00eb premte, m\u00eb 3 maj, n\u00eb nj\u00eb fabrik\u00eb t\u00eb kompanis\u00eb industriale Diehl Metal, raporton gazeta gjermane Bild. Katastrofa mobilizoi t\u00eb pakt\u00ebn 170 zjarrfik\u00ebs n\u00eb nj\u00eb zon\u00eb industriale t\u00eb vendosur n\u00eb per\u00ebndim t\u00eb kryeqytetit gjerman, rruga Am Stichkanal n\u00eb distriktin Berlin-Lichtefelde. N\u00eb nj\u00eb video t\u00eb postuar nga kryeredaktori i Berliner [&hellip;]<\/p>\n","protected":false,"gt_translate_keys":[{"key":"rendered","format":"html"}]},"author":4,"featured_media":672393,"comment_status":"closed","ping_status":"open","sticky":false,"template":"","format":"standard","meta":{"footnotes":""},"categories":[6],"tags":[],"class_list":["post-672391","post","type-post","status-publish","format-standard","has-post-thumbnail","hentry","category-nderkombetare"],"gt_translate_keys":[{"key":"link","format":"url"}],"_links":{"self":[{"href":"https:\/\/www.hashtag.al\/index.php\/wp-json\/wp\/v2\/posts\/672391","targetHints":{"allow":["GET"]}}],"collection":[{"href":"https:\/\/www.hashtag.al\/index.php\/wp-json\/wp\/v2\/posts"}],"about":[{"href":"https:\/\/www.hashtag.al\/index.php\/wp-json\/wp\/v2\/types\/post"}],"author":[{"embeddable":true,"href":"https:\/\/www.hashtag.al\/index.php\/wp-json\/wp\/v2\/users\/4"}],"replies":[{"embeddable":true,"href":"https:\/\/www.hashtag.al\/index.php\/wp-json\/wp\/v2\/comments?post=672391"}],"version-history":[{"count":0,"href":"https:\/\/www.hashtag.al\/index.php\/wp-json\/wp\/v2\/posts\/672391\/revisions"}],"wp:featuredmedia":[{"embeddable":true,"href":"https:\/\/www.hashtag.al\/index.php\/wp-json\/wp\/v2\/media\/672393"}],"wp:attachment":[{"href":"https:\/\/www.hashtag.al\/index.php\/wp-json\/wp\/v2\/media?parent=672391"}],"wp:term":[{"taxonomy":"category","embeddable":true,"href":"https:\/\/www.hashtag.al\/index.php\/wp-json\/wp\/v2\/categories?post=672391"},{"taxonomy":"post_tag","embeddable":true,"href":"https:\/\/www.hashtag.al\/index.php\/wp-json\/wp\/v2\/tags?post=672391"}],"curies":[{"name":"wp","href":"https:\/\/api.w.org\/{rel}","templated":true}]}}