{"id":672309,"date":"2024-05-03T13:11:38","date_gmt":"2024-05-03T11:11:38","guid":{"rendered":"https:\/\/www.hashtag.al\/?p=672309"},"modified":"2024-05-03T13:11:38","modified_gmt":"2024-05-03T11:11:38","slug":"gjermania-paralajmeron-pasoja-pas-sulmit-te-dyshuar-kibernetik-rus","status":"publish","type":"post","link":"https:\/\/www.hashtag.al\/index.php\/2024\/05\/03\/gjermania-paralajmeron-pasoja-pas-sulmit-te-dyshuar-kibernetik-rus\/","title":{"rendered":"Gjermania paralajm\u00ebron pasoja pas sulmit t\u00eb dyshuar kibernetik rus","gt_translate_keys":[{"key":"rendered","format":"text"}]},"content":{"rendered":"<p><img loading=\"lazy\" decoding=\"async\" class=\"size-full wp-image-672310 aligncenter\" src=\"https:\/\/www.hashtag.al\/wp-content\/uploads\/2024\/05\/Screenshot_11-4-752x440-1.png\" alt=\"\" width=\"752\" height=\"440\" srcset=\"https:\/\/www.hashtag.al\/wp-content\/uploads\/2024\/05\/Screenshot_11-4-752x440-1.png 752w, https:\/\/www.hashtag.al\/wp-content\/uploads\/2024\/05\/Screenshot_11-4-752x440-1-300x176.png 300w, https:\/\/www.hashtag.al\/wp-content\/uploads\/2024\/05\/Screenshot_11-4-752x440-1-250x145.png 250w\" sizes=\"auto, (max-width: 752px) 100vw, 752px\" \/><\/p>\n<p><span style=\"font-weight: 400; color: #000000;\">Rusia do t\u00eb p\u00ebrballet me pasoja p\u00ebr sulmin kibernetik, q\u00eb dyshohet se \u00ebsht\u00eb orkestruar nga nj\u00eb grup q\u00eb ka lidhje me inteligjenc\u00ebn ushtarake ruse, tha ministrja e Jashtme e Gjermanis\u00eb, Annalena Baerbock.<\/span><\/p>\n<p><span style=\"font-weight: 400; color: #000000;\">Gjermania \u00ebsht\u00eb n\u00eb mesin e shteteve per\u00ebndimore q\u00eb i jep ndihm\u00eb ushtarake Ukrain\u00ebs n\u00eb luft\u00ebn e saj me Rusin\u00eb.<\/span><\/p>\n<p><span style=\"font-weight: 400; color: #000000;\">Dhjetorin e kaluar, presidenti rus, Vladimir Putin, tha se raportet mes Rusis\u00eb dhe Gjermanis\u00eb jan\u00eb gjer\u00ebsisht t\u00eb ngrira.<\/span><\/p>\n<p><span style=\"font-weight: 400; color: #000000;\">N\u00eb janar t\u00eb vitit 2023, Berlini tha se haker\u00ebt rus\u00eb kishin sulmuar disa ueb-faqe gjermane, duke i nxjerr\u00eb nga p\u00ebrdorimi, n\u00eb p\u00ebrgjigje t\u00eb vendimit t\u00eb Gjermanis\u00eb p\u00ebr t\u00eb d\u00ebrguar tanke n\u00eb Ukrain\u00eb. Megjithat\u00eb, at\u00ebbot\u00eb autoritetet gjermane than\u00eb se sulmi nuk kishte ndonj\u00eb efekt t\u00eb ndjesh\u00ebm.<\/span><\/p>\n<p><span style=\"color: #000000;\"><i><span style=\"font-weight: 400;\">\u201cTani ne qart\u00ebsisht mund t\u2019ia atribuojm\u00eb sulmin e vitit t\u00eb kaluar grupit rus, APT28, q\u00eb kontrollohet nga sh\u00ebrbimi rus i inteligjenc\u00ebs ushtarake, GRU\u201d<\/span><\/i><span style=\"font-weight: 400;\">, tha Bearbock gjat\u00eb nj\u00eb konference p\u00ebr media n\u00eb Adelaide m\u00eb 3 maj.<\/span><\/span><\/p>\n<p><span style=\"color: #000000;\"><i><span style=\"font-weight: 400;\">\u201cMe fjal\u00eb t\u00eb tjera, haker\u00ebt shtet\u00ebror\u00eb rus\u00eb kan\u00eb sulmuar Gjermanin\u00eb n\u00eb hap\u00ebsir\u00ebn kibernetike\u201d, <\/span><\/i><span style=\"font-weight: 400;\">shtoi Bearbock.<\/span><\/span><\/p>\n<p><span style=\"font-weight: 400; color: #000000;\">Kryediplomatja gjermane e cil\u00ebsoi si t\u00eb papranuesh\u00ebm nj\u00eb sulm t\u00eb till\u00eb dhe tha se ai \u201cnuk do t\u00eb mbetet pa pasoja\u201d.<\/span><\/p>\n<p><span style=\"font-weight: 400; color: #000000;\">N\u00eb mars, agjencia gjermane p\u00ebr siguri kibernetike dhe hulumtuesit q\u00eb punojn\u00eb p\u00ebr Alphabet, t\u00eb kompanis\u00eb Google, than\u00eb se grupi i ngjash\u00ebm, i quajtur APT29, ishte kapur duke sh\u00ebnjestuar disa parti politike gjermane, me synimin q\u00eb t\u00eb vidheshin t\u00eb dh\u00ebnat e tyre.<\/span><\/p>\n<p><span style=\"color: #000000;\"><span style=\"font-weight: 400;\"><span style=\"color: #ff0000;\">VINI RE:<\/span> Ky material \u00ebsht\u00eb pron\u00ebsi intelektuale e <\/span><span style=\"color: #0000ff;\"><a style=\"color: #0000ff;\" href=\"https:\/\/www.evropaelire.org\/a\/gjermania-pasoja-sulm-kibernetik-rusia-\/32931741.html\"><span style=\"font-weight: 400;\">REL<\/span><\/a><\/span><\/span><\/p>\n","protected":false,"gt_translate_keys":[{"key":"rendered","format":"html"}]},"excerpt":{"rendered":"<p>Rusia do t\u00eb p\u00ebrballet me pasoja p\u00ebr sulmin kibernetik, q\u00eb dyshohet se \u00ebsht\u00eb orkestruar nga nj\u00eb grup q\u00eb ka lidhje me inteligjenc\u00ebn ushtarake ruse, tha ministrja e Jashtme e Gjermanis\u00eb, Annalena Baerbock. Gjermania \u00ebsht\u00eb n\u00eb mesin e shteteve per\u00ebndimore q\u00eb i jep ndihm\u00eb ushtarake Ukrain\u00ebs n\u00eb luft\u00ebn e saj me Rusin\u00eb. Dhjetorin e kaluar, presidenti [&hellip;]<\/p>\n","protected":false,"gt_translate_keys":[{"key":"rendered","format":"html"}]},"author":4,"featured_media":672310,"comment_status":"closed","ping_status":"open","sticky":false,"template":"","format":"standard","meta":{"footnotes":""},"categories":[6],"tags":[],"class_list":["post-672309","post","type-post","status-publish","format-standard","has-post-thumbnail","hentry","category-nderkombetare"],"gt_translate_keys":[{"key":"link","format":"url"}],"_links":{"self":[{"href":"https:\/\/www.hashtag.al\/index.php\/wp-json\/wp\/v2\/posts\/672309","targetHints":{"allow":["GET"]}}],"collection":[{"href":"https:\/\/www.hashtag.al\/index.php\/wp-json\/wp\/v2\/posts"}],"about":[{"href":"https:\/\/www.hashtag.al\/index.php\/wp-json\/wp\/v2\/types\/post"}],"author":[{"embeddable":true,"href":"https:\/\/www.hashtag.al\/index.php\/wp-json\/wp\/v2\/users\/4"}],"replies":[{"embeddable":true,"href":"https:\/\/www.hashtag.al\/index.php\/wp-json\/wp\/v2\/comments?post=672309"}],"version-history":[{"count":0,"href":"https:\/\/www.hashtag.al\/index.php\/wp-json\/wp\/v2\/posts\/672309\/revisions"}],"wp:featuredmedia":[{"embeddable":true,"href":"https:\/\/www.hashtag.al\/index.php\/wp-json\/wp\/v2\/media\/672310"}],"wp:attachment":[{"href":"https:\/\/www.hashtag.al\/index.php\/wp-json\/wp\/v2\/media?parent=672309"}],"wp:term":[{"taxonomy":"category","embeddable":true,"href":"https:\/\/www.hashtag.al\/index.php\/wp-json\/wp\/v2\/categories?post=672309"},{"taxonomy":"post_tag","embeddable":true,"href":"https:\/\/www.hashtag.al\/index.php\/wp-json\/wp\/v2\/tags?post=672309"}],"curies":[{"name":"wp","href":"https:\/\/api.w.org\/{rel}","templated":true}]}}