{"id":671703,"date":"2024-05-01T14:48:05","date_gmt":"2024-05-01T12:48:05","guid":{"rendered":"https:\/\/www.hashtag.al\/?p=671703"},"modified":"2024-05-01T14:48:05","modified_gmt":"2024-05-01T12:48:05","slug":"30-sulme-ndaj-gazetareve-e-medias-nga-1-janari-2023-gazetari-lajmeron-proteste-para-parlamentit-me-3-maj","status":"publish","type":"post","link":"https:\/\/www.hashtag.al\/index.php\/2024\/05\/01\/30-sulme-ndaj-gazetareve-e-medias-nga-1-janari-2023-gazetari-lajmeron-proteste-para-parlamentit-me-3-maj\/","title":{"rendered":"\u201c30 sulme ndaj gazetar\u00ebve e medias nga 1 janari 2023\u201d &#8211; Gazetari lajm\u00ebron protest\u00eb para parlamentit m\u00eb 3 maj","gt_translate_keys":[{"key":"rendered","format":"text"}]},"content":{"rendered":"<p><img loading=\"lazy\" decoding=\"async\" class=\"aligncenter size-full wp-image-671704\" src=\"https:\/\/www.hashtag.al\/wp-content\/uploads\/2024\/05\/440960937_7604395362937734_4784976172226106470_n.jpg\" alt=\"\" width=\"960\" height=\"540\" srcset=\"https:\/\/www.hashtag.al\/wp-content\/uploads\/2024\/05\/440960937_7604395362937734_4784976172226106470_n.jpg 960w, https:\/\/www.hashtag.al\/wp-content\/uploads\/2024\/05\/440960937_7604395362937734_4784976172226106470_n-300x169.jpg 300w, https:\/\/www.hashtag.al\/wp-content\/uploads\/2024\/05\/440960937_7604395362937734_4784976172226106470_n-768x432.jpg 768w\" sizes=\"auto, (max-width: 960px) 100vw, 960px\" \/><\/p>\n<p><span style=\"color: #000000;\">30 sulme ndaj gazetar\u00ebve e medias n\u00eb vend jan\u00eb sh\u00ebnuar nga 1 janari 2023 deri m\u00eb 1 maj 2024. <\/span><\/p>\n<p><span style=\"color: #000000;\">Denoncimi \u00ebsht\u00eb b\u00ebr\u00eb nga gazetari Isa Myzyraj i cili thekson se p\u00ebrve\u00e7 kushteve t\u00eb v\u00ebshtira gazetar\u00ebt duhet t\u00eb p\u00ebrballen edhe me institucionet vendase, qeverin\u00eb e partit\u00eb politike.<\/span><\/p>\n<p><span style=\"color: #000000;\">Ai ka b\u00ebr\u00eb thirrje p\u00ebr reagim t\u00eb gjithansh\u00ebm e solidaritet t\u00eb plot\u00eb mes gazetar\u00ebsh n\u00eb kushtet kur liria e medias e siguria e gazetar\u00ebve \u00ebsht\u00eb n\u00ebn rrezik. <\/span><\/p>\n<p><span style=\"color: #000000;\">Myzyraj gjithashtu lajm\u00ebron p\u00ebr nj\u00eb protest\u00eb paq\u00ebsore para parlamentit m\u00eb 3 maj n\u00eb or\u00ebn 9 t\u00eb m\u00ebngjesit.<\/span><\/p>\n<p><span style=\"color: #000000;\"><em>\u201c30 sulme ndaj gazetar\u00ebve dhe medias n\u00eb Shqip\u00ebri jan\u00eb sh\u00ebnuar nga data 1 janar 2023 deri n\u00eb 1 maj 2024. Gazetar\u00ebt n\u00eb Shqip\u00ebri punojn\u00eb n\u00eb kushte t\u00eb v\u00ebshtira, ku si t\u00eb mos mjaftojn\u00eb kushtet e pun\u00ebs, institucionet vendase, qeveria dhe partit\u00eb politike ua kan\u00eb b\u00ebr\u00eb m\u00eb t\u00eb v\u00ebshtir\u00eb pun\u00ebn. Mediat kritike p\u00ebrballem me sulme t\u00eb orkestruara deri n\u00eb mbyllje, nd\u00ebrsa gazetar\u00ebt kurajoz\u00eb hasen n\u00eb sulme personale\u00a0 deri n\u00eb dhun\u00eb fizike dhe presion p\u00ebr ta mbyllur goj\u00ebn. N\u00eb kushtet kur liria e medias dhe siguria e gazetar\u00ebve n\u00eb Shqip\u00ebri \u00ebsht\u00eb n\u00eb rrezik duhet nj\u00eb reagim i gjithansh\u00ebm dhe nj\u00eb solidaritet I plot\u00eb mes nesh, p\u00ebr ne e nga ne. Ndaj duke sh\u00ebnuar Dit\u00ebn Nd\u00ebrkomb\u00ebtare t\u00eb Liris\u00eb s\u00eb Shtypit me 3 maj, le t\u00eb protestojm\u00eb me dat\u00ebn 2 maj tek Kuvendi i Shqip\u00ebris\u00eb. Kuvendi i Shqip\u00ebris\u00eb \u00ebsht\u00eb organi m\u00eb i lart\u00eb n\u00eb vend, nd\u00ebrsa t\u00eb enjten aty do t\u00eb hyjn\u00eb 140 deputet\u00eb q\u00eb e kan\u00eb p\u00ebr detyr\u00eb t\u00eb sigurojn\u00eb nj\u00eb mjedis t\u00eb sigurt\u00eb pune p\u00ebr gazetar\u00ebt dhe mediat. Ndaj n\u00eb solidaritet me \u00e7do koleg e me \u00e7do redaski p\u00ebr 30 sulmet e vitit t\u00eb kaluar, do t\u00eb protestojm\u00eb paq\u00ebsisht n\u00eb or\u00ebn 09:00 tek Parlamenti i Shqip\u00ebris\u00eb.\u201d<\/em><\/span><\/p>\n","protected":false,"gt_translate_keys":[{"key":"rendered","format":"html"}]},"excerpt":{"rendered":"<p>30 sulme ndaj gazetar\u00ebve e medias n\u00eb vend jan\u00eb sh\u00ebnuar nga 1 janari 2023 deri m\u00eb 1 maj 2024. Denoncimi \u00ebsht\u00eb b\u00ebr\u00eb nga gazetari Isa Myzyraj i cili thekson se p\u00ebrve\u00e7 kushteve t\u00eb v\u00ebshtira gazetar\u00ebt duhet t\u00eb p\u00ebrballen edhe me institucionet vendase, qeverin\u00eb e partit\u00eb politike. Ai ka b\u00ebr\u00eb thirrje p\u00ebr reagim t\u00eb gjithansh\u00ebm e [&hellip;]<\/p>\n","protected":false,"gt_translate_keys":[{"key":"rendered","format":"html"}]},"author":51,"featured_media":671704,"comment_status":"closed","ping_status":"open","sticky":false,"template":"","format":"standard","meta":{"footnotes":""},"categories":[65],"tags":[],"class_list":["post-671703","post","type-post","status-publish","format-standard","has-post-thumbnail","hentry","category-lajme"],"gt_translate_keys":[{"key":"link","format":"url"}],"_links":{"self":[{"href":"https:\/\/www.hashtag.al\/index.php\/wp-json\/wp\/v2\/posts\/671703","targetHints":{"allow":["GET"]}}],"collection":[{"href":"https:\/\/www.hashtag.al\/index.php\/wp-json\/wp\/v2\/posts"}],"about":[{"href":"https:\/\/www.hashtag.al\/index.php\/wp-json\/wp\/v2\/types\/post"}],"author":[{"embeddable":true,"href":"https:\/\/www.hashtag.al\/index.php\/wp-json\/wp\/v2\/users\/51"}],"replies":[{"embeddable":true,"href":"https:\/\/www.hashtag.al\/index.php\/wp-json\/wp\/v2\/comments?post=671703"}],"version-history":[{"count":0,"href":"https:\/\/www.hashtag.al\/index.php\/wp-json\/wp\/v2\/posts\/671703\/revisions"}],"wp:featuredmedia":[{"embeddable":true,"href":"https:\/\/www.hashtag.al\/index.php\/wp-json\/wp\/v2\/media\/671704"}],"wp:attachment":[{"href":"https:\/\/www.hashtag.al\/index.php\/wp-json\/wp\/v2\/media?parent=671703"}],"wp:term":[{"taxonomy":"category","embeddable":true,"href":"https:\/\/www.hashtag.al\/index.php\/wp-json\/wp\/v2\/categories?post=671703"},{"taxonomy":"post_tag","embeddable":true,"href":"https:\/\/www.hashtag.al\/index.php\/wp-json\/wp\/v2\/tags?post=671703"}],"curies":[{"name":"wp","href":"https:\/\/api.w.org\/{rel}","templated":true}]}}