{"id":671668,"date":"2024-05-01T12:46:43","date_gmt":"2024-05-01T10:46:43","guid":{"rendered":"https:\/\/www.hashtag.al\/?p=671668"},"modified":"2024-05-01T12:47:51","modified_gmt":"2024-05-01T10:47:51","slug":"mbrojtja-e-mjedisit-rama-paralajmeron-ligj-te-ri-per-menaxhim-e-integruar-te-mbetjeve","status":"publish","type":"post","link":"https:\/\/www.hashtag.al\/index.php\/2024\/05\/01\/mbrojtja-e-mjedisit-rama-paralajmeron-ligj-te-ri-per-menaxhim-e-integruar-te-mbetjeve\/","title":{"rendered":"Mbrojtja e mjedisit, Rama paralajm\u00ebron ligj t\u00eb ri p\u00ebr menaxhimin e integruar t\u00eb mbetjeve","gt_translate_keys":[{"key":"rendered","format":"text"}]},"content":{"rendered":"<p><img loading=\"lazy\" decoding=\"async\" class=\"size-full wp-image-671670 aligncenter\" src=\"https:\/\/www.hashtag.al\/wp-content\/uploads\/2024\/05\/rama.jpg\" alt=\"\" width=\"795\" height=\"550\" srcset=\"https:\/\/www.hashtag.al\/wp-content\/uploads\/2024\/05\/rama.jpg 795w, https:\/\/www.hashtag.al\/wp-content\/uploads\/2024\/05\/rama-300x208.jpg 300w, https:\/\/www.hashtag.al\/wp-content\/uploads\/2024\/05\/rama-768x531.jpg 768w\" sizes=\"auto, (max-width: 795px) 100vw, 795px\" \/><\/p>\n<p><span style=\"font-weight: 400; color: #000000;\">Me \u00e7eljen e negociatave Shqip\u00ebria ka marr\u00eb dhe angazhime t\u00eb forta lidhur me mjedisin. Kryeministri Edi Rama deklaron se po p\u00ebrgatitet nj\u00eb ligj q\u00eb do t\u00eb p\u00ebrcaktoj\u00eb dhe p\u00ebrgjegj\u00ebsit\u00eb<\/span><\/p>\n<p><span style=\"color: #000000;\"><i><span style=\"font-weight: 400;\">\u201cJemi n\u00eb nj\u00eb faz\u00eb t\u00eb re dhe k\u00ebt\u00eb duhet ta kuptojn\u00eb shum\u00eb mir\u00eb t\u00eb gjith\u00eb kompanit\u00eb shqiptare ku Shqip\u00ebria pasi ka kaluar me sukses porcesin e skanimit t\u00eb BE me celjen e negociatave ka marr\u00eb edhe angazhime t\u00eb forta lidhur me mjedisin, p\u00ebrgjegj\u00ebsin\u00eb komb\u00ebtare e institucionale e individuale n\u00eb respektimin mbrojtjen dhe p\u00ebrmir\u00ebsimin e cil\u00ebsis\u00eb s\u00eb mjedisit.<\/span><\/i><\/span><\/p>\n<p><span style=\"color: #000000;\"><i><span style=\"font-weight: 400;\">Dhe ligjet p\u00ebr p\u00ebrgjegj\u00ebsin\u00eb e zgjeruar t\u00eb prodhuesit dhe menaxhimit t\u00eb integruar t\u00eb mbetjeve jan\u00eb sh\u00ebmb\u00eblltyr\u00eb e faz\u00ebs s\u00eb re. Ato jan\u00eb n\u00eb zhvillim e sip\u00ebr nga ana e ministris\u00eb e qeveris\u00eb e s\u00eb shpejti do kaloj\u00eb parlamentit&#8221;<\/span><\/i><span style=\"font-weight: 400;\"> tha Rama.<\/span><\/span><\/p>\n","protected":false,"gt_translate_keys":[{"key":"rendered","format":"html"}]},"excerpt":{"rendered":"<p>Me \u00e7eljen e negociatave Shqip\u00ebria ka marr\u00eb dhe angazhime t\u00eb forta lidhur me mjedisin. Kryeministri Edi Rama deklaron se po p\u00ebrgatitet nj\u00eb ligj q\u00eb do t\u00eb p\u00ebrcaktoj\u00eb dhe p\u00ebrgjegj\u00ebsit\u00eb \u201cJemi n\u00eb nj\u00eb faz\u00eb t\u00eb re dhe k\u00ebt\u00eb duhet ta kuptojn\u00eb shum\u00eb mir\u00eb t\u00eb gjith\u00eb kompanit\u00eb shqiptare ku Shqip\u00ebria pasi ka kaluar me sukses porcesin e [&hellip;]<\/p>\n","protected":false,"gt_translate_keys":[{"key":"rendered","format":"html"}]},"author":4,"featured_media":671670,"comment_status":"closed","ping_status":"open","sticky":false,"template":"","format":"standard","meta":{"footnotes":""},"categories":[65],"tags":[],"class_list":["post-671668","post","type-post","status-publish","format-standard","has-post-thumbnail","hentry","category-lajme"],"gt_translate_keys":[{"key":"link","format":"url"}],"_links":{"self":[{"href":"https:\/\/www.hashtag.al\/index.php\/wp-json\/wp\/v2\/posts\/671668","targetHints":{"allow":["GET"]}}],"collection":[{"href":"https:\/\/www.hashtag.al\/index.php\/wp-json\/wp\/v2\/posts"}],"about":[{"href":"https:\/\/www.hashtag.al\/index.php\/wp-json\/wp\/v2\/types\/post"}],"author":[{"embeddable":true,"href":"https:\/\/www.hashtag.al\/index.php\/wp-json\/wp\/v2\/users\/4"}],"replies":[{"embeddable":true,"href":"https:\/\/www.hashtag.al\/index.php\/wp-json\/wp\/v2\/comments?post=671668"}],"version-history":[{"count":0,"href":"https:\/\/www.hashtag.al\/index.php\/wp-json\/wp\/v2\/posts\/671668\/revisions"}],"wp:featuredmedia":[{"embeddable":true,"href":"https:\/\/www.hashtag.al\/index.php\/wp-json\/wp\/v2\/media\/671670"}],"wp:attachment":[{"href":"https:\/\/www.hashtag.al\/index.php\/wp-json\/wp\/v2\/media?parent=671668"}],"wp:term":[{"taxonomy":"category","embeddable":true,"href":"https:\/\/www.hashtag.al\/index.php\/wp-json\/wp\/v2\/categories?post=671668"},{"taxonomy":"post_tag","embeddable":true,"href":"https:\/\/www.hashtag.al\/index.php\/wp-json\/wp\/v2\/tags?post=671668"}],"curies":[{"name":"wp","href":"https:\/\/api.w.org\/{rel}","templated":true}]}}