{"id":671513,"date":"2024-04-30T20:00:24","date_gmt":"2024-04-30T18:00:24","guid":{"rendered":"https:\/\/www.hashtag.al\/?p=671513"},"modified":"2024-04-30T20:00:53","modified_gmt":"2024-04-30T18:00:53","slug":"molotov-e-gaz-lotsjelles-mbyllet-protesta-para-bashkise-se-tiranes","status":"publish","type":"post","link":"https:\/\/www.hashtag.al\/index.php\/2024\/04\/30\/molotov-e-gaz-lotsjelles-mbyllet-protesta-para-bashkise-se-tiranes\/","title":{"rendered":"Molotov e gaz lotsjell\u00ebs, mbyllet protesta para Bashkis\u00eb s\u00eb Tiran\u00ebs","gt_translate_keys":[{"key":"rendered","format":"text"}]},"content":{"rendered":"<p><span style=\"color: #000000;\"><a style=\"color: #000000;\" href=\"https:\/\/www.hashtag.al\/wp-content\/uploads\/2024\/04\/protesta.jpg\"><img loading=\"lazy\" decoding=\"async\" class=\"aligncenter size-full wp-image-671514\" src=\"https:\/\/www.hashtag.al\/wp-content\/uploads\/2024\/04\/protesta.jpg\" alt=\"\" width=\"900\" height=\"486\" srcset=\"https:\/\/www.hashtag.al\/wp-content\/uploads\/2024\/04\/protesta.jpg 900w, https:\/\/www.hashtag.al\/wp-content\/uploads\/2024\/04\/protesta-300x162.jpg 300w, https:\/\/www.hashtag.al\/wp-content\/uploads\/2024\/04\/protesta-768x415.jpg 768w\" sizes=\"auto, (max-width: 900px) 100vw, 900px\" \/><\/a><\/span><\/p>\n<p><span style=\"color: #000000;\">Pas p\u00ebrfundimit t\u00eb protest\u00ebs s\u00eb organizuar nga opozita dhe Aleanca p\u00ebr Mbrojtjen e Teatrit para bashkis\u00eb s\u00eb Tiran\u00ebs, ekspert\u00ebt e kriminalistik\u00ebs jan\u00eb duke hetuar vendngjarjen.<\/span><\/p>\n<p><span style=\"color: #000000;\">Protesta zgjati rreth 3 or\u00eb dhe u shoq\u00ebrua me fjalime nga p\u00ebrfaq\u00ebsues t\u00eb opozit\u00ebs dhe Aleanc\u00ebs p\u00ebr Mbrojtjen e Teatrit.\u00a0<\/span><\/p>\n<p><span style=\"color: #000000;\">P\u00ebrplasjet fizike mes protestuesve dhe policis\u00eb u dokumentuan gjithashtu. Protestuesit hodh\u00ebn edhe molotov drejt godin\u00ebs s\u00eb bashkis\u00eb, nd\u00ebrsa policia reagoi me gaz lotsjell\u00ebs p\u00ebr t\u00eb shp\u00ebrndar\u00eb turm\u00ebn.<\/span><\/p>\n","protected":false,"gt_translate_keys":[{"key":"rendered","format":"html"}]},"excerpt":{"rendered":"<p>Pas p\u00ebrfundimit t\u00eb protest\u00ebs s\u00eb organizuar nga opozita dhe Aleanca p\u00ebr Mbrojtjen e Teatrit para bashkis\u00eb s\u00eb Tiran\u00ebs, ekspert\u00ebt e kriminalistik\u00ebs jan\u00eb duke hetuar vendngjarjen. Protesta zgjati rreth 3 or\u00eb dhe u shoq\u00ebrua me fjalime nga p\u00ebrfaq\u00ebsues t\u00eb opozit\u00ebs dhe Aleanc\u00ebs p\u00ebr Mbrojtjen e Teatrit.\u00a0 P\u00ebrplasjet fizike mes protestuesve dhe policis\u00eb u dokumentuan gjithashtu. Protestuesit [&hellip;]<\/p>\n","protected":false,"gt_translate_keys":[{"key":"rendered","format":"html"}]},"author":32,"featured_media":671514,"comment_status":"closed","ping_status":"open","sticky":false,"template":"","format":"standard","meta":{"footnotes":""},"categories":[65,13],"tags":[],"class_list":["post-671513","post","type-post","status-publish","format-standard","has-post-thumbnail","hentry","category-lajme","category-te-fundit"],"gt_translate_keys":[{"key":"link","format":"url"}],"_links":{"self":[{"href":"https:\/\/www.hashtag.al\/index.php\/wp-json\/wp\/v2\/posts\/671513","targetHints":{"allow":["GET"]}}],"collection":[{"href":"https:\/\/www.hashtag.al\/index.php\/wp-json\/wp\/v2\/posts"}],"about":[{"href":"https:\/\/www.hashtag.al\/index.php\/wp-json\/wp\/v2\/types\/post"}],"author":[{"embeddable":true,"href":"https:\/\/www.hashtag.al\/index.php\/wp-json\/wp\/v2\/users\/32"}],"replies":[{"embeddable":true,"href":"https:\/\/www.hashtag.al\/index.php\/wp-json\/wp\/v2\/comments?post=671513"}],"version-history":[{"count":0,"href":"https:\/\/www.hashtag.al\/index.php\/wp-json\/wp\/v2\/posts\/671513\/revisions"}],"wp:featuredmedia":[{"embeddable":true,"href":"https:\/\/www.hashtag.al\/index.php\/wp-json\/wp\/v2\/media\/671514"}],"wp:attachment":[{"href":"https:\/\/www.hashtag.al\/index.php\/wp-json\/wp\/v2\/media?parent=671513"}],"wp:term":[{"taxonomy":"category","embeddable":true,"href":"https:\/\/www.hashtag.al\/index.php\/wp-json\/wp\/v2\/categories?post=671513"},{"taxonomy":"post_tag","embeddable":true,"href":"https:\/\/www.hashtag.al\/index.php\/wp-json\/wp\/v2\/tags?post=671513"}],"curies":[{"name":"wp","href":"https:\/\/api.w.org\/{rel}","templated":true}]}}