{"id":671359,"date":"2024-04-30T12:13:55","date_gmt":"2024-04-30T10:13:55","guid":{"rendered":"https:\/\/www.hashtag.al\/?p=671359"},"modified":"2024-04-30T12:21:05","modified_gmt":"2024-04-30T10:21:05","slug":"gjykata-rrezon-gazment-bardhin-nuk-pranon-kerkesen-per-cregjistrimin-e-bashes-si-kryetar-i-pd-se","status":"publish","type":"post","link":"https:\/\/www.hashtag.al\/index.php\/2024\/04\/30\/gjykata-rrezon-gazment-bardhin-nuk-pranon-kerkesen-per-cregjistrimin-e-bashes-si-kryetar-i-pd-se\/","title":{"rendered":"Gjykata rr\u00ebzon Bardhin, nuk pranon k\u00ebrkes\u00ebn p\u00ebr \u00e7regjistrimin e Bash\u00ebs si kryetar i PD-s\u00eb","gt_translate_keys":[{"key":"rendered","format":"text"}]},"content":{"rendered":"<p><img loading=\"lazy\" decoding=\"async\" class=\"alignnone size-full wp-image-671360\" src=\"https:\/\/www.hashtag.al\/wp-content\/uploads\/2024\/04\/bardhi-basha-1.jpg\" alt=\"\" width=\"900\" height=\"473\" srcset=\"https:\/\/www.hashtag.al\/wp-content\/uploads\/2024\/04\/bardhi-basha-1.jpg 900w, https:\/\/www.hashtag.al\/wp-content\/uploads\/2024\/04\/bardhi-basha-1-300x158.jpg 300w, https:\/\/www.hashtag.al\/wp-content\/uploads\/2024\/04\/bardhi-basha-1-768x404.jpg 768w\" sizes=\"auto, (max-width: 900px) 100vw, 900px\" \/><\/p>\n<p><span style=\"font-weight: 400;\">Gjykata e Shkall\u00ebs s\u00eb Par\u00eb ka vendosur q\u00eb t\u00eb mos pranoj\u00eb k\u00ebrkes\u00ebn e K\u00ebshillit Komb\u00ebtar t\u00eb PD p\u00ebr ta \u00e7regjistruar Lulzim Bash\u00ebn si kryetar i PD-s\u00eb.<\/span><\/p>\n<p><span style=\"color: #000000;\"><span style=\"font-weight: 400;\">Sipas<\/span><span style=\"color: #0000ff;\"><a style=\"color: #0000ff;\" href=\"https:\/\/www.balkanweb.com\/gjykata-rrezon-gazment-bardhin-nuk-pranon-kerkesen-per-cregjistrimin-e-bashen-si-kryetar-i-pd\/#gsc.tab=0\"><span style=\"font-weight: 400;\"> BW<\/span><\/a><\/span><span style=\"font-weight: 400;\">, kjo p\u00ebr shkak t\u00eb K\u00ebshilli Komb\u00ebtar i thirrur nga Gazment Bardhi n\u00eb korrik t\u00eb vitit 2023 nuk legjitimohet.<\/span><\/span><\/p>\n<p><span style=\"font-weight: 400;\">Gjyqtari Gentjan Marku vendosi k\u00ebshtu mos t\u00eb legjitimoj\u00eb K\u00ebshillin e thirrur nga Bardhi, k\u00ebrkes\u00eb q\u00eb u b\u00eb nga 6 deputet\u00eb t\u00eb PD.<\/span><\/p>\n","protected":false,"gt_translate_keys":[{"key":"rendered","format":"html"}]},"excerpt":{"rendered":"<p>Gjykata e Shkall\u00ebs s\u00eb Par\u00eb ka vendosur q\u00eb t\u00eb mos pranoj\u00eb k\u00ebrkes\u00ebn e K\u00ebshillit Komb\u00ebtar t\u00eb PD p\u00ebr ta \u00e7regjistruar Lulzim Bash\u00ebn si kryetar i PD-s\u00eb. Sipas BW, kjo p\u00ebr shkak t\u00eb K\u00ebshilli Komb\u00ebtar i thirrur nga Gazment Bardhi n\u00eb korrik t\u00eb vitit 2023 nuk legjitimohet. Gjyqtari Gentjan Marku vendosi k\u00ebshtu mos t\u00eb legjitimoj\u00eb K\u00ebshillin [&hellip;]<\/p>\n","protected":false,"gt_translate_keys":[{"key":"rendered","format":"html"}]},"author":4,"featured_media":671360,"comment_status":"closed","ping_status":"open","sticky":false,"template":"","format":"standard","meta":{"footnotes":""},"categories":[65],"tags":[],"class_list":["post-671359","post","type-post","status-publish","format-standard","has-post-thumbnail","hentry","category-lajme"],"gt_translate_keys":[{"key":"link","format":"url"}],"_links":{"self":[{"href":"https:\/\/www.hashtag.al\/index.php\/wp-json\/wp\/v2\/posts\/671359","targetHints":{"allow":["GET"]}}],"collection":[{"href":"https:\/\/www.hashtag.al\/index.php\/wp-json\/wp\/v2\/posts"}],"about":[{"href":"https:\/\/www.hashtag.al\/index.php\/wp-json\/wp\/v2\/types\/post"}],"author":[{"embeddable":true,"href":"https:\/\/www.hashtag.al\/index.php\/wp-json\/wp\/v2\/users\/4"}],"replies":[{"embeddable":true,"href":"https:\/\/www.hashtag.al\/index.php\/wp-json\/wp\/v2\/comments?post=671359"}],"version-history":[{"count":0,"href":"https:\/\/www.hashtag.al\/index.php\/wp-json\/wp\/v2\/posts\/671359\/revisions"}],"wp:featuredmedia":[{"embeddable":true,"href":"https:\/\/www.hashtag.al\/index.php\/wp-json\/wp\/v2\/media\/671360"}],"wp:attachment":[{"href":"https:\/\/www.hashtag.al\/index.php\/wp-json\/wp\/v2\/media?parent=671359"}],"wp:term":[{"taxonomy":"category","embeddable":true,"href":"https:\/\/www.hashtag.al\/index.php\/wp-json\/wp\/v2\/categories?post=671359"},{"taxonomy":"post_tag","embeddable":true,"href":"https:\/\/www.hashtag.al\/index.php\/wp-json\/wp\/v2\/tags?post=671359"}],"curies":[{"name":"wp","href":"https:\/\/api.w.org\/{rel}","templated":true}]}}