{"id":671247,"date":"2024-04-30T08:22:46","date_gmt":"2024-04-30T06:22:46","guid":{"rendered":"https:\/\/www.hashtag.al\/?p=671247"},"modified":"2024-04-30T08:35:56","modified_gmt":"2024-04-30T06:35:56","slug":"dorehiqet-kryeministri-i-skocise-humza-yousaf","status":"publish","type":"post","link":"https:\/\/www.hashtag.al\/index.php\/2024\/04\/30\/dorehiqet-kryeministri-i-skocise-humza-yousaf\/","title":{"rendered":"Dor\u00ebhiqet kryeministri i Skocis\u00eb Humza Yousaf","gt_translate_keys":[{"key":"rendered","format":"text"}]},"content":{"rendered":"<p><span style=\"color: #000000;\"><img loading=\"lazy\" decoding=\"async\" class=\"aligncenter size-full wp-image-671248\" src=\"https:\/\/www.hashtag.al\/wp-content\/uploads\/2024\/04\/thumbs_b_c_03fce6eb220ddc36eaecf4353412d030-ezgif.com-webp-to-jpg-converter.jpg\" alt=\"\" width=\"864\" height=\"486\" srcset=\"https:\/\/www.hashtag.al\/wp-content\/uploads\/2024\/04\/thumbs_b_c_03fce6eb220ddc36eaecf4353412d030-ezgif.com-webp-to-jpg-converter.jpg 864w, https:\/\/www.hashtag.al\/wp-content\/uploads\/2024\/04\/thumbs_b_c_03fce6eb220ddc36eaecf4353412d030-ezgif.com-webp-to-jpg-converter-300x169.jpg 300w, https:\/\/www.hashtag.al\/wp-content\/uploads\/2024\/04\/thumbs_b_c_03fce6eb220ddc36eaecf4353412d030-ezgif.com-webp-to-jpg-converter-768x432.jpg 768w\" sizes=\"auto, (max-width: 864px) 100vw, 864px\" \/><\/span><\/p>\n<p><span style=\"color: #000000;\">Humza Yousaf dha dor\u00ebheqjen t\u00eb h\u00ebn\u00ebn si kryeminist\u00ebr i Skocis\u00eb, duke th\u00ebn\u00eb se nuk ishte i gatsh\u00ebm t\u00eb tregtonte parimet e tij p\u00ebr t\u00eb fituar nj\u00eb vot\u00eb mosbesimi.<\/span><\/p>\n<p><span style=\"color: #000000;\">Masa erdhi p\u00ebrpara dy votimeve t\u00eb ardhshme t\u00eb vot\u00ebbesimit, t\u00eb cilat Yousaf mund t&#8217;i humbiste dhe u thirr\u00ebn nga opozita pasi ai p\u00ebrfundoi nj\u00eb marr\u00ebveshje p\u00ebr ndarjen e pushtetit midis Partis\u00eb s\u00eb tij Komb\u00ebtare Skoceze (SNP) dhe t\u00eb Gjelb\u00ebrve Skocez\u00eb jav\u00ebn e kaluar. Marr\u00ebveshja u nd\u00ebrmjet\u00ebsua nga Nicola Sturgeon n\u00eb 2021.<\/span><\/p>\n<p><span style=\"color: #000000;\">Duke iu drejtuar gazetar\u00ebve n\u00eb rezidenc\u00ebn e tij zyrtare, Yousaf i lindur n\u00eb Glasgow, babai i t\u00eb cilit emigroi nga Pakistani, tha pas nj\u00eb fundjave reflektimi, se kishte arritur n\u00eb p\u00ebrfundimin se &#8220;riparimi i nj\u00eb marr\u00ebdh\u00ebnieje p\u00ebrtej ndarjes politike mund t\u00eb b\u00ebhet vet\u00ebm me dik\u00eb tjet\u00ebr n\u00eb krye t\u00eb qeveris\u00eb&#8221;.<\/span><\/p>\n<p><span style=\"color: #000000;\"><em>\u201cPrandaj e kam informuar Sekretaren Komb\u00ebtare t\u00eb SNP-s\u00eb p\u00ebr q\u00ebllimin tim p\u00ebr t&#8217;u dor\u00ebhequr si kreu i paris\u00eb dhe p\u00ebr t&#8217;i k\u00ebrkuar q\u00eb ajo t\u00eb nis\u00eb nj\u00eb gar\u00eb p\u00ebr udh\u00ebheqje sa m\u00eb shpejt t\u00eb jet\u00eb e mundur,\u201d<\/em> shtoi ai.<\/span><\/p>\n<p><span style=\"color: #000000;\"><em>&#8220;Q\u00eb nj\u00eb qeveri e pakic\u00ebs t\u00eb jet\u00eb n\u00eb gjendje t\u00eb qeveris\u00eb n\u00eb m\u00ebnyr\u00eb efektive, besimi kur punon me opozit\u00ebn \u00ebsht\u00eb qart\u00ebsisht thelb\u00ebsor,&#8221;<\/em> tha ai.<\/span><\/p>\n","protected":false,"gt_translate_keys":[{"key":"rendered","format":"html"}]},"excerpt":{"rendered":"<p>Humza Yousaf dha dor\u00ebheqjen t\u00eb h\u00ebn\u00ebn si kryeminist\u00ebr i Skocis\u00eb, duke th\u00ebn\u00eb se nuk ishte i gatsh\u00ebm t\u00eb tregtonte parimet e tij p\u00ebr t\u00eb fituar nj\u00eb vot\u00eb mosbesimi. Masa erdhi p\u00ebrpara dy votimeve t\u00eb ardhshme t\u00eb vot\u00ebbesimit, t\u00eb cilat Yousaf mund t&#8217;i humbiste dhe u thirr\u00ebn nga opozita pasi ai p\u00ebrfundoi nj\u00eb marr\u00ebveshje p\u00ebr ndarjen [&hellip;]<\/p>\n","protected":false,"gt_translate_keys":[{"key":"rendered","format":"html"}]},"author":51,"featured_media":671248,"comment_status":"closed","ping_status":"open","sticky":false,"template":"","format":"standard","meta":{"footnotes":""},"categories":[53],"tags":[],"class_list":["post-671247","post","type-post","status-publish","format-standard","has-post-thumbnail","hentry","category-fast-foodi"],"gt_translate_keys":[{"key":"link","format":"url"}],"_links":{"self":[{"href":"https:\/\/www.hashtag.al\/index.php\/wp-json\/wp\/v2\/posts\/671247","targetHints":{"allow":["GET"]}}],"collection":[{"href":"https:\/\/www.hashtag.al\/index.php\/wp-json\/wp\/v2\/posts"}],"about":[{"href":"https:\/\/www.hashtag.al\/index.php\/wp-json\/wp\/v2\/types\/post"}],"author":[{"embeddable":true,"href":"https:\/\/www.hashtag.al\/index.php\/wp-json\/wp\/v2\/users\/51"}],"replies":[{"embeddable":true,"href":"https:\/\/www.hashtag.al\/index.php\/wp-json\/wp\/v2\/comments?post=671247"}],"version-history":[{"count":0,"href":"https:\/\/www.hashtag.al\/index.php\/wp-json\/wp\/v2\/posts\/671247\/revisions"}],"wp:featuredmedia":[{"embeddable":true,"href":"https:\/\/www.hashtag.al\/index.php\/wp-json\/wp\/v2\/media\/671248"}],"wp:attachment":[{"href":"https:\/\/www.hashtag.al\/index.php\/wp-json\/wp\/v2\/media?parent=671247"}],"wp:term":[{"taxonomy":"category","embeddable":true,"href":"https:\/\/www.hashtag.al\/index.php\/wp-json\/wp\/v2\/categories?post=671247"},{"taxonomy":"post_tag","embeddable":true,"href":"https:\/\/www.hashtag.al\/index.php\/wp-json\/wp\/v2\/tags?post=671247"}],"curies":[{"name":"wp","href":"https:\/\/api.w.org\/{rel}","templated":true}]}}