{"id":671188,"date":"2024-04-29T21:07:00","date_gmt":"2024-04-29T19:07:00","guid":{"rendered":"https:\/\/www.hashtag.al\/?p=671188"},"modified":"2024-04-29T21:07:00","modified_gmt":"2024-04-29T19:07:00","slug":"biden-bisede-me-homologun-meksikan-per-emigrimin","status":"publish","type":"post","link":"https:\/\/www.hashtag.al\/index.php\/2024\/04\/29\/biden-bisede-me-homologun-meksikan-per-emigrimin\/","title":{"rendered":"Biden bised\u00eb me homologun meksikan p\u00ebr emigrimin","gt_translate_keys":[{"key":"rendered","format":"text"}]},"content":{"rendered":"<p style=\"text-align: left;\"><span style=\"color: #000000;\"><img loading=\"lazy\" decoding=\"async\" class=\"size-full wp-image-671189 aligncenter\" src=\"https:\/\/www.hashtag.al\/wp-content\/uploads\/2024\/04\/Screenshot-2024-04-29-205450.png\" alt=\"\" width=\"749\" height=\"431\" srcset=\"https:\/\/www.hashtag.al\/wp-content\/uploads\/2024\/04\/Screenshot-2024-04-29-205450.png 749w, https:\/\/www.hashtag.al\/wp-content\/uploads\/2024\/04\/Screenshot-2024-04-29-205450-300x173.png 300w, https:\/\/www.hashtag.al\/wp-content\/uploads\/2024\/04\/Screenshot-2024-04-29-205450-250x145.png 250w\" sizes=\"auto, (max-width: 749px) 100vw, 749px\" \/><\/span><\/p>\n<p style=\"text-align: left;\"><span style=\"color: #000000;\">Presidenti amerikan, Joe Biden, ka biseduar me homologun e tij meksikan, Andres Manuel Lopez Obrador, lidhur me bashk\u00ebpunimin p\u00ebr politik\u00ebn e emigrimit, teksa lideri amerikan ende nuk ka vendosur n\u00ebse do t\u00eb nd\u00ebrmarr\u00eb ndonj\u00eb veprim ekzekutiv p\u00ebr t\u00eb ulur numrin e emigrant\u00ebve q\u00eb hyjn\u00eb n\u00eb SHBA p\u00ebrmes kufirit jugor t\u00eb shtetit.<\/span><\/p>\n<p style=\"text-align: left;\"><span style=\"color: #000000;\">Pas bised\u00ebs telefonike, q\u00eb u zhvillua me k\u00ebrkes\u00eb t\u00eb Bidenit, p\u00ebrmes nj\u00eb deklarate t\u00eb p\u00ebrbashk\u00ebt, dy udh\u00ebheq\u00ebsit than\u00eb se biseduan p\u00ebr p\u00ebrpjekjet e p\u00ebrbashk\u00ebta p\u00ebr t\u00eb \u201cmenaxhuar n\u00eb m\u00ebnyr\u00eb efektive\u201d emigrimin dhe p\u00ebr t\u00eb \u201cforcuar efikasitetin operacional\u201d n\u00eb kufirin mes SHBA-s\u00eb dhe Meksik\u00ebs.<\/span><\/p>\n<p style=\"text-align: left;\"><span style=\"color: #000000;\">\u201cNe bisedojm\u00eb n\u00eb m\u00ebnyr\u00eb periodike. Ai m\u00eb th\u00ebrret, un\u00eb e th\u00ebrras\u201d, tha Lopez Obrador gjat\u00eb nj\u00eb konference p\u00ebr media t\u00eb h\u00ebn\u00ebn.<\/span><\/p>\n<p style=\"text-align: left;\"><span style=\"color: #000000;\">Udh\u00ebheq\u00ebsi meksikan tha se t\u00eb dyja shtetet kan\u00eb b\u00ebr\u00eb p\u00ebrparim n\u00eb kontrollin e emigrimit t\u00eb pautorizuar, duke i bindur shum\u00eb emigrant\u00eb q\u00eb t\u00eb mos p\u00ebrdorin metoda t\u00eb paligjshme p\u00ebr t\u00eb l\u00ebvizur nga shteti n\u00eb shtet. Ai po ashtu mir\u00ebpriti vendimin e<span style=\"color: #0000ff;\"><strong>\u00a0<a style=\"color: #0000ff;\" href=\"https:\/\/www.evropaelire.org\/a\/ligj-migrantet-teksas-pezullim-\/32869722.html\">Gjykat\u00ebs<\/a><a style=\"color: #0000ff;\" href=\"https:\/\/www.evropaelire.org\/a\/ligj-migrantet-teksas-pezullim-\/32869722.html\"> Sup<\/a><a style=\"color: #0000ff;\" href=\"https:\/\/www.evropaelire.org\/a\/ligj-migrantet-teksas-pezullim-\/32869722.html\">reme<\/a><a style=\"color: #0000ff;\" href=\"https:\/\/www.evropaelire.org\/a\/ligj-migrantet-teksas-pezullim-\/32869722.html\"> amerikane<\/a><\/strong>,<\/span> q\u00eb u mor n\u00eb janar. Sipas k\u00ebtij vendimi, agjent\u00ebt e kontrollit kufitar mund t\u00eb heqin telat me gjemba q\u00eb shteti i Teksasit vendosi p\u00ebrgjat\u00eb kufirit, si m\u00ebnyr\u00eb p\u00ebr t\u00eb penguar emigrant\u00ebt.<\/span><\/p>\n<p style=\"text-align: left;\"><span style=\"color: #000000;\">N\u00eb deklarat\u00ebn e p\u00ebrbashk\u00ebt, Biden dhe Lopez Obrador than\u00eb se kan\u00eb urdh\u00ebruar k\u00ebshilltar\u00ebt e tyre t\u00eb siguris\u00eb komb\u00ebtare q\u00eb \u201cmenj\u00ebher\u00eb\u201d t\u00eb marrin masa konkrete p\u00ebr t\u00eb ulur numrin e kalimeve t\u00eb paligjshme kufitare, megjith\u00ebse nuk dhan\u00eb m\u00eb shum\u00eb detaje. Por, n\u00eb deklarat\u00eb u tha se kjo politik\u00eb do t\u00eb mbroj\u00eb t\u00eb drejtat e njeriut.<\/span><\/p>\n<p style=\"text-align: left;\"><span style=\"color: #000000;\">Q\u00eb nga kolapsimi i legjislacionit p\u00ebr kufirin n\u00eb Kongres m\u00eb her\u00ebt gjat\u00eb k\u00ebtij viti, Sht\u00ebpia e Bardh\u00eb nuk e ka p\u00ebrjashtuar mund\u00ebsin\u00eb q\u00eb Biden t\u00eb l\u00ebshoi nj\u00eb urdh\u00ebr ekzekutiv p\u00ebr rregullat e azilit, me q\u00ebllim q\u00eb t\u00eb ul\u00eb numrin e emigrant\u00ebve n\u00eb kufirin jugor t\u00eb SHBA-s\u00eb.<\/span><\/p>\n<p style=\"text-align: left;\"><span style=\"color: #000000;\">Sipas shifrave t\u00eb fundit, numri i kalimeve ilegale t\u00eb kufirit ka r\u00ebn\u00eb, pasi n\u00eb dhjetorin e vitit t\u00eb kaluar u arrit rekordi prej 250.000, teksa zyrtar\u00ebt meksikan\u00eb kan\u00eb rritur p\u00ebrpjekjet e tyre p\u00ebr t\u00eb parandaluar emigrimin ilegal.\/<span style=\"color: #0000ff;\"><strong><a style=\"color: #0000ff;\" href=\"https:\/\/www.evropaelire.org\/a\/joe-biden-emigrimi-kufiri-shba-meksike-\/32925592.html\">REL<\/a><\/strong><\/span><\/span><\/p>\n","protected":false,"gt_translate_keys":[{"key":"rendered","format":"html"}]},"excerpt":{"rendered":"<p>Presidenti amerikan, Joe Biden, ka biseduar me homologun e tij meksikan, Andres Manuel Lopez Obrador, lidhur me bashk\u00ebpunimin p\u00ebr politik\u00ebn e emigrimit, teksa lideri amerikan ende nuk ka vendosur n\u00ebse do t\u00eb nd\u00ebrmarr\u00eb ndonj\u00eb veprim ekzekutiv p\u00ebr t\u00eb ulur numrin e emigrant\u00ebve q\u00eb hyjn\u00eb n\u00eb SHBA p\u00ebrmes kufirit jugor t\u00eb shtetit. Pas bised\u00ebs telefonike, q\u00eb [&hellip;]<\/p>\n","protected":false,"gt_translate_keys":[{"key":"rendered","format":"html"}]},"author":4,"featured_media":671189,"comment_status":"closed","ping_status":"open","sticky":false,"template":"","format":"standard","meta":{"footnotes":""},"categories":[6],"tags":[],"class_list":["post-671188","post","type-post","status-publish","format-standard","has-post-thumbnail","hentry","category-nderkombetare"],"gt_translate_keys":[{"key":"link","format":"url"}],"_links":{"self":[{"href":"https:\/\/www.hashtag.al\/index.php\/wp-json\/wp\/v2\/posts\/671188","targetHints":{"allow":["GET"]}}],"collection":[{"href":"https:\/\/www.hashtag.al\/index.php\/wp-json\/wp\/v2\/posts"}],"about":[{"href":"https:\/\/www.hashtag.al\/index.php\/wp-json\/wp\/v2\/types\/post"}],"author":[{"embeddable":true,"href":"https:\/\/www.hashtag.al\/index.php\/wp-json\/wp\/v2\/users\/4"}],"replies":[{"embeddable":true,"href":"https:\/\/www.hashtag.al\/index.php\/wp-json\/wp\/v2\/comments?post=671188"}],"version-history":[{"count":0,"href":"https:\/\/www.hashtag.al\/index.php\/wp-json\/wp\/v2\/posts\/671188\/revisions"}],"wp:featuredmedia":[{"embeddable":true,"href":"https:\/\/www.hashtag.al\/index.php\/wp-json\/wp\/v2\/media\/671189"}],"wp:attachment":[{"href":"https:\/\/www.hashtag.al\/index.php\/wp-json\/wp\/v2\/media?parent=671188"}],"wp:term":[{"taxonomy":"category","embeddable":true,"href":"https:\/\/www.hashtag.al\/index.php\/wp-json\/wp\/v2\/categories?post=671188"},{"taxonomy":"post_tag","embeddable":true,"href":"https:\/\/www.hashtag.al\/index.php\/wp-json\/wp\/v2\/tags?post=671188"}],"curies":[{"name":"wp","href":"https:\/\/api.w.org\/{rel}","templated":true}]}}