{"id":671125,"date":"2024-04-29T17:32:32","date_gmt":"2024-04-29T15:32:32","guid":{"rendered":"https:\/\/www.hashtag.al\/?p=671125"},"modified":"2024-04-29T17:33:36","modified_gmt":"2024-04-29T15:33:36","slug":"masat-e-ndermarra-per-sezonin-turistik-balluku-fillojme-shume-shpejt-operimet-ne-qendren-e-menaxhimit-te-trafikut","status":"publish","type":"post","link":"https:\/\/www.hashtag.al\/index.php\/2024\/04\/29\/masat-e-ndermarra-per-sezonin-turistik-balluku-fillojme-shume-shpejt-operimet-ne-qendren-e-menaxhimit-te-trafikut\/","title":{"rendered":"Masat e nd\u00ebrmarra p\u00ebr sezonin turistik, Balluku: Fillojm\u00eb shum\u00eb shpejt operimet n\u00eb Qendr\u00ebn e Menaxhimit t\u00eb Trafikut","gt_translate_keys":[{"key":"rendered","format":"text"}]},"content":{"rendered":"<p><span style=\"color: #000000;\"><a href=\"https:\/\/www.hashtag.al\/wp-content\/uploads\/2024\/04\/Capture-177.jpg\"><img loading=\"lazy\" decoding=\"async\" class=\"aligncenter size-full wp-image-671130\" src=\"https:\/\/www.hashtag.al\/wp-content\/uploads\/2024\/04\/Capture-177.jpg\" alt=\"\" width=\"1376\" height=\"787\" srcset=\"https:\/\/www.hashtag.al\/wp-content\/uploads\/2024\/04\/Capture-177.jpg 1376w, https:\/\/www.hashtag.al\/wp-content\/uploads\/2024\/04\/Capture-177-300x172.jpg 300w, https:\/\/www.hashtag.al\/wp-content\/uploads\/2024\/04\/Capture-177-1024x586.jpg 1024w, https:\/\/www.hashtag.al\/wp-content\/uploads\/2024\/04\/Capture-177-768x439.jpg 768w\" sizes=\"auto, (max-width: 1376px) 100vw, 1376px\" \/><\/a><\/span><\/p>\n<p><span style=\"color: #000000;\">Z\u00ebvend\u00ebskryeministrja, nj\u00ebher\u00ebsh Ministrja e Infrastruktur\u00ebs dhe Energjis\u00eb, Belinda Balluku ka qen\u00eb e pranishme n\u00eb takimin p\u00ebr masat e nd\u00ebrmarra p\u00ebr sezonin turistik.<\/span><\/p>\n<p><span style=\"color: #000000;\">Gjat\u00eb fjal\u00ebs s\u00eb saj Balluku u shpreh se do t\u00eb fillojn\u00eb shum\u00eb shpejt operimet n\u00eb Qendr\u00ebn e Menaxhimit t\u00eb Trafikut.<\/span><\/p>\n<p><span style=\"color: #000000;\">Sipas saj aty ku parashikohet q\u00eb t\u00eb akomodohen t\u00eb gjitha ato struktura q\u00eb nd\u00ebrhyn menj\u00ebher\u00eb, duke shkurtuar k\u00ebshtu koh\u00ebn e nd\u00ebrhyrjes n\u00eb territor dhe duke i sh\u00ebrbyer padyshim edhe turizmit.<\/span><\/p>\n<p><span style=\"color: #000000;\"><em>\u201cMegjithat\u00eb duhet th\u00ebn\u00eb q\u00eb \u00e7ka kuptuam nga t\u00eb gjitha fjalimet tregojn\u00eb se kemi nj\u00eb fokus holistik t\u00eb qeveris\u00eb n\u00eb nj\u00eb nga sektor\u00ebt m\u00eb t\u00eb r\u00ebnd\u00ebsish\u00ebm at\u00eb t\u00eb turizmit. Sigurisht ky fokus holistik i qeveris\u00eb k\u00ebrkon nga ana tjet\u00ebr q\u00eb t\u00eb kemi nj\u00eb sinergji dhe bashk\u00ebpunim midis pal\u00ebve. E than\u00eb q\u00eb t\u00eb gjith\u00eb ministrat sesi do t\u00eb funksionoj\u00eb, nd\u00ebrkoh\u00eb q\u00eb un\u00eb duke p\u00ebrfaq\u00ebsuar k\u00ebtu portofolin e infrastruktur\u00ebs dhe t\u00eb energjis\u00eb, si dy nga kolonat baz\u00eb mbajt\u00ebse t\u00eb sektorit t\u00eb turizmit do t\u00eb thoja q\u00eb ne do t\u00eb fillojm\u00eb shum\u00eb shpejt operimet n\u00eb Qendr\u00ebn e Menaxhimit t\u00eb Trafikut, aty ku parashikohet q\u00eb t\u00eb akomodohen t\u00eb gjitha ato struktura q\u00eb nd\u00ebrhyn menj\u00ebher\u00eb, duke shkurtuar k\u00ebshtu koh\u00ebn e nd\u00ebrhyrjes n\u00eb territor dhe duke i sh\u00ebrbyer padyshim edhe turizmit. Do t\u00eb kemi aty ARRSH-n, Policin\u00eb e Shtetit, pra p\u00ebrmes Policis\u00eb Rrugore, Urgjenc\u00ebn Komb\u00ebtare, Emergjencat Civile dhe t\u00eb gjith\u00eb ata trupa t\u00eb cil\u00ebt duhet t\u00eb marrin informacion nga terreni.\u201d<\/em> tha Balluku.<\/span><\/p>\n<p><span style=\"color: #000000;\">Balluku theksoi se \u00ebsht\u00eb b\u00ebr\u00eb nj\u00eb pun\u00eb e jasht\u00ebzakonshme nga Qeveria Shqiptare, nga institucionet dhe bashkit\u00eb kudo n\u00eb vend, por nj\u00eb rol t\u00eb madh promovues ka patur edhe kryeministri Edi Rama.<\/span><\/p>\n<p><span style=\"color: #000000;\">Ajo deklaroi se k\u00ebt\u00eb vit projeksioni p\u00ebr numrin e turist\u00ebve parashikohet t\u00eb jet\u00eb n\u00eb 14 milion\u00eb.<\/span><\/p>\n<p><span style=\"color: #000000;\"><em>\u201cPor, \u00e7do t\u00eb ndodh\u00eb k\u00ebt\u00eb vit? 14 milion\u00eb \u00ebsht\u00eb projeksioni dhe nga \u00e7\u2019duket projeksionet gjithmon\u00eb gabojn\u00eb vitet e fundit, por gabojn\u00eb n\u00eb m\u00ebnyr\u00eb pozitive. Ajo q\u00eb ne projektojm\u00eb \u00ebsht\u00eb shum\u00eb m\u00eb shum\u00eb n\u00eb num\u00ebr. K\u00ebshtu q\u00eb kini parasysh q\u00eb n\u00eb aeroportin e Rinasit n\u00eb 2023 kemi p\u00ebrpunuar 7.2 milion\u00eb pasagjer\u00eb. Krahasuar me vitin 2019 kur kemi p\u00ebrpunuar 2 milion\u00eb pasagjer\u00eb me nj\u00eb lodhje dhe pamund\u00ebsi t\u00eb madhe. Si arrijm\u00eb sot t\u00eb p\u00ebrpunojm\u00eb disa fishin. Arrijm\u00eb p\u00ebrmes nj\u00eb strategji t\u00eb aviacionit civil, t\u00eb cil\u00ebn e kemi shpallur n\u00eb vitin 2019 dhe \u00ebsht\u00eb strategjia e portave hyr\u00ebse nga ajri, si\u00e7 e ka quajtur kryeministri.\u201d<\/em>u shpreh ajo.<\/span><\/p>\n<p><span style=\"color: #000000;\">M\u00eb tej Balluku nuk la pa p\u00ebrmendur edhe sektorin e energjis\u00eb e cila tha se \u00ebsht\u00eb nj\u00eb kolon\u00eb e r\u00ebnd\u00ebsishme e turizmit, prandaj p\u00ebr k\u00ebt\u00eb Balluku siguroi se do t\u00eb jen\u00eb 1500 elektricist\u00eb n\u00eb dispozicion gjat\u00eb gjith\u00eb sezonit p\u00ebr t\u00eb nd\u00ebrhyr\u00eb p\u00ebr \u00e7do lloj problematike.<\/span><\/p>\n<p><span style=\"color: #000000;\">Gjithashtu p\u00ebrgjat\u00eb fjal\u00ebs s\u00eb saj, Balluku preku edhe aktin normativ q\u00eb i detyron t\u00eb gjitha subjektet t\u00eb ndara sipas kategorive q\u00eb t\u00eb vendosin impiante para p\u00ebrpunuese t\u00eb uj\u00ebrave t\u00eb ndotura.<\/span><\/p>\n<p><span style=\"color: #000000;\"><em>\u201cDuhet pasur parasysh q\u00eb energjia gjithashtu \u00ebsht\u00eb nj\u00eb kolon\u00eb e r\u00ebnd\u00ebsishme e turizmit dhe n\u00eb bashk\u00ebpunim me t\u00eb gjith\u00eb kryetar\u00ebt e bashkive ne kemi identifikuar k\u00ebto zona t\u00eb cil\u00ebt mund t\u00eb konsiderohen delikate p\u00ebrsa i p\u00ebrket edhe numrit t\u00eb shtuar t\u00eb turist\u00ebve gjat\u00eb sezonit, si\u00e7 tha dhe Mirela q\u00eb \u00ebsht\u00eb zgjatur, dhe ne jemi t\u00eb lumtur q\u00eb nis\u00eb q\u00eb n\u00eb prill dhe p\u00ebrfundon n\u00eb n\u00ebntor, por nga ana tjet\u00ebr jan\u00eb dhe zona delikate p\u00ebr shkak t\u00eb relievit, edhe p\u00ebr shkak t\u00eb nj\u00eb situate energjetike e cila \u00ebsht\u00eb e trash\u00ebguar dhe me t\u00eb gjith\u00eb pun\u00ebn q\u00eb \u00ebsht\u00eb b\u00ebr\u00eb n\u00eb k\u00ebto 10 vite sigurisht ne kemi akoma shum\u00eb pun\u00eb p\u00ebr t\u00eb b\u00ebr\u00eb p\u00ebrpara. Por kemi nj\u00eb p\u00ebrqendrim forcash, 1500 elektricist\u00eb do t\u00eb jen\u00eb n\u00eb dispozicion gjat\u00eb gjith\u00eb sezonit p\u00ebr t\u00eb nd\u00ebrhyr\u00eb p\u00ebr \u00e7do lloj problematike, p\u00ebr t\u00eb mos pasur vonesa mbi t\u00eb gjitha dhe nga ana tjet\u00ebr OSHEE ka marr\u00eb masa p\u00ebr t\u00eb investuar n\u00eb t\u00eb gjith\u00eb Ult\u00ebsir\u00ebn Per\u00ebndimore dhe n\u00eb zonat veriore dhe verilindore ku kemi nuklat e zhvillimit turistik<\/em>.<\/span><\/p>\n<p><span style=\"color: #000000;\"><em>Pasi identifikuam ver\u00ebn e kaluar q\u00eb uj\u00ebrat e ndotura q\u00eb derdheshin n\u00eb uj\u00ebrat lar\u00ebs ishin nj\u00eb problem shum\u00eb i r\u00ebnd\u00eb n\u00eb t\u00eb gjith\u00eb Ult\u00ebsir\u00ebn Per\u00ebndimore sidomos, mor\u00ebm nj\u00eb vendim p\u00ebr miratimin e nj\u00eb akti normativ i cili i detyron t\u00eb gjitha subjektet t\u00eb ndara sipas kategorive q\u00eb t\u00eb vendosin impiante para p\u00ebrpunuese t\u00eb uj\u00ebrave t\u00eb ndotura.\u201d<\/em> u shpreh Balluku.<\/span><\/p>\n","protected":false,"gt_translate_keys":[{"key":"rendered","format":"html"}]},"excerpt":{"rendered":"<p>Z\u00ebvend\u00ebskryeministrja, nj\u00ebher\u00ebsh Ministrja e Infrastruktur\u00ebs dhe Energjis\u00eb, Belinda Balluku ka qen\u00eb e pranishme n\u00eb takimin p\u00ebr masat e nd\u00ebrmarra p\u00ebr sezonin turistik. Gjat\u00eb fjal\u00ebs s\u00eb saj Balluku u shpreh se do t\u00eb fillojn\u00eb shum\u00eb shpejt operimet n\u00eb Qendr\u00ebn e Menaxhimit t\u00eb Trafikut. Sipas saj aty ku parashikohet q\u00eb t\u00eb akomodohen t\u00eb gjitha ato struktura q\u00eb [&hellip;]<\/p>\n","protected":false,"gt_translate_keys":[{"key":"rendered","format":"html"}]},"author":32,"featured_media":671130,"comment_status":"closed","ping_status":"open","sticky":false,"template":"","format":"standard","meta":{"footnotes":""},"categories":[65],"tags":[],"class_list":["post-671125","post","type-post","status-publish","format-standard","has-post-thumbnail","hentry","category-lajme"],"gt_translate_keys":[{"key":"link","format":"url"}],"_links":{"self":[{"href":"https:\/\/www.hashtag.al\/index.php\/wp-json\/wp\/v2\/posts\/671125","targetHints":{"allow":["GET"]}}],"collection":[{"href":"https:\/\/www.hashtag.al\/index.php\/wp-json\/wp\/v2\/posts"}],"about":[{"href":"https:\/\/www.hashtag.al\/index.php\/wp-json\/wp\/v2\/types\/post"}],"author":[{"embeddable":true,"href":"https:\/\/www.hashtag.al\/index.php\/wp-json\/wp\/v2\/users\/32"}],"replies":[{"embeddable":true,"href":"https:\/\/www.hashtag.al\/index.php\/wp-json\/wp\/v2\/comments?post=671125"}],"version-history":[{"count":0,"href":"https:\/\/www.hashtag.al\/index.php\/wp-json\/wp\/v2\/posts\/671125\/revisions"}],"wp:featuredmedia":[{"embeddable":true,"href":"https:\/\/www.hashtag.al\/index.php\/wp-json\/wp\/v2\/media\/671130"}],"wp:attachment":[{"href":"https:\/\/www.hashtag.al\/index.php\/wp-json\/wp\/v2\/media?parent=671125"}],"wp:term":[{"taxonomy":"category","embeddable":true,"href":"https:\/\/www.hashtag.al\/index.php\/wp-json\/wp\/v2\/categories?post=671125"},{"taxonomy":"post_tag","embeddable":true,"href":"https:\/\/www.hashtag.al\/index.php\/wp-json\/wp\/v2\/tags?post=671125"}],"curies":[{"name":"wp","href":"https:\/\/api.w.org\/{rel}","templated":true}]}}