{"id":670983,"date":"2024-04-29T10:19:00","date_gmt":"2024-04-29T08:19:00","guid":{"rendered":"https:\/\/www.hashtag.al\/?p=670983"},"modified":"2024-04-29T10:19:00","modified_gmt":"2024-04-29T08:19:00","slug":"tritol-ne-banesen-e-tonin-sterkajt-unioni-i-gjyqtareve-sulm-burracak-ka-per-qellim-te-cenoje-sigurine","status":"publish","type":"post","link":"https:\/\/www.hashtag.al\/index.php\/2024\/04\/29\/tritol-ne-banesen-e-tonin-sterkajt-unioni-i-gjyqtareve-sulm-burracak-ka-per-qellim-te-cenoje-sigurine\/","title":{"rendered":"Tritol n\u00eb banes\u00ebn e Tonin Sterkajt, Unioni i Gjyqtar\u00ebve: Sulm burracak, ka p\u00ebr q\u00ebllim t\u00eb c\u00ebnoj\u00eb sigurin\u00eb\u00a0","gt_translate_keys":[{"key":"rendered","format":"text"}]},"content":{"rendered":"<p><img loading=\"lazy\" decoding=\"async\" class=\"size-full wp-image-670749 aligncenter\" src=\"https:\/\/www.hashtag.al\/wp-content\/uploads\/2024\/04\/1714296176_112-transformed.jpeg\" alt=\"\" width=\"539\" height=\"305\" srcset=\"https:\/\/www.hashtag.al\/wp-content\/uploads\/2024\/04\/1714296176_112-transformed.jpeg 539w, https:\/\/www.hashtag.al\/wp-content\/uploads\/2024\/04\/1714296176_112-transformed-300x170.jpeg 300w\" sizes=\"auto, (max-width: 539px) 100vw, 539px\" \/><\/p>\n<p><span style=\"font-weight: 400; color: #000000;\">Unioni i Gjyqtareve t\u00eb Shqip\u00ebris\u00eb shprehu shq\u00ebt\u00ebsimin e tij n\u00eb lidhje me ngjarjen kriminale t\u00eb ndodhur dje, n\u00eb or\u00ebt e para t\u00eb m\u00ebngjesit n\u00eb qytetin e Shkodr\u00ebs, ku nj\u00eb sasi eksplozivi shp\u00ebrthu n\u00eb der\u00ebn e banes\u00ebs s\u00eb kolegut ton\u00eb, gjyqtar Tonin Sterkaj.<\/span><\/p>\n<p><span style=\"font-weight: 400; color: #000000;\">Duke shprehur mb\u00ebshtetjen p\u00ebr gjyqtarin dhe familjen e saj Unioni i Gjyqtar\u00ebve t\u00eb Shqip\u00ebris\u00eb d\u00ebnon me forc\u00eb k\u00ebt\u00eb \u2018akt t\u00eb sh\u00ebmtuar kriminal\u201d i cili nuk drejtohet vet\u00ebm ndaj kolegut gjyqtar Z.Tonin Sterkaj por edhe ndaj t\u00eb gjith\u00eb magjistrat\u00ebve (gjyqtar\u00eb e prokuror\u00eb) n\u00eb Republik\u00ebn e Shqip\u00ebris\u00eb, t\u00eb cil\u00ebt me p\u00ebrkushtim dhe n\u00eb kushte t\u00eb nj\u00eb ngarkese jasht\u00ebzakonisht t\u00eb lart\u00eb pune, presioni mediatik e politik, p\u00ebrpiqen \u00e7do dit\u00eb t\u00eb japin drejt\u00ebsi.<\/span><\/p>\n<p><span style=\"color: #000000;\"><i><span style=\"font-weight: 400;\">\u201cUnioni i Gjyqtar\u00ebve t\u00eb Shqip\u00ebris\u00eb thekson se, ky sulm i pabes\u00eb e burracak ka p\u00ebr q\u00ebllim jo vet\u00ebm frik\u00ebsimin e magjistrat\u00ebve por edhe c\u00ebnimin e rendit e t\u00eb siguris\u00eb publike, si dhe forcimin e sundimit t\u00eb ligjit dhe shtetit t\u00eb s\u00eb drejt\u00ebs n\u00eb vendin ton\u00eb!\u2019 thuhet n\u00eb nj\u00eb reagim t\u00eb sot\u00ebm t\u00eb Unionit\u201d,<\/span><\/i><span style=\"font-weight: 400;\"> thekson Unioni i Gjyqtar\u00ebve.<\/span><\/span><\/p>\n<p><span style=\"font-weight: 400; color: #000000;\">Unioni i Gjyqtar\u00ebve t\u00eb Shqip\u00ebris\u00eb k\u00ebrkon nga organet ligjzbatuese t\u00eb veprojn\u00eb m\u00eb shpejt se rastet e m\u00ebpar\u00ebshme, p\u00ebr t\u00eb indetifikuar, kapur e v\u00ebn\u00eb para p\u00ebrgjegj\u00ebsis\u00eb penale \u00e7do autor t\u00eb mundsh\u00ebm t\u00eb k\u00ebtij veprimi t\u00eb sh\u00ebmtuar krimininal, duke dh\u00ebn\u00eb n\u00eb m\u00ebnyr\u00eb t\u00eb ve\u00e7ant\u00eb mesazhin se, magjistrat\u00ebt n\u00eb Republik\u00ebn e Shqip\u00ebris\u00eb kan\u00eb mb\u00ebshtetjen maksimale t\u00eb Shtetit, p\u00ebr t\u00eb kryer detyr\u00ebn e tyre n\u00eb m\u00ebnyr\u00eb t\u00eb qet\u00eb e pa rrezikuar jet\u00ebn, sh\u00ebndetin, pron\u00ebn e tyre dhe t\u00eb familjarev\u00eb te tyre nga krimi, si nj\u00eb nd\u00ebr kushtet themelore p\u00ebr forcimin e ligjit, shtetit t\u00eb s\u00eb drejt\u00ebs dhe prospertitetin e vendit.<\/span><\/p>\n<p><span style=\"font-weight: 400; color: #000000;\">S\u00eb fundmi, Unioni i Gjyqtar\u00ebve t\u00eb Shqip\u00ebris\u00eb i p\u00ebrcjell edhe nj\u00eb her\u00eb angazhimin e tij maksimal p\u00ebr t\u00eb bashk\u00ebpunuar me organet shtet\u00ebrore, n\u00eb mbrojtje t\u00eb parimeve kushtetuese t\u00eb ndarjes s\u00eb pushteteve, pavar\u00ebsis\u00eb s\u00eb gjykatave, garantimit t\u00eb t\u00eb drejtave dhe lirive t\u00eb gjyqtar\u00ebve n\u00eb Republik\u00ebn e Shqip\u00ebris\u00eb si dhe luft\u00ebn pa kompromis ndaj \u00e7do fenomeni negativ t\u00eb v\u00ebrejtur n\u00eb rradh\u00ebt e punonj\u00ebsve t\u00eb sistemit t\u00eb drejt\u00ebsis\u00eb.<\/span><\/p>\n","protected":false,"gt_translate_keys":[{"key":"rendered","format":"html"}]},"excerpt":{"rendered":"<p>Unioni i Gjyqtareve t\u00eb Shqip\u00ebris\u00eb shprehu shq\u00ebt\u00ebsimin e tij n\u00eb lidhje me ngjarjen kriminale t\u00eb ndodhur dje, n\u00eb or\u00ebt e para t\u00eb m\u00ebngjesit n\u00eb qytetin e Shkodr\u00ebs, ku nj\u00eb sasi eksplozivi shp\u00ebrthu n\u00eb der\u00ebn e banes\u00ebs s\u00eb kolegut ton\u00eb, gjyqtar Tonin Sterkaj. Duke shprehur mb\u00ebshtetjen p\u00ebr gjyqtarin dhe familjen e saj Unioni i Gjyqtar\u00ebve t\u00eb [&hellip;]<\/p>\n","protected":false,"gt_translate_keys":[{"key":"rendered","format":"html"}]},"author":4,"featured_media":670749,"comment_status":"closed","ping_status":"open","sticky":false,"template":"","format":"standard","meta":{"footnotes":""},"categories":[65],"tags":[],"class_list":["post-670983","post","type-post","status-publish","format-standard","has-post-thumbnail","hentry","category-lajme"],"gt_translate_keys":[{"key":"link","format":"url"}],"_links":{"self":[{"href":"https:\/\/www.hashtag.al\/index.php\/wp-json\/wp\/v2\/posts\/670983","targetHints":{"allow":["GET"]}}],"collection":[{"href":"https:\/\/www.hashtag.al\/index.php\/wp-json\/wp\/v2\/posts"}],"about":[{"href":"https:\/\/www.hashtag.al\/index.php\/wp-json\/wp\/v2\/types\/post"}],"author":[{"embeddable":true,"href":"https:\/\/www.hashtag.al\/index.php\/wp-json\/wp\/v2\/users\/4"}],"replies":[{"embeddable":true,"href":"https:\/\/www.hashtag.al\/index.php\/wp-json\/wp\/v2\/comments?post=670983"}],"version-history":[{"count":0,"href":"https:\/\/www.hashtag.al\/index.php\/wp-json\/wp\/v2\/posts\/670983\/revisions"}],"wp:featuredmedia":[{"embeddable":true,"href":"https:\/\/www.hashtag.al\/index.php\/wp-json\/wp\/v2\/media\/670749"}],"wp:attachment":[{"href":"https:\/\/www.hashtag.al\/index.php\/wp-json\/wp\/v2\/media?parent=670983"}],"wp:term":[{"taxonomy":"category","embeddable":true,"href":"https:\/\/www.hashtag.al\/index.php\/wp-json\/wp\/v2\/categories?post=670983"},{"taxonomy":"post_tag","embeddable":true,"href":"https:\/\/www.hashtag.al\/index.php\/wp-json\/wp\/v2\/tags?post=670983"}],"curies":[{"name":"wp","href":"https:\/\/api.w.org\/{rel}","templated":true}]}}