{"id":670866,"date":"2024-04-28T20:56:21","date_gmt":"2024-04-28T18:56:21","guid":{"rendered":"https:\/\/www.hashtag.al\/?p=670866"},"modified":"2024-04-28T20:56:21","modified_gmt":"2024-04-28T18:56:21","slug":"a-do-dorehiqet-kryeministri-i-spanjes-dhe-si-mund-te-trazohet-be-ja-pas-zgjedhjeve-per-parlamentin-evropian","status":"publish","type":"post","link":"https:\/\/www.hashtag.al\/index.php\/2024\/04\/28\/a-do-dorehiqet-kryeministri-i-spanjes-dhe-si-mund-te-trazohet-be-ja-pas-zgjedhjeve-per-parlamentin-evropian\/","title":{"rendered":"A do dor\u00ebhiqet kryeministri i Spanj\u00ebs dhe si mund t\u00eb trazohet BE-ja pas zgjedhjeve p\u00ebr Parlamentin Evropian","gt_translate_keys":[{"key":"rendered","format":"text"}]},"content":{"rendered":"<p><img loading=\"lazy\" decoding=\"async\" class=\"aligncenter size-full wp-image-670867\" src=\"https:\/\/www.hashtag.al\/wp-content\/uploads\/2024\/04\/sanchea-ezgif.com-avif-to-jpg-converter.jpg\" alt=\"\" width=\"1280\" height=\"853\" srcset=\"https:\/\/www.hashtag.al\/wp-content\/uploads\/2024\/04\/sanchea-ezgif.com-avif-to-jpg-converter.jpg 1280w, https:\/\/www.hashtag.al\/wp-content\/uploads\/2024\/04\/sanchea-ezgif.com-avif-to-jpg-converter-300x200.jpg 300w, https:\/\/www.hashtag.al\/wp-content\/uploads\/2024\/04\/sanchea-ezgif.com-avif-to-jpg-converter-1024x682.jpg 1024w, https:\/\/www.hashtag.al\/wp-content\/uploads\/2024\/04\/sanchea-ezgif.com-avif-to-jpg-converter-768x512.jpg 768w\" sizes=\"auto, (max-width: 1280px) 100vw, 1280px\" \/><\/p>\n<p><span style=\"color: #000000;\">\u00cbsht\u00eb njoftimi q\u00eb e gjith\u00eb Spanja &#8211; dhe pjesa m\u00eb e madhe e Evrop\u00ebs &#8211; po e pret me frym\u00eb t\u00eb ndalur: A \u00ebsht\u00eb Pedro S\u00e1nchez i gatsh\u00ebm t\u00eb mbetet kryeminist\u00ebr i vendit, apo po e jep dor\u00ebheqjen duke sjell\u00eb vullnetarisht nj\u00eb periudh\u00eb t\u00eb re paq\u00ebndrueshm\u00ebrie politike n\u00eb ekonomin\u00eb e pest\u00eb m\u00eb t\u00eb madhe t\u00eb BE-s\u00eb?<\/span><\/p>\n<p><span style=\"color: #000000;\">Ky \u00ebsht\u00eb misteri q\u00eb do zgjidhet t\u00eb h\u00ebn\u00ebn. N\u00eb nj\u00eb let\u00ebr bomb\u00eb t\u00eb botuar n\u00eb X t\u00eb m\u00ebrkur\u00ebn e kaluar, S\u00e1nchez tha se sulmet e p\u00ebrs\u00ebritura t\u00eb krahut t\u00eb djatht\u00eb ndaj familjes s\u00eb tij e kishin shtyr\u00eb t\u00eb pyeste veten n\u00ebse qeverisja e Spanj\u00ebs justifikonte ekspozimin e t\u00eb dashurve t\u00eb tij ndaj abuzimit t\u00eb vazhduesh\u00ebm.<\/span><\/p>\n<p><span style=\"color: #000000;\"><em>\u201cA duhet t\u00eb vazhdoj t\u00eb drejtoj k\u00ebt\u00eb qeveri apo t\u00eb heq dor\u00eb nga ky nderim m\u00eb i lart\u00eb?\u201d<\/em> shktoi kryeministri. <em>\u201cM\u00eb duhet urgjentisht t\u2019i p\u00ebrgjigjem nj\u00eb pyetjeje q\u00eb vijoj t\u2019ia b\u00ebj vetes: A ia vlen q\u00eb un\u00eb t\u00eb q\u00ebndroj n\u00eb detyr\u00eb, pavar\u00ebsisht nga balta q\u00eb hedh e djathta dhe e djathta ekstreme?\u201d<\/em><\/span><\/p>\n<p><span style=\"color: #000000;\">S\u00e1nchez i ka kaluar pes\u00eb dit\u00ebt e fundit i izoluar, duke medituar p\u00ebr t\u00eb ardhmen e tij. Mb\u00ebshtet\u00ebsit dhe kund\u00ebrshtar\u00ebt tani presin nj\u00eb vendim q\u00eb ka potencialin t\u00eb ndryshoj\u00eb rr\u00ebnj\u00ebsisht peizazhin politik t\u00eb Spanj\u00ebs dhe t\u00eb ndikoj\u00eb ndjesh\u00ebm n\u00eb shp\u00ebrndarjen e vendeve t\u00eb r\u00ebnd\u00ebsishme t\u00eb pun\u00ebs n\u00eb BE pas zgjedhjeve t\u00eb Parlamentit Evropian t\u00eb qershorit.<\/span><\/p>\n<p><strong><span style=\"color: #000000;\">Qu\u00e9date (q\u00ebndro), Pedro!<\/span><\/strong><\/p>\n<p><span style=\"color: #000000;\">Njoftimi i S\u00e1nchez t\u00eb m\u00ebrkur\u00ebn e kaluar u motivua nga lajmet se nj\u00eb gjykat\u00ebs i Madridit kishte nisur nj\u00eb hetim paraprak p\u00ebr korrupsion dhe influenc\u00eb t\u00eb p\u00ebrqendruar te Begona G\u00f3mez, gruaja e kryeministrit. Hetimi u nis n\u00eb p\u00ebrgjigje t\u00eb nj\u00eb padie t\u00eb ngritur nga Manos Limpias &#8211; ose &#8220;Duart e Pastra&#8221; &#8211; nj\u00eb grup me lidhje me t\u00eb djatht\u00ebn ekstreme q\u00eb p\u00ebrdor rregullisht gjykatat p\u00ebr t\u00eb synuar njer\u00ebz ose grupe t\u00eb lidhura me kauza progresive.<\/span><\/p>\n<p><span style=\"color: #000000;\">Padia duket t\u00eb jet\u00eb e pabaz\u00eb: Prokuror\u00ebt jav\u00ebn e kaluar rekomanduan rr\u00ebzimin e kall\u00ebzimit penal dhe madje \u201cManos Limpias\u201d pranon se padia e saj mund t\u00eb bazohet n\u00eb &#8220;lajme t\u00eb rreme&#8221;. Por vendimi i gjyq\u00ebsorit p\u00ebr t\u00eb nisur hetimin paraprak ndaj G\u00f3mez, pavar\u00ebsisht nga pak\u00ebsimi i provave kund\u00ebr saj, duket se ka qen\u00eb i tep\u00ebrt p\u00ebr S\u00e1nchez.<\/span><\/p>\n<p><img loading=\"lazy\" decoding=\"async\" class=\"aligncenter size-full wp-image-670868\" src=\"https:\/\/www.hashtag.al\/wp-content\/uploads\/2024\/04\/sanchea.avif2-ezgif.com-avif-to-jpg-converter.jpg\" alt=\"\" width=\"683\" height=\"1024\" srcset=\"https:\/\/www.hashtag.al\/wp-content\/uploads\/2024\/04\/sanchea.avif2-ezgif.com-avif-to-jpg-converter.jpg 683w, https:\/\/www.hashtag.al\/wp-content\/uploads\/2024\/04\/sanchea.avif2-ezgif.com-avif-to-jpg-converter-200x300.jpg 200w\" sizes=\"auto, (max-width: 683px) 100vw, 683px\" \/><\/p>\n<p><span style=\"color: #000000;\">Reagimi i kryeministrit mund t\u00eb kuptohet duke pasur parasysh sulmet personale q\u00eb jan\u00eb b\u00ebr\u00eb kund\u00ebr tij dhe familjes s\u00eb tij q\u00eb kur ai u ngjit n\u00eb ball\u00eb t\u00eb politik\u00ebs spanjolle nj\u00eb dekad\u00eb m\u00eb par\u00eb. Gjat\u00eb viteve t\u00eb fundit, Partia Popullore e qendr\u00ebs s\u00eb djatht\u00eb e ka quajtur Sanchez-in nj\u00eb uzurpator, simpatizant terrorist dhe nj\u00eb tradhtar. Opozita konservatore ka ndihmuar gjithashtu p\u00ebrhapjen e thashethemeve keqdash\u00ebse se gruaja e tij \u00ebsht\u00eb n\u00eb t\u00eb v\u00ebrtet\u00eb nj\u00eb burr\u00eb dhe se familja e saj jan\u00eb kontrabandist\u00eb droge q\u00eb drejtojn\u00eb nj\u00eb rrjet klubesh seksi.<\/span><\/p>\n<p><span style=\"color: #000000;\">Intensiteti i presionit t\u00eb cilit i jan\u00eb n\u00ebnshtruar S\u00e1nchez dhe familja e tij u n\u00ebnvizua nga mediat spanjolle t\u00eb premten, kur publikime t\u00eb shumta postuan regjistrime t\u00eb nj\u00eb takimi t\u00eb vitit 2014 midis Sekretarit t\u00eb Shtetit t\u00eb at\u00ebhersh\u00ebm p\u00ebr sigurin\u00eb, politikanit t\u00eb qendr\u00ebs s\u00eb djatht\u00eb Francisco Mart\u00ednez dhe Jos\u00e9 Manuel Villarejo. Ky i fundit, nj\u00eb inspektor policie i turp\u00ebruar, dyshohet se ishte n\u00eb qend\u00ebr t\u00eb nj\u00eb aparati t\u00eb fuqish\u00ebm q\u00eb punonte p\u00ebr t\u00eb njollosur reputacionin e politikan\u00ebve, gjyqtar\u00ebve t\u00eb lart\u00eb, madje edhe an\u00ebtar\u00ebve t\u00eb monarkis\u00eb.<\/span><\/p>\n<p><span style=\"color: #000000;\">N\u00eb regjistrim, burrat diskutojn\u00eb planet p\u00ebr t\u00eb &#8220;vrar\u00eb politikisht&#8221; S\u00e1nchez duke ndjekur familjen e gruas s\u00eb tij dhe duke sugjeruar se ata jan\u00eb t\u00eb p\u00ebrfshir\u00eb n\u00eb biznese t\u00eb paligjshme. M\u00eb von\u00eb Villarejo diskuton p\u00ebrdorimin e taktikave ligjore &#8211; nisjen e \u00e7\u00ebshtjeve t\u00eb pabaza gjyq\u00ebsore p\u00ebr t\u00eb ngacmuar dhe diskredituar kund\u00ebrshtar\u00ebt politik\u00eb &#8211; dhe p\u00ebrmend \u201cManos Limpias\u201d si nj\u00eb grup me t\u00eb cilin ai bashk\u00ebpunon.<\/span><\/p>\n<p><span style=\"color: #000000;\">Regjistrimet u cituan n\u00eb nj\u00eb takim emocional t\u00eb kryesis\u00eb s\u00eb Partis\u00eb Socialiste t\u00eb shtun\u00ebn, gjat\u00eb s\u00eb cil\u00ebs ministrat e Sanchez shpreh\u00ebn mb\u00ebshtetje p\u00ebr kreun e tyre dhe iu lut\u00ebn q\u00eb t\u00eb mos dor\u00ebzohej para ngacmuesve t\u00eb tij. Jasht\u00eb selis\u00eb s\u00eb partis\u00eb n\u00eb Madrid rreth 12,500 mb\u00ebshtet\u00ebs u mblodh\u00ebn p\u00ebr t\u00eb thirrur &#8220;\u00a1Qu\u00e9date, Pedro!&#8221; &#8211; &#8220;Pedro, t\u00eb lutem q\u00ebndro!&#8221;<\/span><\/p>\n<p><span style=\"color: #000000;\"><strong>Njoftimi mister<\/strong><\/span><\/p>\n<p><span style=\"color: #000000;\">Ajo q\u00eb do b\u00ebj\u00eb S\u00e1nchez t\u00eb h\u00ebn\u00ebn \u00ebsht\u00eb nj\u00eb mister edhe p\u00ebr rrethin e tij m\u00eb t\u00eb ngusht\u00eb. Nj\u00eb zyrtar qeveritar, t\u00eb cilit iu dha anonimiteti p\u00ebr t\u00eb folur lirsh\u00ebm p\u00ebr k\u00ebt\u00eb \u00e7\u00ebshtje, tha se Kabineti kishte marr\u00eb dijeni p\u00ebr letr\u00ebn e Sanchez vet\u00ebm kur u publikua n\u00eb X, dhe se kryeministri e kishte p\u00ebrmbajtur veten q\u00eb at\u00ebher\u00eb. Vendimi q\u00eb Sanchez ka p\u00ebrpara \u00ebsht\u00eb nj\u00eb vendim personal q\u00eb ai po e merr me kontributin e familjes s\u00eb tij &#8211; dhe me sa duket m\u00eb ask\u00ebnd tjet\u00ebr.<\/span><\/p>\n<p><span style=\"color: #000000;\">Ajo q\u00eb vendos t\u00eb b\u00ebj\u00eb Sanchez mund t\u00eb \u00e7oj\u00eb n\u00eb skenar\u00eb shum\u00eb t\u00eb ndrysh\u00ebm p\u00ebr Spanj\u00ebn. Kryeministri mund t\u00eb shpall\u00eb se do mbetet n\u00eb detyr\u00eb, ose mund t&#8217;ia l\u00ebr\u00eb vendimin parlamentit spanjoll duke iu n\u00ebnshtruar nj\u00eb vot\u00ebbesimi. S\u00e1nchez ka t\u00eb ngjar\u00eb t\u00eb kaloj\u00eb at\u00eb prov\u00eb dhe t\u00eb marr\u00eb mb\u00ebshtetjen e t\u00eb nj\u00ebjt\u00ebve 179 ligjv\u00ebn\u00ebs q\u00eb konfirmuan ofert\u00ebn e tij p\u00ebr t\u00eb formuar nj\u00eb qeveri n\u00ebntorin e kaluar.<\/span><\/p>\n<p><span style=\"color: #000000;\">Por n\u00ebse kryeministri largohet, Spanja mund t\u00eb p\u00ebrballet me nj\u00eb periudh\u00eb t\u00eb zgjatur pasigurie politike. Qeveria do kalonte menj\u00ebher\u00eb n\u00eb modalitetin kujdestar dhe mbreti Felipe VI do duhej t\u00eb zhvillonte k\u00ebshillime me krer\u00ebt politik\u00eb n\u00eb parlament p\u00ebr t\u00eb p\u00ebrcaktuar n\u00ebse ka nj\u00eb kandidat tjet\u00ebr t\u00eb aft\u00eb p\u00ebr t\u00eb formuar nj\u00eb qeveri.<\/span><\/p>\n<p><span style=\"color: #000000;\">S\u00e1nchez nuk ka pasardh\u00ebs t\u00eb duksh\u00ebm dhe \u00ebsht\u00eb e paqart\u00eb n\u00ebse ka ndonj\u00eb n\u00eb radh\u00ebt e socialist\u00ebve rreth t\u00eb cilit mund t\u00eb bashkohen mjaft ligjv\u00ebn\u00ebs t\u00eb krahut t\u00eb majt\u00eb dhe separatist\u00eb. Nd\u00ebrkoh\u00eb, megjith\u00ebse kreu i Partis\u00eb Popullore Alberto N\u00fanez Feij\u00f3o d\u00ebshiron t\u00eb jet\u00eb kryeminist\u00ebr, ai nuk ka mb\u00ebshtetjen e nevojshme parlamentare p\u00ebr t\u00eb formuar nj\u00eb qeveri.<\/span><\/p>\n<p><span style=\"color: #000000;\">N\u00ebse askush nuk mund t\u00eb siguroj\u00eb mb\u00ebshtetjen e shumic\u00ebs s\u00eb thjesht\u00eb t\u00eb 350 ligjv\u00ebn\u00ebsve t\u00eb parlamentit brenda dy muajve, organi do shp\u00ebrndahet dhe zgjedhjet e reja do planifikohen t\u00eb mbahen 54 dit\u00eb m\u00eb von\u00eb. Prandaj, Spanja do shkoj\u00eb n\u00eb zgjedhje n\u00eb mes t\u00eb gushtit dhe ka t\u00eb ngjar\u00eb t\u00eb mos ket\u00eb nj\u00eb qeveri t\u00eb re deri n\u00eb vjesht\u00eb.<\/span><\/p>\n<p><span style=\"color: #000000;\">P\u00ebrve\u00e7 trazirave q\u00eb ky skenar do shkaktonte brenda vendit, largimi i Sanchez ka t\u00eb ngjar\u00eb t\u00eb ket\u00eb gjithashtu nj\u00eb ndikim n\u00eb takimet kryesore t\u00eb K\u00ebshillit Evropian p\u00ebr t\u00eb zgjedhur drejtuesit e rinj t\u00eb institucioneve t\u00eb BE-s\u00eb.<\/span><\/p>\n<p><span style=\"color: #000000;\">\u00cbsht\u00eb e paqart\u00eb se sa ndikim do kishte figura e p\u00ebrkohshme q\u00eb do merrte detyr\u00ebn nga S\u00e1nchez &#8211; me sa duket z\u00ebvend\u00ebskryeministrja Mar\u00eda Jes\u00fas Montero &#8211; n\u00eb bisedimet vendimtare dhe sa do ndikoj\u00eb r\u00ebnia e nj\u00eb qeverie tjet\u00ebr socialiste n\u00eb shp\u00ebrndarjen e posteve n\u00eb Komisionin Evropian, K\u00ebshillin Evropian dhe deg\u00ebn e BE-s\u00eb p\u00ebr \u00e7\u00ebshtjet e jashtme.<\/span><\/p>\n<p><span style=\"color: #000000;\">Socialist\u00ebt dhe Demokrat\u00ebt e Evrop\u00ebs jan\u00eb t\u00eb prirur q\u00eb nj\u00eb nga an\u00ebtar\u00ebt e tyre t\u00eb pasoj\u00eb Charles Michel si president i K\u00ebshillit Evropian. Aft\u00ebsia e tyre p\u00ebr t\u00eb ndikuar n\u00eb negociatat e posteve ky\u00e7e ka t\u00eb ngjar\u00eb t\u00eb dob\u00ebsohet n\u00ebse S\u00e1nchez, nj\u00eb nga kryeministrat socialist\u00eb m\u00eb t\u00eb vjet\u00ebr dhe m\u00eb t\u00eb fuqish\u00ebm t\u00eb bllokut, nuk \u00ebsht\u00eb n\u00eb tryez\u00eb kur t\u00eb ndodhin ato bisedime.<\/span><\/p>\n<p><span style=\"color: #000000;\"><span style=\"color: #ff0000;\"><strong>VINI RE<\/strong><\/span>: Ky material \u00ebsht\u00eb pron\u00ebsi intelektuale e <span style=\"color: #0000ff;\"><a style=\"color: #0000ff;\" href=\"https:\/\/www.politico.eu\/article\/pedro-sanchez-edge-spain-prime-minister-resign\/\">Politico<\/a><\/span><\/span><\/p>\n<p><span style=\"color: #000000;\">P\u00ebrgatiti p\u00ebr <span style=\"color: #0000ff;\">Hashtag.al,<\/span> Klodian Manjani<\/span><\/p>\n","protected":false,"gt_translate_keys":[{"key":"rendered","format":"html"}]},"excerpt":{"rendered":"<p>\u00cbsht\u00eb njoftimi q\u00eb e gjith\u00eb Spanja &#8211; dhe pjesa m\u00eb e madhe e Evrop\u00ebs &#8211; po e pret me frym\u00eb t\u00eb ndalur: A \u00ebsht\u00eb Pedro S\u00e1nchez i gatsh\u00ebm t\u00eb mbetet kryeminist\u00ebr i vendit, apo po e jep dor\u00ebheqjen duke sjell\u00eb vullnetarisht nj\u00eb periudh\u00eb t\u00eb re paq\u00ebndrueshm\u00ebrie politike n\u00eb ekonomin\u00eb e pest\u00eb m\u00eb t\u00eb madhe t\u00eb [&hellip;]<\/p>\n","protected":false,"gt_translate_keys":[{"key":"rendered","format":"html"}]},"author":51,"featured_media":670867,"comment_status":"closed","ping_status":"open","sticky":false,"template":"","format":"standard","meta":{"footnotes":""},"categories":[22],"tags":[],"class_list":["post-670866","post","type-post","status-publish","format-standard","has-post-thumbnail","hentry","category-ballina"],"gt_translate_keys":[{"key":"link","format":"url"}],"_links":{"self":[{"href":"https:\/\/www.hashtag.al\/index.php\/wp-json\/wp\/v2\/posts\/670866","targetHints":{"allow":["GET"]}}],"collection":[{"href":"https:\/\/www.hashtag.al\/index.php\/wp-json\/wp\/v2\/posts"}],"about":[{"href":"https:\/\/www.hashtag.al\/index.php\/wp-json\/wp\/v2\/types\/post"}],"author":[{"embeddable":true,"href":"https:\/\/www.hashtag.al\/index.php\/wp-json\/wp\/v2\/users\/51"}],"replies":[{"embeddable":true,"href":"https:\/\/www.hashtag.al\/index.php\/wp-json\/wp\/v2\/comments?post=670866"}],"version-history":[{"count":0,"href":"https:\/\/www.hashtag.al\/index.php\/wp-json\/wp\/v2\/posts\/670866\/revisions"}],"wp:featuredmedia":[{"embeddable":true,"href":"https:\/\/www.hashtag.al\/index.php\/wp-json\/wp\/v2\/media\/670867"}],"wp:attachment":[{"href":"https:\/\/www.hashtag.al\/index.php\/wp-json\/wp\/v2\/media?parent=670866"}],"wp:term":[{"taxonomy":"category","embeddable":true,"href":"https:\/\/www.hashtag.al\/index.php\/wp-json\/wp\/v2\/categories?post=670866"},{"taxonomy":"post_tag","embeddable":true,"href":"https:\/\/www.hashtag.al\/index.php\/wp-json\/wp\/v2\/tags?post=670866"}],"curies":[{"name":"wp","href":"https:\/\/api.w.org\/{rel}","templated":true}]}}