{"id":670801,"date":"2024-04-28T16:31:50","date_gmt":"2024-04-28T14:31:50","guid":{"rendered":"https:\/\/www.hashtag.al\/?p=670801"},"modified":"2024-04-28T16:31:50","modified_gmt":"2024-04-28T14:31:50","slug":"sulm-terrorist-ne-nigeri-23-viktima-civile","status":"publish","type":"post","link":"https:\/\/www.hashtag.al\/index.php\/2024\/04\/28\/sulm-terrorist-ne-nigeri-23-viktima-civile\/","title":{"rendered":"Sulm terrorist n\u00eb Nigeri, 23 viktima civile","gt_translate_keys":[{"key":"rendered","format":"text"}]},"content":{"rendered":"<p><img loading=\"lazy\" decoding=\"async\" class=\"aligncenter size-full wp-image-670802\" src=\"https:\/\/www.hashtag.al\/wp-content\/uploads\/2024\/04\/nigeri-1.jpg\" alt=\"\" width=\"1480\" height=\"833\" srcset=\"https:\/\/www.hashtag.al\/wp-content\/uploads\/2024\/04\/nigeri-1.jpg 1480w, https:\/\/www.hashtag.al\/wp-content\/uploads\/2024\/04\/nigeri-1-300x169.jpg 300w, https:\/\/www.hashtag.al\/wp-content\/uploads\/2024\/04\/nigeri-1-1024x576.jpg 1024w, https:\/\/www.hashtag.al\/wp-content\/uploads\/2024\/04\/nigeri-1-768x432.jpg 768w\" sizes=\"auto, (max-width: 1480px) 100vw, 1480px\" \/><\/p>\n<p><span style=\"color: #000000;\">T\u00eb pakt\u00ebn 23 an\u00ebtar\u00eb t\u00eb task-forc\u00ebs s\u00eb p\u00ebrbashk\u00ebt civile t\u00eb Nigeris\u00eb u vran\u00eb t\u00eb shtun\u00ebn n\u00eb sulme t\u00eb ve\u00e7anta nga militant\u00ebt dhe nj\u00eb band\u00eb e armatosur n\u00eb veri, than\u00eb t\u00eb diel\u00ebn dy zyrtar\u00eb nga forca.<\/span><\/p>\n<p><span style=\"color: #000000;\">N\u00eb shtetin verilindor Borno, qend\u00ebr e nj\u00eb kryengritjeje islamike, luft\u00ebtar\u00ebt e dyshuar t\u00eb Provinc\u00ebs s\u00eb Afrik\u00ebs Per\u00ebndimore t\u00eb Shtetit Islamik (ISWAP) p\u00ebrdor\u00ebn nj\u00eb mjet shp\u00ebrthyes t\u00eb improvizuar (IED) p\u00ebr t\u00eb hedhur n\u00eb er\u00eb nj\u00eb automjet q\u00eb mbante ekipin e Forcave t\u00eb P\u00ebrbashk\u00ebt Civile (CJTF).<\/span><\/p>\n<p><span style=\"color: #000000;\">CJTF u formua fillimisht n\u00eb vitin 2013 p\u00ebr t\u00eb mbrojtur komunitetet n\u00eb verilindje dhe p\u00ebr t\u00eb ndihmuar ushtrin\u00eb t\u00eb luftoj\u00eb Boko Haram dhe m\u00eb von\u00eb deg\u00ebn e saj IS\u00cbAP. Forca q\u00eb at\u00ebher\u00eb \u00ebsht\u00eb shtrir\u00eb n\u00eb shtetet e tjera veriore q\u00eb po p\u00ebrballen me bandat e armatosura t\u00eb rr\u00ebmbimit.<\/span><\/p>\n","protected":false,"gt_translate_keys":[{"key":"rendered","format":"html"}]},"excerpt":{"rendered":"<p>T\u00eb pakt\u00ebn 23 an\u00ebtar\u00eb t\u00eb task-forc\u00ebs s\u00eb p\u00ebrbashk\u00ebt civile t\u00eb Nigeris\u00eb u vran\u00eb t\u00eb shtun\u00ebn n\u00eb sulme t\u00eb ve\u00e7anta nga militant\u00ebt dhe nj\u00eb band\u00eb e armatosur n\u00eb veri, than\u00eb t\u00eb diel\u00ebn dy zyrtar\u00eb nga forca. N\u00eb shtetin verilindor Borno, qend\u00ebr e nj\u00eb kryengritjeje islamike, luft\u00ebtar\u00ebt e dyshuar t\u00eb Provinc\u00ebs s\u00eb Afrik\u00ebs Per\u00ebndimore t\u00eb Shtetit Islamik [&hellip;]<\/p>\n","protected":false,"gt_translate_keys":[{"key":"rendered","format":"html"}]},"author":51,"featured_media":670802,"comment_status":"closed","ping_status":"open","sticky":false,"template":"","format":"standard","meta":{"footnotes":""},"categories":[6],"tags":[],"class_list":["post-670801","post","type-post","status-publish","format-standard","has-post-thumbnail","hentry","category-nderkombetare"],"gt_translate_keys":[{"key":"link","format":"url"}],"_links":{"self":[{"href":"https:\/\/www.hashtag.al\/index.php\/wp-json\/wp\/v2\/posts\/670801","targetHints":{"allow":["GET"]}}],"collection":[{"href":"https:\/\/www.hashtag.al\/index.php\/wp-json\/wp\/v2\/posts"}],"about":[{"href":"https:\/\/www.hashtag.al\/index.php\/wp-json\/wp\/v2\/types\/post"}],"author":[{"embeddable":true,"href":"https:\/\/www.hashtag.al\/index.php\/wp-json\/wp\/v2\/users\/51"}],"replies":[{"embeddable":true,"href":"https:\/\/www.hashtag.al\/index.php\/wp-json\/wp\/v2\/comments?post=670801"}],"version-history":[{"count":0,"href":"https:\/\/www.hashtag.al\/index.php\/wp-json\/wp\/v2\/posts\/670801\/revisions"}],"wp:featuredmedia":[{"embeddable":true,"href":"https:\/\/www.hashtag.al\/index.php\/wp-json\/wp\/v2\/media\/670802"}],"wp:attachment":[{"href":"https:\/\/www.hashtag.al\/index.php\/wp-json\/wp\/v2\/media?parent=670801"}],"wp:term":[{"taxonomy":"category","embeddable":true,"href":"https:\/\/www.hashtag.al\/index.php\/wp-json\/wp\/v2\/categories?post=670801"},{"taxonomy":"post_tag","embeddable":true,"href":"https:\/\/www.hashtag.al\/index.php\/wp-json\/wp\/v2\/tags?post=670801"}],"curies":[{"name":"wp","href":"https:\/\/api.w.org\/{rel}","templated":true}]}}