{"id":670541,"date":"2024-04-27T11:32:50","date_gmt":"2024-04-27T09:32:50","guid":{"rendered":"https:\/\/www.hashtag.al\/?p=670541"},"modified":"2024-04-27T11:33:29","modified_gmt":"2024-04-27T09:33:29","slug":"ne-kerkim-per-vrasje-te-mbetur-ne-tentative-arrestohet-nje-40-vjecar-ne-peqin","status":"publish","type":"post","link":"https:\/\/www.hashtag.al\/index.php\/2024\/04\/27\/ne-kerkim-per-vrasje-te-mbetur-ne-tentative-arrestohet-nje-40-vjecar-ne-peqin\/","title":{"rendered":"N\u00eb k\u00ebrkim p\u00ebr vrasje t\u00eb mbetur n\u00eb tentativ\u00eb, arrestohet nj\u00eb 40-vje\u00e7ar n\u00eb Peqin","gt_translate_keys":[{"key":"rendered","format":"text"}]},"content":{"rendered":"<p><span style=\"color: #000000;\"><a style=\"color: #000000;\" href=\"https:\/\/www.hashtag.al\/wp-content\/uploads\/2024\/04\/arrestim4.jpg\"><img loading=\"lazy\" decoding=\"async\" class=\"aligncenter size-full wp-image-670542\" src=\"https:\/\/www.hashtag.al\/wp-content\/uploads\/2024\/04\/arrestim4.jpg\" alt=\"\" width=\"543\" height=\"318\" srcset=\"https:\/\/www.hashtag.al\/wp-content\/uploads\/2024\/04\/arrestim4.jpg 543w, https:\/\/www.hashtag.al\/wp-content\/uploads\/2024\/04\/arrestim4-300x176.jpg 300w, https:\/\/www.hashtag.al\/wp-content\/uploads\/2024\/04\/arrestim4-250x145.jpg 250w\" sizes=\"auto, (max-width: 543px) 100vw, 543px\" \/><\/a><\/span><\/p>\n<p><span style=\"color: #000000;\">Kapet dhe vihet n\u00eb pranga nj\u00eb 40-vje\u00e7ar i shpallur n\u00eb k\u00ebrkim p\u00ebr veprat penale \u201cVrasja me dashje\u201d, mbetur n\u00eb tentativ\u00eb, dhe \u201cMbajtja pa leje dhe prodhimi i arm\u00ebve, arm\u00ebve shp\u00ebrthyese dhe municionit\u201d.<\/span><\/p>\n<p><span style=\"color: #000000;\">I ndaluari Adriatik \u00c7eka ishte i d\u00ebnuar me par\u00eb p\u00ebr krime ndaj personit dhe arm\u00ebmbajtje pa leje.<\/span><\/p>\n<p><span style=\"color: #000000;\">\u201c<em>N\u00eb vijim t\u00eb aksioneve intensive t\u00eb Policis\u00eb, t\u00eb kryera n\u00eb kuad\u00ebr t\u00eb operacionit policor komb\u00ebtar t\u00eb koduar \u201cSundimi i ligjit\u201d, p\u00ebr kapjen e shtetasve n\u00eb k\u00ebrkim bazuar n\u00eb informacionet e siguruara nga inteligjenca policore, sh\u00ebrbimet e Komisariatit t\u00eb Policis\u00eb Peqin, t\u00eb Forc\u00ebs Speciale FNSh dhe ata t\u00eb Seksionit p\u00ebr Hetimin e Krimeve ndaj Personit, lokalizuan, kap\u00ebn dhe vun\u00eb n\u00eb pranga shtetasin A. \u00c7., 40 vje\u00e7, banues n\u00eb Peqin.<\/em><\/span><\/p>\n<p><span style=\"color: #000000;\"><em>P\u00ebr k\u00ebt\u00eb shtetas, Gjykata e Shkall\u00ebs s\u00eb Par\u00eb e Juridiksionit t\u00eb P\u00ebrgjithsh\u00ebm Elbasan ka caktuar mas\u00ebn e siguris\u00eb \u201cArrest n\u00eb burg\u201d, p\u00ebr veprat penale \u201cVrasja me dashje\u201d, mbetur n\u00eb tentativ\u00eb, dhe \u201cMbajtja pa leje dhe prodhimi i arm\u00ebve, arm\u00ebve shp\u00ebrthyese dhe municionit\u201d.<\/em><\/span><\/p>\n<p><span style=\"color: #000000;\"><em>M\u00eb dat\u00eb 24.11.2023, n\u00eb lagjen \u201cXhami\u201d, Peqin, gjat\u00eb nj\u00eb konflikti p\u00ebr motive t\u00eb dob\u00ebta me shtetasin A. L., shtetasi A. \u00c7. ka q\u00eblluar me arm\u00eb zjarri drejt tij.<\/em><\/span><\/p>\n<p><span style=\"color: #000000;\"><em>Materialet procedurale i kaluan Prokuroris\u00eb, p\u00ebr veprime t\u00eb m\u00ebtejshme<\/em>\u201d-njofton policia.<\/span><\/p>\n","protected":false,"gt_translate_keys":[{"key":"rendered","format":"html"}]},"excerpt":{"rendered":"<p>Kapet dhe vihet n\u00eb pranga nj\u00eb 40-vje\u00e7ar i shpallur n\u00eb k\u00ebrkim p\u00ebr veprat penale \u201cVrasja me dashje\u201d, mbetur n\u00eb tentativ\u00eb, dhe \u201cMbajtja pa leje dhe prodhimi i arm\u00ebve, arm\u00ebve shp\u00ebrthyese dhe municionit\u201d. I ndaluari Adriatik \u00c7eka ishte i d\u00ebnuar me par\u00eb p\u00ebr krime ndaj personit dhe arm\u00ebmbajtje pa leje. \u201cN\u00eb vijim t\u00eb aksioneve intensive t\u00eb [&hellip;]<\/p>\n","protected":false,"gt_translate_keys":[{"key":"rendered","format":"html"}]},"author":32,"featured_media":670542,"comment_status":"closed","ping_status":"open","sticky":false,"template":"","format":"standard","meta":{"footnotes":""},"categories":[65,13],"tags":[],"class_list":["post-670541","post","type-post","status-publish","format-standard","has-post-thumbnail","hentry","category-lajme","category-te-fundit"],"gt_translate_keys":[{"key":"link","format":"url"}],"_links":{"self":[{"href":"https:\/\/www.hashtag.al\/index.php\/wp-json\/wp\/v2\/posts\/670541","targetHints":{"allow":["GET"]}}],"collection":[{"href":"https:\/\/www.hashtag.al\/index.php\/wp-json\/wp\/v2\/posts"}],"about":[{"href":"https:\/\/www.hashtag.al\/index.php\/wp-json\/wp\/v2\/types\/post"}],"author":[{"embeddable":true,"href":"https:\/\/www.hashtag.al\/index.php\/wp-json\/wp\/v2\/users\/32"}],"replies":[{"embeddable":true,"href":"https:\/\/www.hashtag.al\/index.php\/wp-json\/wp\/v2\/comments?post=670541"}],"version-history":[{"count":0,"href":"https:\/\/www.hashtag.al\/index.php\/wp-json\/wp\/v2\/posts\/670541\/revisions"}],"wp:featuredmedia":[{"embeddable":true,"href":"https:\/\/www.hashtag.al\/index.php\/wp-json\/wp\/v2\/media\/670542"}],"wp:attachment":[{"href":"https:\/\/www.hashtag.al\/index.php\/wp-json\/wp\/v2\/media?parent=670541"}],"wp:term":[{"taxonomy":"category","embeddable":true,"href":"https:\/\/www.hashtag.al\/index.php\/wp-json\/wp\/v2\/categories?post=670541"},{"taxonomy":"post_tag","embeddable":true,"href":"https:\/\/www.hashtag.al\/index.php\/wp-json\/wp\/v2\/tags?post=670541"}],"curies":[{"name":"wp","href":"https:\/\/api.w.org\/{rel}","templated":true}]}}