{"id":670538,"date":"2024-04-27T10:57:32","date_gmt":"2024-04-27T08:57:32","guid":{"rendered":"https:\/\/www.hashtag.al\/?p=670538"},"modified":"2024-04-27T10:57:32","modified_gmt":"2024-04-27T08:57:32","slug":"meta-perballe-nje-regjimi-mafioz-edhe-partine-komuniste-te-kines-e-mundim-do-luftojme-nepotizmin-ne-shqiperi","status":"publish","type":"post","link":"https:\/\/www.hashtag.al\/index.php\/2024\/04\/27\/meta-perballe-nje-regjimi-mafioz-edhe-partine-komuniste-te-kines-e-mundim-do-luftojme-nepotizmin-ne-shqiperi\/","title":{"rendered":"Meta: P\u00ebrball\u00eb nj\u00eb regjimi mafioz edhe Partin\u00eb Komuniste t\u00eb Kin\u00ebs e mundim. Do luftojm\u00eb nepotizmin n\u00eb Shqip\u00ebri","gt_translate_keys":[{"key":"rendered","format":"text"}]},"content":{"rendered":"<p><span style=\"color: #000000;\"><a style=\"color: #000000;\" href=\"https:\/\/www.hashtag.al\/wp-content\/uploads\/2024\/04\/meta-5.jpg\"><img loading=\"lazy\" decoding=\"async\" class=\"aligncenter size-full wp-image-670539\" src=\"https:\/\/www.hashtag.al\/wp-content\/uploads\/2024\/04\/meta-5.jpg\" alt=\"\" width=\"780\" height=\"440\" srcset=\"https:\/\/www.hashtag.al\/wp-content\/uploads\/2024\/04\/meta-5.jpg 780w, https:\/\/www.hashtag.al\/wp-content\/uploads\/2024\/04\/meta-5-300x169.jpg 300w, https:\/\/www.hashtag.al\/wp-content\/uploads\/2024\/04\/meta-5-768x433.jpg 768w\" sizes=\"auto, (max-width: 780px) 100vw, 780px\" \/><\/a><\/span><\/p>\n<p><span style=\"color: #000000;\">N\u00eb nisje t\u00eb Konvent\u00ebs s\u00eb Partis\u00eb s\u00eb Liris\u00eb, Ilir Meta dha nj\u00eb prononcim me gazetar\u00ebt deklaroi se do luftoj\u00eb nepotizmin n\u00eb Shqip\u00ebri.<\/span><\/p>\n<p><span style=\"color: #000000;\">Sipas tij Kryemadhi nuk do largohet dhe mund t\u00eb zgjidhet sa her\u00eb t\u00eb doj\u00eb deputete pasi i ka votat.<\/span><\/p>\n<p><span style=\"color: #000000;\">Ai e cil\u00ebsoi konvent\u00ebn jo kund\u00ebr Kryemadhit por p\u00ebr pes\u00eb prioritetet.<\/span><\/p>\n<p><span style=\"color: #000000;\"><em>&#8216;T\u00eb gjith\u00eb ata q\u00eb do punojn\u00eb me Met\u00ebn do jen si kjo dhe Lefter Maliqi. Sikur t\u00eb gjith\u00eb punojn\u00eb si kjo q\u00eb ka f\u00ebmij\u00eb p\u00ebr t\u00eb rritur. E cila punon sa 20 burra bashk\u00eb nga ata q\u00eb presin poste nga qielli. P\u00ebrball\u00eb nj\u00eb regjimi mafioz dhe partin\u00eb komuniste t\u00eb Kin\u00ebs e mundim edhe do ta mundim. A ke hipur atje te ai hekuri? Kush e ka g\u00ebnjyer Monik\u00ebn?.<\/em><\/span><\/p>\n<p><span style=\"color: #000000;\"><em>Si largohet Monika \u00ebsht\u00eb deputete. \u00cbsht\u00eb deputete dhe mund t\u00eb zgjidhet deputete se her\u00eb t\u00eb doj\u00eb. Besoj se ka mbi 20 mij\u00eb vota dyfishin e Bo\u00e7it. \u00cbsht\u00eb an\u00ebtare. Do i japim fund nepotizmit, pasi e solli LSI n\u00eb at\u00eb situat\u00eb dhe ndihmoi mafien p\u00ebr fat t\u00eb keq t\u00eb kapi pushtete. Kjo nuk \u00ebsht\u00eb konvent\u00eb kund\u00ebr Monik\u00ebs, por p\u00ebr 5 prioritetet. Kur ti hip\u00ebsh atje bashk\u00eb me Osmanin ke t\u00eb drejt\u00eb t\u00eb m\u00eb nd\u00ebrpres\u00ebsh.<\/em><\/span><\/p>\n<p><span style=\"color: #000000;\"><em>Sa vje\u00e7 je? 29 dhe akoma nuk ke hipur. Atje do ta b\u00ebjm\u00eb intervist\u00ebn pas 2 muajsh. Ka pun\u00eb tha ai dhe ska profesionist\u00eb ai tarrallaku. I mori vul\u00ebn doktorit do t\u2019ja marri dhe LSI.<\/em><\/span><\/p>\n<p><span style=\"color: #000000;\"><em>Nepotizmi \u00ebsht\u00eb problem i madh p\u00ebr shoq\u00ebrin\u00eb ton\u00eb. 500 lidhje nepotike n\u00eb tatime dhe dogana. Kryemadhi m\u00eb e mbrojtura nga neni ndaj nepotizmit. \u00cbsht\u00eb ish kryetare e partis\u00eb \u00ebsht\u00eb an\u00ebtare e KPD-s\u00eb, \u00ebsht\u00eb deputete mund t\u00eb jet\u00eb dhe nes\u00ebr. N\u00eb Kryesi jemi t\u00eb dy t\u00eb barabart\u00eb. Nuk dinte Stalini, t\u2019u shp\u00ebtonte jet\u00ebn djalit q\u00eb e mor\u00ebn peng gjerman\u00ebt, \u00e7far\u00eb i tha Stalini gjeneral\u00ebve. Hitleri k\u00ebrkon von Paul gjeneralin si shk\u00ebmbim dhe ne do ta shk\u00ebmbejm\u00eb me Vasilin. Po ju n\u00eb cilin akademi keni m\u00ebsuar u tha q\u00eb nj\u00eb gjeneral shk\u00ebmbehet me nj\u00eb kapter. Rregullat e luft\u00ebs nuk ndryshohen gjat\u00eb luft\u00ebs. Nuk iu dhimbset djali im m\u00eb shum\u00eb se mua. Si do kisha moral tu mbaja n\u00ebnave q\u00eb humb\u00ebn bijt\u00eb n\u00eb luft\u00eb. A e dini budalla Churchillin q\u00eb \u00e7oi \u00e7unin n\u00eb Jugosllavi tek Tito? Askush, nepotizimi \u00ebsht\u00eb problem i madh n\u00eb Shqip\u00ebri. Problemi yn\u00eb \u00ebsht\u00eb q\u00eb nepotizmi tek LRI, e cila do jet\u00eb organizata m\u00eb e fuqishme p\u00ebr 2 muaj. Kam nj\u00eb mesazh p\u00ebr k\u00ebta t\u00eb rinjt\u00eb q\u00eb \u00e7ohen von\u00eb, nuk b\u00ebjn\u00eb st\u00ebrvitje, q\u00eb nuk hipin atje&#8217;, <\/em>deklaroi Meta.<\/span><\/p>\n","protected":false,"gt_translate_keys":[{"key":"rendered","format":"html"}]},"excerpt":{"rendered":"<p>N\u00eb nisje t\u00eb Konvent\u00ebs s\u00eb Partis\u00eb s\u00eb Liris\u00eb, Ilir Meta dha nj\u00eb prononcim me gazetar\u00ebt deklaroi se do luftoj\u00eb nepotizmin n\u00eb Shqip\u00ebri. Sipas tij Kryemadhi nuk do largohet dhe mund t\u00eb zgjidhet sa her\u00eb t\u00eb doj\u00eb deputete pasi i ka votat. Ai e cil\u00ebsoi konvent\u00ebn jo kund\u00ebr Kryemadhit por p\u00ebr pes\u00eb prioritetet. &#8216;T\u00eb gjith\u00eb ata [&hellip;]<\/p>\n","protected":false,"gt_translate_keys":[{"key":"rendered","format":"html"}]},"author":32,"featured_media":670539,"comment_status":"closed","ping_status":"open","sticky":false,"template":"","format":"standard","meta":{"footnotes":""},"categories":[65,13],"tags":[],"class_list":["post-670538","post","type-post","status-publish","format-standard","has-post-thumbnail","hentry","category-lajme","category-te-fundit"],"gt_translate_keys":[{"key":"link","format":"url"}],"_links":{"self":[{"href":"https:\/\/www.hashtag.al\/index.php\/wp-json\/wp\/v2\/posts\/670538","targetHints":{"allow":["GET"]}}],"collection":[{"href":"https:\/\/www.hashtag.al\/index.php\/wp-json\/wp\/v2\/posts"}],"about":[{"href":"https:\/\/www.hashtag.al\/index.php\/wp-json\/wp\/v2\/types\/post"}],"author":[{"embeddable":true,"href":"https:\/\/www.hashtag.al\/index.php\/wp-json\/wp\/v2\/users\/32"}],"replies":[{"embeddable":true,"href":"https:\/\/www.hashtag.al\/index.php\/wp-json\/wp\/v2\/comments?post=670538"}],"version-history":[{"count":0,"href":"https:\/\/www.hashtag.al\/index.php\/wp-json\/wp\/v2\/posts\/670538\/revisions"}],"wp:featuredmedia":[{"embeddable":true,"href":"https:\/\/www.hashtag.al\/index.php\/wp-json\/wp\/v2\/media\/670539"}],"wp:attachment":[{"href":"https:\/\/www.hashtag.al\/index.php\/wp-json\/wp\/v2\/media?parent=670538"}],"wp:term":[{"taxonomy":"category","embeddable":true,"href":"https:\/\/www.hashtag.al\/index.php\/wp-json\/wp\/v2\/categories?post=670538"},{"taxonomy":"post_tag","embeddable":true,"href":"https:\/\/www.hashtag.al\/index.php\/wp-json\/wp\/v2\/tags?post=670538"}],"curies":[{"name":"wp","href":"https:\/\/api.w.org\/{rel}","templated":true}]}}