{"id":670534,"date":"2024-04-27T10:33:34","date_gmt":"2024-04-27T08:33:34","guid":{"rendered":"https:\/\/www.hashtag.al\/?p=670534"},"modified":"2024-04-27T10:33:34","modified_gmt":"2024-04-27T08:33:34","slug":"kryemadhi-aktrimi-ne-politike-nuk-iu-sherben-te-rinjve-koha-te-shoh-prioritete-te-reja","status":"publish","type":"post","link":"https:\/\/www.hashtag.al\/index.php\/2024\/04\/27\/kryemadhi-aktrimi-ne-politike-nuk-iu-sherben-te-rinjve-koha-te-shoh-prioritete-te-reja\/","title":{"rendered":"Kryemadhi: Aktrimi n\u00eb politik\u00eb nuk iu sh\u00ebrben t\u00eb rinjve, koha t\u00eb shoh prioritete t\u00eb reja","gt_translate_keys":[{"key":"rendered","format":"text"}]},"content":{"rendered":"<p><span style=\"color: #000000;\"><a href=\"https:\/\/www.hashtag.al\/wp-content\/uploads\/2024\/04\/1714205619_monikakryemadhi.jpg\"><img loading=\"lazy\" decoding=\"async\" class=\"aligncenter size-full wp-image-670535\" src=\"https:\/\/www.hashtag.al\/wp-content\/uploads\/2024\/04\/1714205619_monikakryemadhi.jpg\" alt=\"\" width=\"780\" height=\"440\" srcset=\"https:\/\/www.hashtag.al\/wp-content\/uploads\/2024\/04\/1714205619_monikakryemadhi.jpg 780w, https:\/\/www.hashtag.al\/wp-content\/uploads\/2024\/04\/1714205619_monikakryemadhi-300x169.jpg 300w, https:\/\/www.hashtag.al\/wp-content\/uploads\/2024\/04\/1714205619_monikakryemadhi-768x433.jpg 768w\" sizes=\"auto, (max-width: 780px) 100vw, 780px\" \/><\/a><\/span><\/p>\n<p><span style=\"color: #000000;\">P\u00ebrpara nisjes s\u00eb Konvent\u00ebs s\u00eb Partis\u00eb s\u00eb Liris\u00eb, Monika Kryemadhi dha nj\u00eb deklarat\u00eb p\u00ebr mediat.<\/span><\/p>\n<p><span style=\"color: #000000;\">E shoq\u00ebruar nga Endrit Braimllari dhe Elona Guri Kryemadhi tha se \u00ebsht\u00eb n\u00eb gladiatore n\u00eb taka.<\/span><\/p>\n<p><span style=\"color: #000000;\"><em>&#8216;Un\u00eb nuk besoj tek fraksionet, besoj tek v\u00ebrtet\u00ebsia e secilit nga ne. Frakison nuk e b\u00ebj p\u00ebr sho\u00eb. Jam gladiatore me taka, nuk kam turp t\u00eb vishem si grua, nuk jam burr\u00eb. Por beteja e Kryemadhit \u00ebsht\u00eb nj\u00eb betej\u00ebn q\u00eb ka t\u00eb b\u00ebj\u00eb me rritjen dhe p\u00ebrgatitjen e shum\u00eb figurave t\u00eb reja. Ashtu si Erisa Xhixho \u00ebsht\u00eb kandidate p\u00ebr zvpresidente, do t\u00eb thot\u00eb se PL ka elementin civilizues, dhe kjo t\u00eb mos kthehet n\u00eb fasad\u00eb por t\u00eb prodhoj\u00eb vlera. Ajo \u00e7ka dua t\u00eb them \u00ebsht\u00eb q\u00eb aktrimi n\u00eb politik\u00eb nuk iu sh\u00ebrben t\u00eb rinjve dhe t\u00eb reja mund t\u00eb sh\u00ebrbej njer\u00ebzve momental\u00eb&#8217;, tha Kryemadhi.<\/em><\/span><\/p>\n<p><span style=\"color: #000000;\">E pyetur m\u00eb pas si ndihet q\u00eb tashm\u00eb pas kaq shum\u00eb vitesh n\u00eb politik\u00eb po lihet jasht\u00eb, ajo ndjen keqardhje.<\/span><\/p>\n<p><span style=\"color: #000000;\"><em>&#8216;Normal q\u00eb ndjek keqardhje pasi nuk mund t\u00eb fshish 30 vite me nj\u00eb vendim p\u00ebr shkak se ke zgjedhur t\u00eb nd\u00ebrtosh familje dhe jo p\u00ebrfitime. P\u00ebr mua familja \u00ebsht\u00eb e r\u00ebnd\u00ebsishme. N\u00eb 30 vjet jam investuar q\u00eb n\u00eb FRESSH. Jam nj\u00eb nga akademit\u00eb politike m\u00eb t\u00eb vjetra n\u00eb Shqip\u00ebri. Ka ardhur koha q\u00eb prioritetet e Kryemadhit jan\u00eb Bora, Besi dhe Era. N\u00eb 30 vjet Monika ka qen\u00eb gladiatore n\u00eb aren\u00ebn e luft\u00ebs, por do t\u00eb shikoj prioritet t\u00eb tjera. Kam mbushur 50 vje\u00e7. Jeta \u00ebsht\u00eb shum\u00eb e gjat\u00eb, \u00e7far\u00eb sjell minuti nuk e sjell sekondi&#8217;, <\/em>shtoi Kryemadhi.<\/span><\/p>\n<p><span style=\"color: #000000;\">Duket se tashm\u00eb Kryemadhi ka nd\u00ebrruar prioritete kur ka mbi 30 vite n\u00eb politik\u00ebn aktive.<\/span><\/p>\n<p><span style=\"color: #000000;\"><em>&#8216;Ka ardhur koha q\u00eb priorietet jan\u00eb familja Bora, Besi dhe Era.<\/em>&#8216;- tha Kryemadhi.<\/span><\/p>\n<p><span style=\"color: #000000;\">E pyetur nga gazetar\u00ebt pse nuk sfidoi Ilir Met\u00ebn, Kryemadhi u p\u00ebrgjigj: \u201c<em>Po jua them dhe nj\u00eb her\u00eb. Pas 30 viteve ka ardhur koha q\u00eb Monika nuk do t\u00eb luftoj\u00eb m\u00eb e nuk do t\u00eb b\u00ebj\u00eb m\u00eb shfaqje, por Monika do t\u00eb shikoj\u00eb prioritetet e tjera\u201d. <\/em><\/span><\/p>\n<p><span style=\"color: #000000;\">N\u00eb konvent\u00eb priten m\u00eb shum\u00eb se 900 delegat\u00eb dhe mbi 2000 t\u00eb ftuar, mes t\u00eb cil\u00ebve kryetar\u00eb t\u00eb partive aleate, por deri rreth or\u00ebs 10:00, salla ishte bosh.<\/span><\/p>\n","protected":false,"gt_translate_keys":[{"key":"rendered","format":"html"}]},"excerpt":{"rendered":"<p>P\u00ebrpara nisjes s\u00eb Konvent\u00ebs s\u00eb Partis\u00eb s\u00eb Liris\u00eb, Monika Kryemadhi dha nj\u00eb deklarat\u00eb p\u00ebr mediat. E shoq\u00ebruar nga Endrit Braimllari dhe Elona Guri Kryemadhi tha se \u00ebsht\u00eb n\u00eb gladiatore n\u00eb taka. &#8216;Un\u00eb nuk besoj tek fraksionet, besoj tek v\u00ebrtet\u00ebsia e secilit nga ne. Frakison nuk e b\u00ebj p\u00ebr sho\u00eb. Jam gladiatore me taka, nuk kam [&hellip;]<\/p>\n","protected":false,"gt_translate_keys":[{"key":"rendered","format":"html"}]},"author":32,"featured_media":670535,"comment_status":"closed","ping_status":"open","sticky":false,"template":"","format":"standard","meta":{"footnotes":""},"categories":[65,13],"tags":[],"class_list":["post-670534","post","type-post","status-publish","format-standard","has-post-thumbnail","hentry","category-lajme","category-te-fundit"],"gt_translate_keys":[{"key":"link","format":"url"}],"_links":{"self":[{"href":"https:\/\/www.hashtag.al\/index.php\/wp-json\/wp\/v2\/posts\/670534","targetHints":{"allow":["GET"]}}],"collection":[{"href":"https:\/\/www.hashtag.al\/index.php\/wp-json\/wp\/v2\/posts"}],"about":[{"href":"https:\/\/www.hashtag.al\/index.php\/wp-json\/wp\/v2\/types\/post"}],"author":[{"embeddable":true,"href":"https:\/\/www.hashtag.al\/index.php\/wp-json\/wp\/v2\/users\/32"}],"replies":[{"embeddable":true,"href":"https:\/\/www.hashtag.al\/index.php\/wp-json\/wp\/v2\/comments?post=670534"}],"version-history":[{"count":0,"href":"https:\/\/www.hashtag.al\/index.php\/wp-json\/wp\/v2\/posts\/670534\/revisions"}],"wp:featuredmedia":[{"embeddable":true,"href":"https:\/\/www.hashtag.al\/index.php\/wp-json\/wp\/v2\/media\/670535"}],"wp:attachment":[{"href":"https:\/\/www.hashtag.al\/index.php\/wp-json\/wp\/v2\/media?parent=670534"}],"wp:term":[{"taxonomy":"category","embeddable":true,"href":"https:\/\/www.hashtag.al\/index.php\/wp-json\/wp\/v2\/categories?post=670534"},{"taxonomy":"post_tag","embeddable":true,"href":"https:\/\/www.hashtag.al\/index.php\/wp-json\/wp\/v2\/tags?post=670534"}],"curies":[{"name":"wp","href":"https:\/\/api.w.org\/{rel}","templated":true}]}}