{"id":670380,"date":"2024-04-26T22:50:26","date_gmt":"2024-04-26T20:50:26","guid":{"rendered":"https:\/\/www.hashtag.al\/?p=670380"},"modified":"2024-04-26T22:50:26","modified_gmt":"2024-04-26T20:50:26","slug":"agresioni-rus-macron-fuqia-berthamore-e-frances-thelbersore-ne-mbrojtjen-e-europes","status":"publish","type":"post","link":"https:\/\/www.hashtag.al\/index.php\/2024\/04\/26\/agresioni-rus-macron-fuqia-berthamore-e-frances-thelbersore-ne-mbrojtjen-e-europes\/","title":{"rendered":"Agresioni rus, Macron: Fuqia b\u00ebrthamore e Franc\u00ebs, thelb\u00ebrsore n\u00eb mbrojtjen e Europ\u00ebs","gt_translate_keys":[{"key":"rendered","format":"text"}]},"content":{"rendered":"<p><a href=\"https:\/\/www.hashtag.al\/wp-content\/uploads\/2023\/12\/61c25cef-ac95-40b3-9268-3e1fac1974f4-scaled.jpg\"><img loading=\"lazy\" decoding=\"async\" class=\"size-full wp-image-636404\" src=\"https:\/\/www.hashtag.al\/wp-content\/uploads\/2023\/12\/61c25cef-ac95-40b3-9268-3e1fac1974f4-scaled.jpg\" alt=\"\" width=\"2560\" height=\"1707\" srcset=\"https:\/\/www.hashtag.al\/wp-content\/uploads\/2023\/12\/61c25cef-ac95-40b3-9268-3e1fac1974f4-scaled.jpg 2560w, https:\/\/www.hashtag.al\/wp-content\/uploads\/2023\/12\/61c25cef-ac95-40b3-9268-3e1fac1974f4-300x200.jpg 300w, https:\/\/www.hashtag.al\/wp-content\/uploads\/2023\/12\/61c25cef-ac95-40b3-9268-3e1fac1974f4-1024x683.jpg 1024w, https:\/\/www.hashtag.al\/wp-content\/uploads\/2023\/12\/61c25cef-ac95-40b3-9268-3e1fac1974f4-768x512.jpg 768w, https:\/\/www.hashtag.al\/wp-content\/uploads\/2023\/12\/61c25cef-ac95-40b3-9268-3e1fac1974f4-1536x1024.jpg 1536w, https:\/\/www.hashtag.al\/wp-content\/uploads\/2023\/12\/61c25cef-ac95-40b3-9268-3e1fac1974f4-2048x1365.jpg 2048w\" sizes=\"auto, (max-width: 2560px) 100vw, 2560px\" \/><\/a><\/p>\n<p><span style=\"color: #000000;\">Presidenti i Franc\u00ebs, Emmanuel Macron deklaroi gjat\u00eb fjalimit nga Sorbona se p\u00ebr her\u00eb t\u00eb par\u00eb n\u00eb historin\u00eb e Europ\u00ebs lufta ka ndryshuar rregulla loje<em>: \u201cAjo po zhvillohet n\u00eb kontinentin europian nga nj\u00eb fuqi b\u00ebrthamore si\u00e7 \u00ebsht\u00eb Rusia\u201d. <\/em><\/span><\/p>\n<p><span style=\"color: #000000;\"><em>\u201cKjo sfid\u00eb e panjohur m\u00eb par\u00eb i ka kapur europian\u00ebt n\u00eb befasi\u201d. <\/em><\/span><\/p>\n<p><span style=\"color: #000000;\">P\u00ebr k\u00ebt\u00eb Macron propozon ose l\u00eb t\u00eb kuptohet se bomba berthamore franceze sh\u00ebrben edhe si \u00e7ad\u00ebr p\u00ebr vendet an\u00ebtare t\u00eb BE-s\u00eb.<\/span><\/p>\n<p><span style=\"color: #000000;\">Ja si u shpreh ai mbi k\u00ebt\u00eb pik\u00eb t\u00eb ndjeshme strategjike:<\/span><\/p>\n<p><span style=\"color: #000000;\">\u00a0\u201c<em>N\u00eb muajt e ardhsh\u00ebm, do t\u2019i ftoj t\u00eb gjith\u00eb partner\u00ebt e mi europian\u00eb t\u00eb nd\u00ebrtojn\u00eb k\u00ebt\u00eb nism\u00eb europiane t\u00eb mbrojtjes\u2026 Franca do t\u00eb luaj\u00eb rolin e saj si ushtria m\u00eb efektive n\u00eb kontinent, dhe q\u00eb jemi gjithashtu t\u00eb pajisur me arm\u00eb b\u00ebrthamore. Fuqia parandaluese q\u00eb na jep arma b\u00ebrthamore \u00ebsht\u00eb n\u00eb qend\u00ebr t\u00eb strategjis\u00eb s\u00eb mbrojtjes s\u00eb Franc\u00ebs dhe \u00ebsht\u00eb nj\u00eb element thelb\u00ebsor n\u00eb mbrojtjen e kontinentit europian. Fal\u00eb k\u00ebsaj mbrojtje t\u00eb besueshme, ne do t\u00eb jemi n\u00eb gjendje t\u00eb nd\u00ebrtojm\u00eb garancit\u00eb e siguris\u00eb q\u00eb t\u00eb gjith\u00eb partner\u00ebt tan\u00eb presin n\u00eb Europ\u00eb\u201d.<\/em><\/span><\/p>\n<p><span style=\"color: #000000;\"><em>\u201cNe jemi n\u00eb nj\u00eb pik\u00eb kthese\u201c,<\/em> vazhdoi Emmanuel Macron, \u201c<em>q\u00eb na ka kapur n\u00eb nj\u00eb moment kur<\/em> <em>\u201cnuk jemi t\u00eb armatosur p\u00ebr t\u00eb p\u00ebrballuar k\u00ebto rreziqe t\u00eb reja\u201c<\/em>. <em>\u201cNe kemi filluar nj\u00eb zgjim<\/em>\u201d, beson presidenti francez.<\/span><\/p>\n<p><span style=\"color: #000000;\"><em>\u201cVet\u00eb Franca ka dyfishuar buxhetin e saj t\u00eb mbrojtjes. (\u2026) Por, n\u00eb nj\u00eb shkall\u00eb kontinentale, ky zgjim \u00ebsht\u00eb ende i ngadalsh\u00ebm, tep\u00ebr i dob\u00ebt p\u00ebrball\u00eb riarmatimit t\u00eb p\u00ebrgjithsh\u00ebm t\u00eb bot\u00ebs\u201d.<\/em><\/span><\/p>\n<p><span style=\"color: #000000;\">Emmanuel Macron pohoi se \u201c<em>Europa \u00ebsht\u00eb n\u00eb nj\u00eb situat\u00eb rrethimi nga fuqi t\u00eb shfrenuara si Rusia dhe Irani p\u00ebr t\u00eb p\u00ebrmendur vet\u00ebm ato\u201d.<\/em><\/span><\/p>\n<p><span style=\"color: #000000;\">Konstatimi i tret\u00eb n\u00eb fush\u00ebn e siguris\u00eb lidhet me emigracionin n\u00eb mas\u00eb q\u00eb po b\u00ebhet nj\u00eb k\u00ebrc\u00ebnim serioz p\u00ebr vendet e BE-s\u00eb. Por Macron, pa e p\u00ebrmendur Italin\u00eb apo Britanin\u00eb e Madhe, nuk beson aspak te zgjidhja q\u00eb ka gjetur Meloni me transferim t\u00eb nj\u00eb pjese t\u00eb emigrant\u00ebve n\u00eb Shqip\u00ebri, ndon\u00ebse nuk e p\u00ebrmend me em\u00ebr fqinjin e vet.<\/span><\/p>\n<p><span style=\"color: #000000;\"><em>\u201cUn\u00eb nuk besoj n\u00eb modelin q\u00eb po na propozohet sot, i cili konsiston n\u00eb gjetjen e vendeve t\u00eb treta n\u00eb kontinentin afrikan apo gjetk\u00eb, ku do t\u00eb \u00e7ohen njer\u00ebz q\u00eb vijn\u00eb tek ne n\u00eb m\u00ebnyr\u00eb t\u00eb paligjshme. Ne po krijojm\u00eb n\u00eb k\u00ebt\u00eb m\u00ebnyr\u00eb nj\u00eb gjeopolitik\u00eb cinizmi q\u00eb tradhton vlerat tona dhe q\u00eb do t\u00eb jet\u00eb krejt\u00ebsisht e paefektshme\u201d.<\/em><\/span><\/p>\n","protected":false,"gt_translate_keys":[{"key":"rendered","format":"html"}]},"excerpt":{"rendered":"<p>Presidenti i Franc\u00ebs, Emmanuel Macron deklaroi gjat\u00eb fjalimit nga Sorbona se p\u00ebr her\u00eb t\u00eb par\u00eb n\u00eb historin\u00eb e Europ\u00ebs lufta ka ndryshuar rregulla loje: \u201cAjo po zhvillohet n\u00eb kontinentin europian nga nj\u00eb fuqi b\u00ebrthamore si\u00e7 \u00ebsht\u00eb Rusia\u201d. \u201cKjo sfid\u00eb e panjohur m\u00eb par\u00eb i ka kapur europian\u00ebt n\u00eb befasi\u201d. P\u00ebr k\u00ebt\u00eb Macron propozon ose l\u00eb [&hellip;]<\/p>\n","protected":false,"gt_translate_keys":[{"key":"rendered","format":"html"}]},"author":32,"featured_media":636404,"comment_status":"closed","ping_status":"open","sticky":false,"template":"","format":"standard","meta":{"footnotes":""},"categories":[6],"tags":[],"class_list":["post-670380","post","type-post","status-publish","format-standard","has-post-thumbnail","hentry","category-nderkombetare"],"gt_translate_keys":[{"key":"link","format":"url"}],"_links":{"self":[{"href":"https:\/\/www.hashtag.al\/index.php\/wp-json\/wp\/v2\/posts\/670380","targetHints":{"allow":["GET"]}}],"collection":[{"href":"https:\/\/www.hashtag.al\/index.php\/wp-json\/wp\/v2\/posts"}],"about":[{"href":"https:\/\/www.hashtag.al\/index.php\/wp-json\/wp\/v2\/types\/post"}],"author":[{"embeddable":true,"href":"https:\/\/www.hashtag.al\/index.php\/wp-json\/wp\/v2\/users\/32"}],"replies":[{"embeddable":true,"href":"https:\/\/www.hashtag.al\/index.php\/wp-json\/wp\/v2\/comments?post=670380"}],"version-history":[{"count":0,"href":"https:\/\/www.hashtag.al\/index.php\/wp-json\/wp\/v2\/posts\/670380\/revisions"}],"wp:featuredmedia":[{"embeddable":true,"href":"https:\/\/www.hashtag.al\/index.php\/wp-json\/wp\/v2\/media\/636404"}],"wp:attachment":[{"href":"https:\/\/www.hashtag.al\/index.php\/wp-json\/wp\/v2\/media?parent=670380"}],"wp:term":[{"taxonomy":"category","embeddable":true,"href":"https:\/\/www.hashtag.al\/index.php\/wp-json\/wp\/v2\/categories?post=670380"},{"taxonomy":"post_tag","embeddable":true,"href":"https:\/\/www.hashtag.al\/index.php\/wp-json\/wp\/v2\/tags?post=670380"}],"curies":[{"name":"wp","href":"https:\/\/api.w.org\/{rel}","templated":true}]}}