{"id":670187,"date":"2024-04-25T18:24:31","date_gmt":"2024-04-25T16:24:31","guid":{"rendered":"https:\/\/www.hashtag.al\/?p=670187"},"modified":"2024-04-25T18:24:31","modified_gmt":"2024-04-25T16:24:31","slug":"zbardhet-agjenda-e-konventes-se-partise-se-lirise-tedi-blushi-zbulon-detajet","status":"publish","type":"post","link":"https:\/\/www.hashtag.al\/index.php\/2024\/04\/25\/zbardhet-agjenda-e-konventes-se-partise-se-lirise-tedi-blushi-zbulon-detajet\/","title":{"rendered":"Zbardhet agjenda e Konvent\u00ebs s\u00eb Partis\u00eb s\u00eb Liris\u00eb, Tedi Blushi zbulon detajet","gt_translate_keys":[{"key":"rendered","format":"text"}]},"content":{"rendered":"<p style=\"text-align: left;\"><span style=\"color: #000000;\"><img loading=\"lazy\" decoding=\"async\" class=\"size-full wp-image-670188 aligncenter\" src=\"https:\/\/www.hashtag.al\/wp-content\/uploads\/2024\/04\/Tedi-Blushi-1.png\" alt=\"\" width=\"896\" height=\"520\" srcset=\"https:\/\/www.hashtag.al\/wp-content\/uploads\/2024\/04\/Tedi-Blushi-1.png 896w, https:\/\/www.hashtag.al\/wp-content\/uploads\/2024\/04\/Tedi-Blushi-1-300x174.png 300w, https:\/\/www.hashtag.al\/wp-content\/uploads\/2024\/04\/Tedi-Blushi-1-768x446.png 768w, https:\/\/www.hashtag.al\/wp-content\/uploads\/2024\/04\/Tedi-Blushi-1-250x145.png 250w\" sizes=\"auto, (max-width: 896px) 100vw, 896px\" \/><\/span><\/p>\n<p style=\"text-align: left;\"><span style=\"color: #000000;\">Sekretari i P\u00ebrgjithsh\u00ebm i Partis\u00eb s\u00eb Liris\u00eb, Tedi Blushi me an\u00eb t\u00eb nj\u00eb postimi n\u00eb rrjetet sociale ka zbardhur detaje nga Konventa Komb\u00ebtare e PL e cila do t\u00eb mbahet m\u00eb 27 prill.<\/span><\/p>\n<p style=\"text-align: left;\"><span style=\"color: #000000;\">Blushi shprehet se n\u00eb k\u00ebt\u00eb Konvent\u00eb historike, do t\u00eb shp\u00ebrthej\u00eb energjia nukleare e PL.<\/span><\/p>\n<p style=\"text-align: left;\"><span style=\"color: #000000;\">Konventa do t\u00eb nis\u00eb n\u00eb or\u00ebn 10:00 n\u00eb Pallatin e Kongreseve, i cili do t\u00eb ket\u00eb nj\u00eb dekor Kuq e Zi dhe do t\u00eb nis\u00eb me himnin komb\u00ebtar t\u00eb flamurit.<\/span><\/p>\n<p style=\"text-align: left;\"><span style=\"color: #000000;\">N\u00eb Pallatin e Kongreseve do t\u00eb jen\u00eb 931 delegat\u00eb dhe mbi 2000 t\u00eb ftuar.<\/span><\/p>\n<p style=\"text-align: left;\"><span style=\"color: #000000;\"><strong>Postimi i plot\u00eb:<\/strong><\/span><\/p>\n<p style=\"text-align: left;\"><span style=\"color: #000000;\">T\u00eb dashur miq, an\u00ebtar\u00eb dhe simpatizant\u00eb t\u00eb Partis\u00eb t\u00eb Liris\u00eb,<\/span><\/p>\n<p style=\"text-align: left;\"><span style=\"color: #000000;\">N\u00eb ve\u00e7anti, t\u00eb dashur delegat\u00eb t\u00eb Konvent\u00ebs Komb\u00ebtare, q\u00eb do t\u00eb shp\u00ebrthej\u00eb energjit\u00eb nuklear\u00eb t\u00eb Partis\u00eb s\u00eb Liris\u00eb, n\u00eb 27 Prill, ora 10:00, n\u00eb Pallatin e Kongreseve.<\/span><\/p>\n<p style=\"text-align: left;\"><span style=\"color: #000000;\">P\u00ebr shkak, t\u00eb interesimit t\u00eb jasht\u00ebzakonsh\u00ebm t\u00eb mediave, po ndajm\u00eb sot me ju disa detaje t\u00eb k\u00ebsaj Konvente historike:<\/span><\/p>\n<p style=\"text-align: left;\"><span style=\"color: #000000;\">Partia e Liris\u00eb, me rr\u00ebnj\u00eb t\u00eb thella tek vlerat komb\u00ebtare, patriotizmi dhe atdhedashuria, mbrojt\u00ebse e vendosur dhe promovuese e identitetit komb\u00ebtar, n\u00eb k\u00ebt\u00eb Konvent\u00eb t\u00eb saj nuk mund t\u00eb ket\u00eb tjet\u00ebr ve\u00e7 k\u00ebng\u00ebve shqiptare.<\/span><\/p>\n<p style=\"text-align: left;\"><span style=\"color: #000000;\">Do t\u00eb nisim me Himnin e Flamurit Komb\u00ebtar, simbolit ton\u00eb p\u00ebrbashkues, t\u00eb gjith\u00eb n\u00eb k\u00ebmb\u00eb dhe me dor\u00ebn n\u00eb zem\u00ebr!<\/span><\/p>\n<p style=\"text-align: left;\"><span style=\"color: #000000;\">Do t\u00eb k\u00ebndojm\u00eb t\u00eb gjith\u00eb s\u00eb bashku edhe himin e Mentor Xhemalit \u201cP\u00ebr ty Atdhe\u201d, q\u00eb p\u00ebr ne nuk \u00ebsht\u00eb vet\u00ebm k\u00ebng\u00eb dhe frym\u00ebzim, por edhe Program dhe Betim, p\u00ebr 4 milion shqiptar\u00eb plus!<\/span><\/p>\n<p style=\"text-align: left;\"><span style=\"color: #000000;\">\u201cRrjedh n\u00eb k\u00ebng\u00eb dhe ligj\u00ebrime\u201d t\u00eb artistes ton\u00eb t\u00eb madhe Va\u00e7e Zela do t\u00eb jet\u00eb nj\u00eb tjet\u00ebr k\u00ebng\u00eb q\u00eb do t\u00eb shoq\u00ebroj\u00eb punimet e k\u00ebsaj Konvente.<\/span><\/p>\n<p style=\"text-align: left;\"><span style=\"color: #000000;\">I gjith\u00eb dekori i Konvent\u00ebs do t\u00eb jet\u00eb KUQ E ZI, si ngjyrat e Flamurit Komb\u00ebtar dhe t\u00eb Partis\u00eb s\u00eb Liris\u00eb.<\/span><\/p>\n<p style=\"text-align: left;\"><span style=\"color: #000000;\">N\u00eb total do t\u00eb jemi 931 delegat\u00eb dhe mbi 2000 t\u00eb ftuar, mes t\u00eb cil\u00ebve jo vet\u00ebm kryetar\u00eb t\u00eb partive aleate, p\u00ebrfaq\u00ebsues t\u00eb trupit diplomatik n\u00eb Tiran\u00eb, lider\u00eb dhe drejtues t\u00eb lart\u00eb t\u00eb partive t\u00eb vendeve mike, si dhe shum\u00eb personalitete t\u00eb jasht\u00ebzakonshme q\u00eb p\u00ebrfaq\u00ebsojn\u00eb sot Shqip\u00ebrin\u00eb n\u00eb bot\u00eb.<\/span><\/p>\n<p style=\"text-align: left;\"><span style=\"color: #000000;\">Pensionist\u00ebt jan\u00eb kryefjala e Programit ton\u00eb, ndaj do t\u00eb kemi mbi 300 pensionist\u00eb t\u00eb nderuar nga t\u00eb gjitha trevat e vendit, veteran\u00eb t\u00eb Luft\u00ebs Antifashiste, pasardh\u00ebs t\u00eb tyre dhe familjar\u00eb t\u00eb Heronjve e D\u00ebshmor\u00ebve t\u00eb r\u00ebn\u00eb p\u00ebr lirin\u00eb e Shqip\u00ebris\u00eb.<\/span><\/p>\n<p style=\"text-align: left;\"><span style=\"color: #000000;\">Nj\u00ebkoh\u00ebsisht do jen\u00eb t\u00eb ftuar mbi 100 Kampion\u00eb dhe Rekordmen\u00eb Komb\u00ebtar\u00eb, q\u00eb me rezultatet e tyre t\u00eb shk\u00eblqyera kan\u00eb ngritur lart Flamurin Komb\u00ebtar dhe imazhin e Shqip\u00ebris\u00eb.<\/span><\/p>\n<p style=\"text-align: left;\"><span style=\"color: #000000;\">Padyshim t\u00eb ftuar do t\u00eb jen\u00eb qindra intelektual\u00eb t\u00eb spikatur n\u00eb fushat e tyre, artist\u00eb t\u00eb nderuar dhe shum\u00eb personalitete t\u00eb tjera.<\/span><\/p>\n<p style=\"text-align: left;\"><span style=\"color: #000000;\">Nd\u00ebrkoh\u00eb po b\u00ebj publike edhe \u201cbejxhin\u201d e secilit delegat t\u00eb Konvent\u00ebs, q\u00eb padyshim do t\u00eb ket\u00eb si element\u00eb p\u00ebrb\u00ebr\u00ebs 5 prioritetet tona kryesore p\u00ebr 4 milion shqiptar\u00eb plus:<\/span><\/p>\n<p style=\"text-align: left;\"><span style=\"color: #000000;\">Ndalimi i shpopullimit<\/span><\/p>\n<p style=\"text-align: left;\"><span style=\"color: #000000;\">Rritja e pagave dhe pensioneve<\/span><\/p>\n<p style=\"text-align: left;\"><span style=\"color: #000000;\">Arsimi<\/span><\/p>\n<p style=\"text-align: left;\"><span style=\"color: #000000;\">Bujq\u00ebsia<\/span><\/p>\n<p style=\"text-align: left;\"><span style=\"color: #000000;\">Shqip\u00ebria, fuqi eksportuese.<\/span><\/p>\n<p style=\"text-align: left;\"><span style=\"color: #000000;\">T\u00eb tjera detaje n\u00eb vijim! Ju p\u00ebrsh\u00ebndes t\u00eb gjith\u00ebve!<\/span><\/p>\n","protected":false,"gt_translate_keys":[{"key":"rendered","format":"html"}]},"excerpt":{"rendered":"<p>Sekretari i P\u00ebrgjithsh\u00ebm i Partis\u00eb s\u00eb Liris\u00eb, Tedi Blushi me an\u00eb t\u00eb nj\u00eb postimi n\u00eb rrjetet sociale ka zbardhur detaje nga Konventa Komb\u00ebtare e PL e cila do t\u00eb mbahet m\u00eb 27 prill. Blushi shprehet se n\u00eb k\u00ebt\u00eb Konvent\u00eb historike, do t\u00eb shp\u00ebrthej\u00eb energjia nukleare e PL. Konventa do t\u00eb nis\u00eb n\u00eb or\u00ebn 10:00 n\u00eb [&hellip;]<\/p>\n","protected":false,"gt_translate_keys":[{"key":"rendered","format":"html"}]},"author":4,"featured_media":670188,"comment_status":"closed","ping_status":"open","sticky":false,"template":"","format":"standard","meta":{"footnotes":""},"categories":[65],"tags":[],"class_list":["post-670187","post","type-post","status-publish","format-standard","has-post-thumbnail","hentry","category-lajme"],"gt_translate_keys":[{"key":"link","format":"url"}],"_links":{"self":[{"href":"https:\/\/www.hashtag.al\/index.php\/wp-json\/wp\/v2\/posts\/670187","targetHints":{"allow":["GET"]}}],"collection":[{"href":"https:\/\/www.hashtag.al\/index.php\/wp-json\/wp\/v2\/posts"}],"about":[{"href":"https:\/\/www.hashtag.al\/index.php\/wp-json\/wp\/v2\/types\/post"}],"author":[{"embeddable":true,"href":"https:\/\/www.hashtag.al\/index.php\/wp-json\/wp\/v2\/users\/4"}],"replies":[{"embeddable":true,"href":"https:\/\/www.hashtag.al\/index.php\/wp-json\/wp\/v2\/comments?post=670187"}],"version-history":[{"count":0,"href":"https:\/\/www.hashtag.al\/index.php\/wp-json\/wp\/v2\/posts\/670187\/revisions"}],"wp:featuredmedia":[{"embeddable":true,"href":"https:\/\/www.hashtag.al\/index.php\/wp-json\/wp\/v2\/media\/670188"}],"wp:attachment":[{"href":"https:\/\/www.hashtag.al\/index.php\/wp-json\/wp\/v2\/media?parent=670187"}],"wp:term":[{"taxonomy":"category","embeddable":true,"href":"https:\/\/www.hashtag.al\/index.php\/wp-json\/wp\/v2\/categories?post=670187"},{"taxonomy":"post_tag","embeddable":true,"href":"https:\/\/www.hashtag.al\/index.php\/wp-json\/wp\/v2\/tags?post=670187"}],"curies":[{"name":"wp","href":"https:\/\/api.w.org\/{rel}","templated":true}]}}