{"id":670127,"date":"2024-04-25T13:04:14","date_gmt":"2024-04-25T11:04:14","guid":{"rendered":"https:\/\/www.hashtag.al\/?p=670127"},"modified":"2024-04-25T13:47:22","modified_gmt":"2024-04-25T11:47:22","slug":"hije-skandali-me-provimin-e-magjistratures-drejtuesi-e-cileson-gabim-teknik-qeveria-mbledh-bordin","status":"publish","type":"post","link":"https:\/\/www.hashtag.al\/index.php\/2024\/04\/25\/hije-skandali-me-provimin-e-magjistratures-drejtuesi-e-cileson-gabim-teknik-qeveria-mbledh-bordin\/","title":{"rendered":"Hije skandali me provimin e magjistratur\u00ebs, drejtuesi e cil\u00ebson gabim teknik, qeveria mbledh Bordin","gt_translate_keys":[{"key":"rendered","format":"text"}]},"content":{"rendered":"<p><span style=\"color: #000000;\"><a style=\"color: #000000;\" href=\"https:\/\/www.hashtag.al\/wp-content\/uploads\/2024\/04\/rakipi.jpg\"><img loading=\"lazy\" decoding=\"async\" class=\"aligncenter size-full wp-image-670128\" src=\"https:\/\/www.hashtag.al\/wp-content\/uploads\/2024\/04\/rakipi.jpg\" alt=\"\" width=\"1015\" height=\"599\" srcset=\"https:\/\/www.hashtag.al\/wp-content\/uploads\/2024\/04\/rakipi.jpg 1015w, https:\/\/www.hashtag.al\/wp-content\/uploads\/2024\/04\/rakipi-300x177.jpg 300w, https:\/\/www.hashtag.al\/wp-content\/uploads\/2024\/04\/rakipi-768x453.jpg 768w\" sizes=\"auto, (max-width: 1015px) 100vw, 1015px\" \/><\/a><\/span><\/p>\n<p><span style=\"color: #000000;\">Qeveria \u00ebsht\u00eb v\u00ebn\u00eb n\u00eb l\u00ebvizje lidhur me problematik\u00ebn e krijuar n\u00eb Shkoll\u00ebn e Magjistratur\u00ebs.<\/span><\/p>\n<p><span style=\"color: #000000;\">Sot n\u00eb or\u00ebn 15.00, Bordi i Magjistratur\u00ebs do t\u00eb ket\u00eb nj\u00eb takim me ministrin e Drejt\u00ebsis\u00eb, Uli Manja lidhur me skandalin e ndodhur me faz\u00ebn e par\u00eb t\u00eb provimit t\u00eb kandidat\u00ebve p\u00ebr magjistrat\u00eb.<\/span><\/p>\n<p><span style=\"color: #000000;\">Shkolla e magjistratur\u00ebs u p\u00ebrshi nga nj\u00eb skandal pasi p\u00ebr shkak se drejtuesit e saj duke pretenduar se nuk kishte punuar pajisja scantron-i p\u00ebr korrigjimin elektronik t\u00eb tezave b\u00ebri korrigjime manual dhe nga 79 emra q\u00eb dol\u00ebn fitues n\u00eb faz\u00ebn e par\u00eb, por q\u00eb m\u00eb pas u shtuar me 52 kandidat\u00eb t\u00eb tjer\u00eb, duke shkuar n\u00eb 131 kandidat\u00eb.<\/span><\/p>\n<p><span style=\"color: #000000;\">Kandidat\u00eb p\u00ebr magjistrat\u00eb kan\u00eb reaguar pasi n\u00eb k\u00ebt\u00eb m\u00ebnyr\u00eb ata ngren\u00eb dyshime se po manipulohet procesi p\u00ebr zgjedhjen e tyre. P\u00ebr k\u00ebt\u00eb arsye pritet t\u00eb zhvillohet edhe takimi n\u00eb lidhje me \u00e7far\u00eb ka ndodhur me provimin me shkrim.<\/span><\/p>\n<p><span style=\"color: #000000;\">Sipas drejtorit t\u00eb Shkoll\u00ebs s\u00eb Magjistratur\u00ebs, Arben Rakipi, ka pasur nj\u00eb problem teknik me pajisje scantron, e cila korrigjon testet. Rakipi tha se \u00ebsht\u00eb b\u00ebr\u00eb nj\u00eb verifikim i t\u00eb gjitha testimeve dhe lista p\u00ebrfundimtare \u00ebsht\u00eb 131 fitues.<\/span><\/p>\n<p><span style=\"color: #000000;\">Sipas Rakipit, 19% \u00ebsht\u00eb nj\u00eb shif\u00ebr shum\u00eb e vog\u00ebl p\u00ebr t\u00eb kaluar faz\u00ebn e par\u00eb, dhe kjo nxiti dyshime p\u00ebr t\u00eb kryer nj\u00eb verifikim, n\u00eb lidhje me pajisjen e scantron.<\/span><\/p>\n<p><span style=\"color: #000000;\"><em>\u2018Fituesit ishin n\u00eb nj\u00eb num\u00ebr shum\u00eb her\u00eb m\u00eb t\u00eb vog\u00ebl se \u00e7o her\u00eb tjet\u00ebr. ishte numri 79 q\u00eb p\u00ebrb\u00ebn n\u00eb totalin e tij 19% t\u00eb kandidat\u00ebve nj\u00eb shif\u00ebr jasht\u00ebzakonisht e ul\u00ebt dhe q\u00eb solli shqet\u00ebsim. Elementi i dyt\u00eb ishte pik\u00ebt mjaft t\u00eb ul\u00ebta t\u00eb list\u00ebs kishim kandidat\u00eb q\u00eb kishim marr\u00eb 2 pik\u00eb.<\/em><\/span><\/p>\n<p><span style=\"color: #000000;\"><em>U konstatua leht\u00ebsisht se llogaritja e pik\u00ebve \u00ebsht\u00eb b\u00ebr\u00eb n\u00eb baz\u00ebn 96 n\u00eb total dhe jo t\u00eb 100 pik\u00ebve. \u00cbsht\u00eb nj\u00eb problem q\u00eb e kam konstatuar vet\u00eb dhe kam urdh\u00ebruar q\u00eb t\u00eb b\u00ebhen verifikimet dhe m\u00ebnyra si do t\u00eb rikuperohen gabimet.<\/em><\/span><\/p>\n<p><span style=\"color: #000000;\"><em>Gabimi ishte teknik. Kemi siguruar nj\u00eb pajisje tjet\u00ebr e cila b\u00ebri t\u00eb mundur q\u00eb t\u00eb lexohet testi me 100 pik\u00eb si\u00e7 duhet ta kishte lexuar pajisja e par\u00eb.<\/em><\/span><\/p>\n<p><span style=\"color: #000000;\"><em>N\u00eb k\u00ebt\u00eb m\u00ebnyr\u00eb ndryshoi edhe numri i fituesve. Shkoi n\u00eb 121, t\u00eb cil\u00ebt p\u00ebr shkak t\u00eb verifikimit dol\u00ebn fitues,.<\/em><\/span><\/p>\n<p><span style=\"color: #000000;\"><em>Nd\u00ebrkoh\u00eb student\u00eb kandidat\u00eb jo t\u00eb pak\u00ebt kan\u00eb paraqitur ankesat n\u00eb raport me at\u00eb \u00e7far\u00eb ndodh, n\u00ebse leximi \u00ebsht\u00eb b\u00ebr\u00eb apo jo i sakt\u00eb. Ky ishte elementi i dyt\u00eb q\u00eb t\u00eb verifikojm\u00eb ankimet e b\u00ebra. Rregullorja e shkoll\u00ebs ka nj\u00eb dispozit\u00eb q\u00eb rregullon qart\u00ebsisht m\u00ebnyr\u00ebn si shqyrtohen ankimet.<\/em><\/span><\/p>\n<p><span style=\"color: #000000;\"><em>N\u00eb bashk\u00ebpunim, dhe me ekspert\u00eb t\u00eb IT-s\u00eb kemi marr\u00eb p\u00ebrve\u00e7 ankimeve kemi marr\u00eb n\u00eb shqyrtim p\u00ebr shkak t\u00eb frik\u00ebs q\u00eb na shkaktoi leximi i par\u00eb kemi shqyrtuar t\u00eb gjitha p\u00ebrgjigjet e student\u00ebve. N\u00eb p\u00ebrfundim t\u00eb shqyrtimit t\u00ebr\u00ebsor t\u00eb gjith\u00eb p\u00ebrgjigjeve t\u00eb 411 personave, rezultoi se p\u00ebrfundimisht fitues jan\u00eb edhe 10 t\u00eb tjer\u00eb. Lista \u00ebsht\u00eb shpallur dje m\u00eb 131 kandidat\u00eb fitues t\u00eb cil\u00ebt jan\u00eb duke zhvilluar sot faz\u00ebn e dyt\u00eb t\u00eb provimit. Defekti \u00ebsht\u00eb i karakteri thjesht teknik. S\u2019ka lidhje me element\u00eb njer\u00ebzor konkluzion q\u00eb ka dal\u00eb nga testet e shumta q\u00eb kemi b\u00ebr\u00eb pasditen kur u zhvillua provimi. Pajisja e re q\u00eb vum\u00eb n\u00eb shkoll\u00eb lexonte sakt\u00ebsisht. Elementi njer\u00ebzor n\u00eb gabimin e pikasur nj\u00eb dit\u00eb m\u00eb par\u00eb ishte krejt\u00ebsisht i p\u00ebrjashtuar, \u00c7\u00ebshtja e 2-t\u00eb ishte me mund\u00ebsin\u00eb e riparimit t\u00eb d\u00ebmi.<\/em><\/span><\/p>\n<p><span style=\"color: #000000;\"><em>Kjo \u00e7\u00ebshtje shum\u00eb serioze, mund\u00ebm q\u00eb n\u00ebp\u00ebrmjet mekanizmave q\u00eb shkolla e magjistratur\u00ebs mban arrit\u00ebm ta zgjedhim dhe ta kap\u00ebrcejm\u00eb duke prodhuar rezultatin q\u00eb i takon merit\u00ebs s\u00eb secilit. Sot rezultati \u00ebsht\u00eb p\u00ebr shkak t\u00eb merit\u00ebs.<\/em><\/span><\/p>\n<p><span style=\"color: #000000;\"><em>Ajo q\u00eb m\u00eb shqet\u00ebson \u00ebsht\u00eb % e kandidat\u00ebve q\u00eb kan\u00eb mund\u00ebsi p\u00ebr t\u00eb kaluar n\u00eb faz\u00ebn tjet\u00ebr.% vijon t\u00eb jet\u00eb e ul\u00ebt. Kemi miratuar mekanizma p\u00ebr mund\u00ebsin\u00eb q\u00eb t\u00eb jet\u00eb i pranush\u00ebm p\u00ebr nivelin. Niveli i faz\u00ebs s\u00eb par\u00eb ishte te mestare dhe kalimi i tij duhet t\u00eb kap\u00ebrcente nivelin mestar. Mos kalimi i nivelit ishte shqet\u00ebsimi i par\u00eb. Uroj q\u00eb t\u00eb mund t\u00eb prodhoj\u00eb cil\u00ebsin\u00eb edhe p\u00ebr t\u00eb p\u00ebrmbushur kuotata q\u00eb KLGJ dhe KLP ka caktuar.\u2019- <\/em>tha Rakipi n\u00eb nj\u00eb intervist\u00eb p\u00ebr Report TV.<\/span><\/p>\n","protected":false,"gt_translate_keys":[{"key":"rendered","format":"html"}]},"excerpt":{"rendered":"<p>Qeveria \u00ebsht\u00eb v\u00ebn\u00eb n\u00eb l\u00ebvizje lidhur me problematik\u00ebn e krijuar n\u00eb Shkoll\u00ebn e Magjistratur\u00ebs. Sot n\u00eb or\u00ebn 15.00, Bordi i Magjistratur\u00ebs do t\u00eb ket\u00eb nj\u00eb takim me ministrin e Drejt\u00ebsis\u00eb, Uli Manja lidhur me skandalin e ndodhur me faz\u00ebn e par\u00eb t\u00eb provimit t\u00eb kandidat\u00ebve p\u00ebr magjistrat\u00eb. Shkolla e magjistratur\u00ebs u p\u00ebrshi nga nj\u00eb skandal [&hellip;]<\/p>\n","protected":false,"gt_translate_keys":[{"key":"rendered","format":"html"}]},"author":32,"featured_media":670128,"comment_status":"closed","ping_status":"open","sticky":false,"template":"","format":"standard","meta":{"footnotes":""},"categories":[22,13],"tags":[],"class_list":["post-670127","post","type-post","status-publish","format-standard","has-post-thumbnail","hentry","category-ballina","category-te-fundit"],"gt_translate_keys":[{"key":"link","format":"url"}],"_links":{"self":[{"href":"https:\/\/www.hashtag.al\/index.php\/wp-json\/wp\/v2\/posts\/670127","targetHints":{"allow":["GET"]}}],"collection":[{"href":"https:\/\/www.hashtag.al\/index.php\/wp-json\/wp\/v2\/posts"}],"about":[{"href":"https:\/\/www.hashtag.al\/index.php\/wp-json\/wp\/v2\/types\/post"}],"author":[{"embeddable":true,"href":"https:\/\/www.hashtag.al\/index.php\/wp-json\/wp\/v2\/users\/32"}],"replies":[{"embeddable":true,"href":"https:\/\/www.hashtag.al\/index.php\/wp-json\/wp\/v2\/comments?post=670127"}],"version-history":[{"count":0,"href":"https:\/\/www.hashtag.al\/index.php\/wp-json\/wp\/v2\/posts\/670127\/revisions"}],"wp:featuredmedia":[{"embeddable":true,"href":"https:\/\/www.hashtag.al\/index.php\/wp-json\/wp\/v2\/media\/670128"}],"wp:attachment":[{"href":"https:\/\/www.hashtag.al\/index.php\/wp-json\/wp\/v2\/media?parent=670127"}],"wp:term":[{"taxonomy":"category","embeddable":true,"href":"https:\/\/www.hashtag.al\/index.php\/wp-json\/wp\/v2\/categories?post=670127"},{"taxonomy":"post_tag","embeddable":true,"href":"https:\/\/www.hashtag.al\/index.php\/wp-json\/wp\/v2\/tags?post=670127"}],"curies":[{"name":"wp","href":"https:\/\/api.w.org\/{rel}","templated":true}]}}