{"id":670122,"date":"2024-04-25T12:48:36","date_gmt":"2024-04-25T10:48:36","guid":{"rendered":"https:\/\/www.hashtag.al\/?p=670122"},"modified":"2024-04-25T13:58:55","modified_gmt":"2024-04-25T11:58:55","slug":"spak-nuk-pranon-kallezimin-per-shpifje-te-olsi-rames-ndaj-bardhit","status":"publish","type":"post","link":"https:\/\/www.hashtag.al\/index.php\/2024\/04\/25\/spak-nuk-pranon-kallezimin-per-shpifje-te-olsi-rames-ndaj-bardhit\/","title":{"rendered":"SPAK nuk pranon kall\u00ebzimin p\u00ebr shpifje t\u00eb Olsi Ram\u00ebs ndaj Bardhit","gt_translate_keys":[{"key":"rendered","format":"text"}]},"content":{"rendered":"<p><span style=\"color: #000000;\"><a href=\"https:\/\/www.hashtag.al\/wp-content\/uploads\/2024\/04\/olsi-rama-gaz-bardhi.jpg\"><img loading=\"lazy\" decoding=\"async\" class=\"aligncenter size-full wp-image-670125\" src=\"https:\/\/www.hashtag.al\/wp-content\/uploads\/2024\/04\/olsi-rama-gaz-bardhi.jpg\" alt=\"\" width=\"640\" height=\"361\" srcset=\"https:\/\/www.hashtag.al\/wp-content\/uploads\/2024\/04\/olsi-rama-gaz-bardhi.jpg 640w, https:\/\/www.hashtag.al\/wp-content\/uploads\/2024\/04\/olsi-rama-gaz-bardhi-300x169.jpg 300w\" sizes=\"auto, (max-width: 640px) 100vw, 640px\" \/><\/a><\/span><\/p>\n<p><span style=\"color: #000000;\">Prokuroria e Posa\u00e7me Kund\u00ebr Korrupsionit dhe Krimit t\u00eb Organizuar nuk ka pranuar kall\u00ebzimin e Olsi Ram\u00ebs ndaj deputetit t\u00eb PD-s\u00eb Gazment Bardhit, duke konstatuar se nuk ka asnj\u00eb shpifje dhe asnj\u00eb kall\u00ebzim t\u00eb rrem\u00eb.<\/span><\/p>\n<p><span style=\"color: #000000;\">Si rezultat, Prokurori i Posa\u00e7\u00ebm Elvin Gokaj ka vendosur mosfillimin e procedimit penal p\u00ebr kall\u00ebzimin e paraqitur nga v\u00ebllai i kryeministrit .<\/span><\/p>\n<p><span style=\"color: #000000;\">Olsi Rama kall\u00ebzoi Gazment Bardhin me pretendimin se ai kishte shpifur ndaj tij, duke e akuzuar si pjes\u00eb e Laboratorit t\u00eb drog\u00ebs n\u00eb Xibrak\u00eb. Sipas denoncimit t\u00eb Bardhit, nj\u00eb person i paidentifikuar, i mosh\u00ebs 45 vje\u00e7, kishte p\u00ebrdorur automjetin me targa AA 653 DM.<\/span><\/p>\n<p><a href=\"https:\/\/www.hashtag.al\/wp-content\/uploads\/2024\/04\/auto_vendimi11714040940.jpg\"><img loading=\"lazy\" decoding=\"async\" class=\"aligncenter size-full wp-image-670123\" src=\"https:\/\/www.hashtag.al\/wp-content\/uploads\/2024\/04\/auto_vendimi11714040940.jpg\" alt=\"\" width=\"900\" height=\"1210\" srcset=\"https:\/\/www.hashtag.al\/wp-content\/uploads\/2024\/04\/auto_vendimi11714040940.jpg 900w, https:\/\/www.hashtag.al\/wp-content\/uploads\/2024\/04\/auto_vendimi11714040940-223x300.jpg 223w, https:\/\/www.hashtag.al\/wp-content\/uploads\/2024\/04\/auto_vendimi11714040940-762x1024.jpg 762w, https:\/\/www.hashtag.al\/wp-content\/uploads\/2024\/04\/auto_vendimi11714040940-768x1033.jpg 768w\" sizes=\"auto, (max-width: 900px) 100vw, 900px\" \/><\/a><a href=\"https:\/\/www.hashtag.al\/wp-content\/uploads\/2024\/04\/auto_vendimi21714040940.jpg\"><img loading=\"lazy\" decoding=\"async\" class=\"aligncenter size-full wp-image-670124\" src=\"https:\/\/www.hashtag.al\/wp-content\/uploads\/2024\/04\/auto_vendimi21714040940.jpg\" alt=\"\" width=\"900\" height=\"1241\" srcset=\"https:\/\/www.hashtag.al\/wp-content\/uploads\/2024\/04\/auto_vendimi21714040940.jpg 900w, https:\/\/www.hashtag.al\/wp-content\/uploads\/2024\/04\/auto_vendimi21714040940-218x300.jpg 218w, https:\/\/www.hashtag.al\/wp-content\/uploads\/2024\/04\/auto_vendimi21714040940-743x1024.jpg 743w, https:\/\/www.hashtag.al\/wp-content\/uploads\/2024\/04\/auto_vendimi21714040940-768x1059.jpg 768w\" sizes=\"auto, (max-width: 900px) 100vw, 900px\" \/><\/a><\/p>\n","protected":false,"gt_translate_keys":[{"key":"rendered","format":"html"}]},"excerpt":{"rendered":"<p>Prokuroria e Posa\u00e7me Kund\u00ebr Korrupsionit dhe Krimit t\u00eb Organizuar nuk ka pranuar kall\u00ebzimin e Olsi Ram\u00ebs ndaj deputetit t\u00eb PD-s\u00eb Gazment Bardhit, duke konstatuar se nuk ka asnj\u00eb shpifje dhe asnj\u00eb kall\u00ebzim t\u00eb rrem\u00eb. Si rezultat, Prokurori i Posa\u00e7\u00ebm Elvin Gokaj ka vendosur mosfillimin e procedimit penal p\u00ebr kall\u00ebzimin e paraqitur nga v\u00ebllai i kryeministrit [&hellip;]<\/p>\n","protected":false,"gt_translate_keys":[{"key":"rendered","format":"html"}]},"author":32,"featured_media":670125,"comment_status":"closed","ping_status":"open","sticky":false,"template":"","format":"standard","meta":{"footnotes":""},"categories":[22,65,13],"tags":[],"class_list":["post-670122","post","type-post","status-publish","format-standard","has-post-thumbnail","hentry","category-ballina","category-lajme","category-te-fundit"],"gt_translate_keys":[{"key":"link","format":"url"}],"_links":{"self":[{"href":"https:\/\/www.hashtag.al\/index.php\/wp-json\/wp\/v2\/posts\/670122","targetHints":{"allow":["GET"]}}],"collection":[{"href":"https:\/\/www.hashtag.al\/index.php\/wp-json\/wp\/v2\/posts"}],"about":[{"href":"https:\/\/www.hashtag.al\/index.php\/wp-json\/wp\/v2\/types\/post"}],"author":[{"embeddable":true,"href":"https:\/\/www.hashtag.al\/index.php\/wp-json\/wp\/v2\/users\/32"}],"replies":[{"embeddable":true,"href":"https:\/\/www.hashtag.al\/index.php\/wp-json\/wp\/v2\/comments?post=670122"}],"version-history":[{"count":0,"href":"https:\/\/www.hashtag.al\/index.php\/wp-json\/wp\/v2\/posts\/670122\/revisions"}],"wp:featuredmedia":[{"embeddable":true,"href":"https:\/\/www.hashtag.al\/index.php\/wp-json\/wp\/v2\/media\/670125"}],"wp:attachment":[{"href":"https:\/\/www.hashtag.al\/index.php\/wp-json\/wp\/v2\/media?parent=670122"}],"wp:term":[{"taxonomy":"category","embeddable":true,"href":"https:\/\/www.hashtag.al\/index.php\/wp-json\/wp\/v2\/categories?post=670122"},{"taxonomy":"post_tag","embeddable":true,"href":"https:\/\/www.hashtag.al\/index.php\/wp-json\/wp\/v2\/tags?post=670122"}],"curies":[{"name":"wp","href":"https:\/\/api.w.org\/{rel}","templated":true}]}}