{"id":670112,"date":"2024-04-25T12:13:11","date_gmt":"2024-04-25T10:13:11","guid":{"rendered":"https:\/\/www.hashtag.al\/?p=670112"},"modified":"2024-04-25T12:13:11","modified_gmt":"2024-04-25T10:13:11","slug":"dyshohet-si-autor-i-vjedhjes-se-3-automjeteve-dhe-12-targave-arrestohet-22-vjecari-ne-diber","status":"publish","type":"post","link":"https:\/\/www.hashtag.al\/index.php\/2024\/04\/25\/dyshohet-si-autor-i-vjedhjes-se-3-automjeteve-dhe-12-targave-arrestohet-22-vjecari-ne-diber\/","title":{"rendered":"Dyshohet si autor i vjedhjes s\u00eb 3 automjeteve dhe 12 targave, arrestohet 22-vje\u00e7ari n\u00eb Dib\u00ebr","gt_translate_keys":[{"key":"rendered","format":"text"}]},"content":{"rendered":"<p><span style=\"color: #000000;\"><a style=\"color: #000000;\" href=\"https:\/\/www.hashtag.al\/wp-content\/uploads\/2024\/04\/diber-arrestim.jpg\"><img loading=\"lazy\" decoding=\"async\" class=\"aligncenter size-full wp-image-670114\" src=\"https:\/\/www.hashtag.al\/wp-content\/uploads\/2024\/04\/diber-arrestim.jpg\" alt=\"\" width=\"826\" height=\"469\" srcset=\"https:\/\/www.hashtag.al\/wp-content\/uploads\/2024\/04\/diber-arrestim.jpg 826w, https:\/\/www.hashtag.al\/wp-content\/uploads\/2024\/04\/diber-arrestim-300x170.jpg 300w, https:\/\/www.hashtag.al\/wp-content\/uploads\/2024\/04\/diber-arrestim-768x436.jpg 768w\" sizes=\"auto, (max-width: 826px) 100vw, 826px\" \/><\/a><\/span><\/p>\n<p><span style=\"color: #000000;\">Nj\u00eb 22-vje\u00e7ar \u00ebsht\u00eb arrestuar n\u00eb Dib\u00ebr pasi dyshohet si autor i vjedhjes s\u00eb 2 automjeteve dhe 12 targave t\u00eb tjera.<\/span><\/p>\n<p><span style=\"color: #000000;\">N\u00eb pranga ra shtetasi Ervin Karasani banues n\u00eb fshatin Radovesh.<\/span><\/p>\n<p><span style=\"color: #000000;\">Dy nga automjetet e vjedhura jan\u00eb gjetur nd\u00ebrsa vijon puna e policis\u00eb p\u00ebr gjetjen e tjetr\u00ebs.<\/span><\/p>\n<p><span style=\"color: #000000;\">\u201c<em>Vodhi 3 automjete dhe targat e 12 automjeteve t\u00eb tjera, t\u00eb cilat dyshohet se do t\u00eb p\u00ebrdoreshin nga shtetas t\u00eb tjer\u00eb, p\u00ebr veprimtari kriminale, identifikohet, kapet dhe vihet n\u00eb pranga 22-vje\u00e7ari.<\/em><\/span><\/p>\n<p><span style=\"color: #000000;\"><em>Strukturat e Drejtoris\u00eb Vendore t\u00eb Policis\u00eb Dib\u00ebr, n\u00eb zbatim t\u00eb masave t\u00eb p\u00ebrcaktuara n\u00eb planin operacional komb\u00ebtar \u201cSundimi i ligjit\u201d, p\u00ebr zbardhjen e vjedhjeve t\u00eb automjeteve dhe targave t\u00eb tyre, kapjen dhe v\u00ebnien p\u00ebrpara p\u00ebrgjegj\u00ebsis\u00eb ligjore t\u00eb autor\u00ebve, finalizuan operacionin policor t\u00eb koduar \u201cQ\u00ebllimi\u201d.<\/em><\/span><\/p>\n<p><span style=\"color: #000000;\"><em>Si rezultat i operacionit, u identifikua, u kap dhe u vu n\u00eb pranga shtetasi Ervin Karasani, 22 vje\u00e7, banues n\u00eb fshatin Radovesh.<\/em><\/span><\/p>\n<p><span style=\"color: #000000;\"><em>Ky shtetas dyshohet se \u00ebsht\u00eb autori kryesor i vjedhjes s\u00eb 3 automjeteve (2 prej t\u00eb cilave jan\u00eb gjetur dhe vijon puna p\u00ebr gjetjen e automjetit tjet\u00ebr) dhe t\u00eb targave t\u00eb 12 automjeteve t\u00eb tjera, n\u00eb zonat e fshatrave Xib\u00ebr, Mat dhe Radovesh, Bulqiz\u00eb, gjat\u00eb disa muajve.<\/em><\/span><\/p>\n<p><span style=\"color: #000000;\"><em>Nga veprimet hetimore dyshohet se targat e vjedhura do t\u00eb p\u00ebrdoreshin nga shtetas t\u00eb tjer\u00eb, p\u00ebr veprimtari kriminale.<\/em><\/span><\/p>\n<p><span style=\"color: #000000;\"><em>Vijon puna p\u00ebr dukumentimin e vjedhjeve t\u00eb tjera q\u00eb mund t\u00eb jen\u00eb kryer nga shtetasi E. K., identifikimin e bashk\u00ebpun\u00ebtor\u00ebve t\u00eb tij dhe nxjerrjen e tyre p\u00ebrpara p\u00ebrgjegj\u00ebsis\u00eb ligjore.<\/em><\/span><\/p>\n<p><span style=\"color: #000000;\"><em>Materialet i kaluan Prokuroris\u00eb pran\u00eb Gjykat\u00ebs s\u00eb Shkall\u00ebs s\u00eb Par\u00eb t\u00eb Juridiksionit t\u00eb P\u00ebrgjithsh\u00ebm Dib\u00ebr<\/em>\u201d-njofton policia.<\/span><\/p>\n<p>&nbsp;<\/p>\n","protected":false,"gt_translate_keys":[{"key":"rendered","format":"html"}]},"excerpt":{"rendered":"<p>Nj\u00eb 22-vje\u00e7ar \u00ebsht\u00eb arrestuar n\u00eb Dib\u00ebr pasi dyshohet si autor i vjedhjes s\u00eb 2 automjeteve dhe 12 targave t\u00eb tjera. N\u00eb pranga ra shtetasi Ervin Karasani banues n\u00eb fshatin Radovesh. Dy nga automjetet e vjedhura jan\u00eb gjetur nd\u00ebrsa vijon puna e policis\u00eb p\u00ebr gjetjen e tjetr\u00ebs. \u201cVodhi 3 automjete dhe targat e 12 automjeteve t\u00eb [&hellip;]<\/p>\n","protected":false,"gt_translate_keys":[{"key":"rendered","format":"html"}]},"author":32,"featured_media":670114,"comment_status":"closed","ping_status":"open","sticky":false,"template":"","format":"standard","meta":{"footnotes":""},"categories":[65,13],"tags":[],"class_list":["post-670112","post","type-post","status-publish","format-standard","has-post-thumbnail","hentry","category-lajme","category-te-fundit"],"gt_translate_keys":[{"key":"link","format":"url"}],"_links":{"self":[{"href":"https:\/\/www.hashtag.al\/index.php\/wp-json\/wp\/v2\/posts\/670112","targetHints":{"allow":["GET"]}}],"collection":[{"href":"https:\/\/www.hashtag.al\/index.php\/wp-json\/wp\/v2\/posts"}],"about":[{"href":"https:\/\/www.hashtag.al\/index.php\/wp-json\/wp\/v2\/types\/post"}],"author":[{"embeddable":true,"href":"https:\/\/www.hashtag.al\/index.php\/wp-json\/wp\/v2\/users\/32"}],"replies":[{"embeddable":true,"href":"https:\/\/www.hashtag.al\/index.php\/wp-json\/wp\/v2\/comments?post=670112"}],"version-history":[{"count":0,"href":"https:\/\/www.hashtag.al\/index.php\/wp-json\/wp\/v2\/posts\/670112\/revisions"}],"wp:featuredmedia":[{"embeddable":true,"href":"https:\/\/www.hashtag.al\/index.php\/wp-json\/wp\/v2\/media\/670114"}],"wp:attachment":[{"href":"https:\/\/www.hashtag.al\/index.php\/wp-json\/wp\/v2\/media?parent=670112"}],"wp:term":[{"taxonomy":"category","embeddable":true,"href":"https:\/\/www.hashtag.al\/index.php\/wp-json\/wp\/v2\/categories?post=670112"},{"taxonomy":"post_tag","embeddable":true,"href":"https:\/\/www.hashtag.al\/index.php\/wp-json\/wp\/v2\/tags?post=670112"}],"curies":[{"name":"wp","href":"https:\/\/api.w.org\/{rel}","templated":true}]}}