{"id":669933,"date":"2024-04-24T20:22:12","date_gmt":"2024-04-24T18:22:12","guid":{"rendered":"https:\/\/www.hashtag.al\/?p=669933"},"modified":"2024-04-24T20:22:12","modified_gmt":"2024-04-24T18:22:12","slug":"pezullohet-prifti-ortodoks-qe-udhehoqi-ceremonine-ne-varrimin-e-navalnyt","status":"publish","type":"post","link":"https:\/\/www.hashtag.al\/index.php\/2024\/04\/24\/pezullohet-prifti-ortodoks-qe-udhehoqi-ceremonine-ne-varrimin-e-navalnyt\/","title":{"rendered":"Pezullohet prifti ortodoks q\u00eb udh\u00ebhoqi ceremonin\u00eb n\u00eb varrimin e Navalnyt","gt_translate_keys":[{"key":"rendered","format":"text"}]},"content":{"rendered":"<div class=\"col-title col-xs-12 col-md-10 pull-right\">\n<p style=\"text-align: left;\"><span style=\"color: #000000;\"><img loading=\"lazy\" decoding=\"async\" class=\"size-full wp-image-669934 aligncenter\" src=\"https:\/\/www.hashtag.al\/wp-content\/uploads\/2024\/04\/Screenshot-2024-04-24-155915.png\" alt=\"\" width=\"768\" height=\"431\" srcset=\"https:\/\/www.hashtag.al\/wp-content\/uploads\/2024\/04\/Screenshot-2024-04-24-155915.png 768w, https:\/\/www.hashtag.al\/wp-content\/uploads\/2024\/04\/Screenshot-2024-04-24-155915-300x168.png 300w\" sizes=\"auto, (max-width: 768px) 100vw, 768px\" \/><\/span><\/p>\n<p style=\"text-align: left;\"><span style=\"color: #000000;\">Prifti rus Dmitry Safronov \u00ebsht\u00eb pezulluar p\u00ebr tre vjet, pasi e udh\u00ebhoqi nj\u00eb ceremoni t\u00eb lamtumir\u00ebs n\u00eb varrimin e kritikut t\u00eb z\u00ebsh\u00ebm t\u00eb Kremlinit, Alexei Navalny, muajin e kaluar.<\/span><\/p>\n<p style=\"text-align: left;\"><span style=\"color: #000000;\">Vendimi i patriarkut Kirlli u publikua n\u00eb uebsajtin e Dioqez\u00ebs s\u00eb Qytetit t\u00eb Mosk\u00ebs m\u00eb 23 prill, n\u00eb t\u00eb cilin nuk u dhan\u00eb shpjegime.<\/span><\/p>\n<p style=\"text-align: left;\"><span style=\"color: #000000;\">Dioqeza mori vendim gjithashtu ta ul\u00eb n\u00eb pozit\u00eb priftin Safronov.<\/span><\/p>\n<p style=\"text-align: left;\"><span style=\"color: #000000;\">Safronov e udh\u00ebhoqi edhe nj\u00eb ceremoni tjet\u00ebr fetare n\u00eb ceremonin\u00eb tradicionale ortodokse p\u00ebr sh\u00ebnimin e 40 dit\u00ebve nga vdekja e Navalnyt.<\/span><\/p>\n<p style=\"text-align: left;\"><span style=\"color: #000000;\">Ai gjithashtu ishte n\u00eb mesin e prift\u00ebrinjve t\u00eb cil\u00ebt e kishin n\u00ebnshkruar nj\u00eb peticion duke k\u00ebrkuar q\u00eb trupi i Navalnyt t\u2019i dor\u00ebzohej familjes, pasi politikani rus kishte vdekur n\u00eb nj\u00eb burg n\u00eb Arktik n\u00eb shkurt.<\/span><\/p>\n<p style=\"text-align: left;\"><span style=\"color: #000000;\">Navalny, 47 vje\u00e7, vdiq m\u00eb 16 shkurt n\u00eb nj\u00eb burg siberian n\u00eb rrethana ende t\u00eb panjohura. Ai ishte duke vuajtur nj\u00eb d\u00ebnim prej 19 vjet\u00ebsh burgim p\u00ebr ekstremiz\u00ebm dhe akuza t\u00eb tjera, q\u00eb gjer\u00ebsisht jan\u00eb par\u00eb si t\u00eb motivuara politikisht.<\/span><\/p>\n<p style=\"text-align: left;\"><span style=\"color: #000000;\">Vdekja e tij n\u00eb rrethana t\u00eb paqarta ka b\u00ebr\u00eb q\u00eb bashk\u00ebshortja e tij, Yulia Navalnaya dhe mb\u00ebshtet\u00ebsit e tij t\u00eb thon\u00eb se ai \u00ebsht\u00eb vrar\u00eb, pavar\u00ebsisht se n\u00eb certifikat\u00ebn e vdekjes, t\u00eb l\u00ebshuar nga autoritetet ruse, thuhet se Navalny vdiq nga shkaqe natyrale.\/<span style=\"color: #0000ff;\"><strong><a style=\"color: #0000ff;\" href=\"https:\/\/www.evropaelire.org\/a\/pezullohet-prifti-qe-udhehoqi-varrimin-navalny\/32918854.html\">REL<\/a><\/strong><\/span><\/span><\/p>\n<\/div>\n","protected":false,"gt_translate_keys":[{"key":"rendered","format":"html"}]},"excerpt":{"rendered":"<p>Prifti rus Dmitry Safronov \u00ebsht\u00eb pezulluar p\u00ebr tre vjet, pasi e udh\u00ebhoqi nj\u00eb ceremoni t\u00eb lamtumir\u00ebs n\u00eb varrimin e kritikut t\u00eb z\u00ebsh\u00ebm t\u00eb Kremlinit, Alexei Navalny, muajin e kaluar. Vendimi i patriarkut Kirlli u publikua n\u00eb uebsajtin e Dioqez\u00ebs s\u00eb Qytetit t\u00eb Mosk\u00ebs m\u00eb 23 prill, n\u00eb t\u00eb cilin nuk u dhan\u00eb shpjegime. Dioqeza mori [&hellip;]<\/p>\n","protected":false,"gt_translate_keys":[{"key":"rendered","format":"html"}]},"author":4,"featured_media":669934,"comment_status":"closed","ping_status":"open","sticky":false,"template":"","format":"standard","meta":{"footnotes":""},"categories":[6],"tags":[],"class_list":["post-669933","post","type-post","status-publish","format-standard","has-post-thumbnail","hentry","category-nderkombetare"],"gt_translate_keys":[{"key":"link","format":"url"}],"_links":{"self":[{"href":"https:\/\/www.hashtag.al\/index.php\/wp-json\/wp\/v2\/posts\/669933","targetHints":{"allow":["GET"]}}],"collection":[{"href":"https:\/\/www.hashtag.al\/index.php\/wp-json\/wp\/v2\/posts"}],"about":[{"href":"https:\/\/www.hashtag.al\/index.php\/wp-json\/wp\/v2\/types\/post"}],"author":[{"embeddable":true,"href":"https:\/\/www.hashtag.al\/index.php\/wp-json\/wp\/v2\/users\/4"}],"replies":[{"embeddable":true,"href":"https:\/\/www.hashtag.al\/index.php\/wp-json\/wp\/v2\/comments?post=669933"}],"version-history":[{"count":0,"href":"https:\/\/www.hashtag.al\/index.php\/wp-json\/wp\/v2\/posts\/669933\/revisions"}],"wp:featuredmedia":[{"embeddable":true,"href":"https:\/\/www.hashtag.al\/index.php\/wp-json\/wp\/v2\/media\/669934"}],"wp:attachment":[{"href":"https:\/\/www.hashtag.al\/index.php\/wp-json\/wp\/v2\/media?parent=669933"}],"wp:term":[{"taxonomy":"category","embeddable":true,"href":"https:\/\/www.hashtag.al\/index.php\/wp-json\/wp\/v2\/categories?post=669933"},{"taxonomy":"post_tag","embeddable":true,"href":"https:\/\/www.hashtag.al\/index.php\/wp-json\/wp\/v2\/tags?post=669933"}],"curies":[{"name":"wp","href":"https:\/\/api.w.org\/{rel}","templated":true}]}}