{"id":669865,"date":"2024-04-24T10:11:57","date_gmt":"2024-04-24T08:11:57","guid":{"rendered":"https:\/\/www.hashtag.al\/?p=669865"},"modified":"2024-04-24T10:17:07","modified_gmt":"2024-04-24T08:17:07","slug":"rai-3-publikoi-letren-e-engjell-agacit-reagon-rama-te-gabosh-eshte-njerezore-por-te-ngulmosh-eshte-djallezore","status":"publish","type":"post","link":"https:\/\/www.hashtag.al\/index.php\/2024\/04\/24\/rai-3-publikoi-letren-e-engjell-agacit-reagon-rama-te-gabosh-eshte-njerezore-por-te-ngulmosh-eshte-djallezore\/","title":{"rendered":"RAI 3 publikoi letr\u00ebn e Engj\u00ebll Aga\u00e7it,\u00a0reagon Rama: T\u00eb gabosh \u00ebsht\u00eb njer\u00ebzore, por t\u00eb ngulmosh \u00ebsht\u00eb djall\u00ebzore","gt_translate_keys":[{"key":"rendered","format":"text"}]},"content":{"rendered":"<p><img loading=\"lazy\" decoding=\"async\" class=\"size-full wp-image-669866 aligncenter\" src=\"https:\/\/www.hashtag.al\/wp-content\/uploads\/2024\/04\/8ac677d0f882671981d47455c8690a60.jpg\" alt=\"\" width=\"774\" height=\"516\" srcset=\"https:\/\/www.hashtag.al\/wp-content\/uploads\/2024\/04\/8ac677d0f882671981d47455c8690a60.jpg 774w, https:\/\/www.hashtag.al\/wp-content\/uploads\/2024\/04\/8ac677d0f882671981d47455c8690a60-300x200.jpg 300w, https:\/\/www.hashtag.al\/wp-content\/uploads\/2024\/04\/8ac677d0f882671981d47455c8690a60-768x512.jpg 768w\" sizes=\"auto, (max-width: 774px) 100vw, 774px\" \/><\/p>\n<p><span style=\"font-weight: 400; color: #000000;\">Kryeministri Edi Rama ka reaguar pas publikimit t\u00eb letr\u00ebs s\u00eb plot\u00eb nga RAI3 ku flet Sekretari i P\u00ebrgjithsh\u00ebm i K\u00ebshillit t\u00eb Ministrave, pasi emri i tij u p\u00ebrmend nga emisioni investigativ italian Report, gjat\u00eb nj\u00eb reportazhi p\u00ebr marr\u00ebveshjen e emigrant\u00ebve mes Italis\u00eb dhe Shqip\u00ebris\u00eb.<\/span><\/p>\n<p><span style=\"font-weight: 400; color: #000000;\">N\u00eb postim Rama i ka cil\u00ebsuar djall\u00ebzore q\u00eb t\u00eb ngulmosh n\u00eb gabim. Ai tha se Aga\u00e7i nuk do t\u00eb mbronte vet\u00ebm shenjtor\u00ebt si avokat.\u00a0<\/span><\/p>\n<p><span style=\"font-weight: 400; color: #000000;\">Nd\u00ebr t\u00eb tjera kreu i qeveris\u00eb shqiptare shtoi se Meloni po sulmohet n\u00eb kurriz t\u00eb Shqip\u00ebris\u00eb.<\/span><\/p>\n<p>&nbsp;<\/p>\n<p><strong><span style=\"color: #000000;\">Reagimi i plot\u00eb i Ram\u00ebs<\/span><\/strong><\/p>\n<p><span style=\"color: #000000;\"><i><span style=\"font-weight: 400;\">\u201cGjyshja ime q\u00eb m\u00eb m\u00ebsoi italisht m\u00eb thoshte shpesh se t\u00eb gabosh \u00ebsht\u00eb njer\u00ebzore, por t\u00eb ngulmosh \u00ebsht\u00eb djall\u00ebzore. Ajo q\u00eb m\u00eb kujton tani \u00ebsht\u00eb ky gabim i m\u00ebtejsh\u00ebm @RaiTre.<\/span><\/i><\/span><\/p>\n<p><span style=\"color: #000000;\"><i><span style=\"font-weight: 400;\">Reportazh, mikprit\u00ebsi i t\u00eb cilit ngulmon n\u00eb m\u00ebnyr\u00eb t\u00eb bujshme me t\u00eb nj\u00ebjtat falsifikime t\u00eb p\u00ebrfshira tashm\u00eb n\u00eb episodin e neveritsh\u00ebm p\u00ebr Shqip\u00ebrin\u00eb.<\/span><\/i><\/span><\/p>\n<p><span style=\"color: #000000;\"><i><span style=\"font-weight: 400;\">Ai thot\u00eb se sekretari i p\u00ebrgjithsh\u00ebm i K\u00ebshillit t\u00eb Ministrave \u201ce ka v\u00ebrtetuar me fakte at\u00eb q\u00eb kemi th\u00ebn\u00eb\u201d! Fatkeq\u00ebsisht, n\u00eb episodin q\u00eb ai mbron pa dobi, jo vet\u00ebm q\u00eb nuk u fol p\u00ebr pyetjen e kryq\u00ebzuar me shkrim t\u00eb viktim\u00ebs s\u00eb sulmit brutal me balt\u00eb, por para auditorit t\u00eb Report iu tha se sekretari Agaci nuk pranoi t\u00eb p\u00ebrgjigjej. Sikur t\u00eb mos mjaftonte kjo g\u00ebnjesht\u00ebr e bujshme, gazetari i tij doli t\u00eb nes\u00ebrmen n\u00eb nj\u00eb televizion shqiptar p\u00ebr t\u00eb rip\u00ebrs\u00ebritur habin\u00eb e tij p\u00ebr faktin se pyetjeve t\u00eb tij nuk kishin marr\u00eb kurr\u00eb p\u00ebrgjigje, nd\u00ebrsa si\u00e7 tregojn\u00eb faktet ai kishte marr\u00eb t\u00eb gjitha p\u00ebrgjigjet, brenda koh\u00ebs s\u00eb k\u00ebrkuar.\u00a0<\/span><\/i><\/span><\/p>\n<p><span style=\"color: #000000;\"><i><span style=\"font-weight: 400;\">M\u00eb pas ai vet\u00eb konfirmon se Report ka g\u00ebnjyer kur shton se \u201cn\u00eb email-in e p\u00ebrgjigjes s\u00eb Agacit konfirmoi se ishte avokat i disa trafikant\u00ebve t\u00eb drog\u00ebs\u201d. N\u00ebse ky \u00ebsht\u00eb sh\u00ebrbim publik, un\u00eb jam Federico Fellini. Dhe n\u00ebse p\u00ebr k\u00ebt\u00eb program t\u00eb Sh\u00ebrbimit Publik nj\u00eb avokat penal i nj\u00eb shteti t\u00eb s\u00eb drejt\u00ebs, i cili si rregull nuk jeton duke mbrojtur shenjtor\u00ebt, por duke mbrojtur supozimet kriminale ose kriminel\u00eb t\u00eb d\u00ebnuar, duhet t\u00eb sulmohet si t\u00eb ishte vet\u00eb kriminel, at\u00ebher\u00eb k\u00ebtu p\u00ebr t\u00eb gjej nj\u00eb logjik\u00eb t\u00eb ngjashme \u00ebsht\u00eb e pashmangshme t&#8217;i drejtohesh kujtimit t\u00eb Shqip\u00ebris\u00eb kur figura e avokatit mbrojt\u00ebs varrosej nga regjimi gjakatar komunist si lebroz\u00ebt n\u00eb mesjet\u00eb.<\/span><\/i><\/span><\/p>\n<p><span style=\"color: #000000;\"><i><span style=\"font-weight: 400;\">Dhe pika e fundit vjen kur ai, mikprit\u00ebsi, thot\u00eb, sikur t\u00eb kishte b\u00ebr\u00eb nj\u00eb zbulim befasues, se Agaci &#8220;konfirmoi se ka kontribuar q\u00eb kur u b\u00eb k\u00ebshilltar ligjor i Ram\u00ebs, n\u00eb krijimin e protokollit&#8221; p\u00ebr emigrant\u00ebt midis Italis\u00eb dhe Italis\u00eb dhe Shqip\u00ebria, duke m\u00ebkatuar edhe pak logjik\u00eb bruto, pasi Sekretari i P\u00ebrgjithsh\u00ebm i K\u00ebshillit t\u00eb Ministrave nuk \u00ebsht\u00eb k\u00ebshilltari im ligjor, por ka postin m\u00eb t\u00eb r\u00ebnd\u00ebsish\u00ebm institucional n\u00eb Administrat\u00ebn Publike q\u00eb nga viti 2013, nd\u00ebrkoh\u00eb q\u00eb protokolli daton n\u00eb vitin 2023.<\/span><\/i><\/span><\/p>\n<p><span style=\"color: #000000;\"><i><span style=\"font-weight: 400;\">P\u00ebr respekt p\u00ebr sh\u00ebrbimin publik dhe gjithashtu p\u00ebr detyrim ndaj dinjitetit t\u00eb autor\u00ebve t\u00eb k\u00ebtij episodi shum\u00eb t\u00eb gabuar t\u00eb Report, p\u00ebrpiqem p\u00ebr momentin t\u00eb besoj se n\u00eb \u00e7do rast gjith\u00eb ky furi p\u00ebr t\u00eb sulmuar Giorgia Melonin n\u00eb kurriz t\u00eb Shqip\u00ebris\u00eb. nuk ishte nj\u00eb m\u00ebkat me keqbesim ndaj vendit tim dhe se edhe importimi i shpifjeve nga Shqip\u00ebria n\u00eb Itali (duke p\u00ebrfshir\u00eb n\u00eb pun\u00ebt e Sh\u00ebrbimit Publik edhe shpifjen ndaj v\u00ebllait tim kund\u00ebr t\u00eb cilit ai tashm\u00eb kishte b\u00ebr\u00eb ankes\u00eb dhe \u00ebsht\u00eb n\u00eb pritje t\u00eb fjal\u00ebs s\u00eb drejt\u00ebsia) u shfaq vet\u00ebm si fryt i nj\u00eb leht\u00ebsie t\u00eb paq\u00ebndrueshme t\u00eb qenies, e cila gjithnj\u00eb e m\u00eb shpesh n\u00eb koh\u00ebt e sotme, fatkeq\u00ebsisht pushton fuqin\u00eb fisnike t\u00eb informacionit dhe e shnd\u00ebrron bot\u00ebn e s\u00eb drejt\u00ebs p\u00ebr lirin\u00eb e informacionit n\u00eb nj\u00eb bot\u00eb t\u00eb shtypjes s\u00eb lirive dhe t\u00eb drejtave t\u00eb njeriut.<\/span><\/i><\/span><\/p>\n<p><span style=\"color: #000000;\"><i><span style=\"font-weight: 400;\">Duke e siguruar mikprit\u00ebsin se gjyshja ime vazhdon t\u00eb ket\u00eb t\u00eb drejt\u00eb edhe n\u00eb vdekje, e k\u00ebshilloj me dashuri t\u00eb d\u00ebgjoj\u00eb gruan e shenjt\u00eb dhe t\u00eb mos ngulmoj\u00eb n\u00eb gabimin e atij episodi t\u00eb tmerrsh\u00ebm, por thjesht t\u00eb mbyll\u00eb k\u00ebt\u00eb faqe t\u00eb palavdishme, duke publikuar ndoshta edhe k\u00ebt\u00eb kontribut t\u00eb vog\u00ebl. e imja p\u00ebr sh\u00ebndetin e Sh\u00ebrbimit Publik Italian\u201d, <\/span><\/i><span style=\"font-weight: 400;\">shkruan Rama n\u00eb X.<\/span><\/span><\/p>\n","protected":false,"gt_translate_keys":[{"key":"rendered","format":"html"}]},"excerpt":{"rendered":"<p>Kryeministri Edi Rama ka reaguar pas publikimit t\u00eb letr\u00ebs s\u00eb plot\u00eb nga RAI3 ku flet Sekretari i P\u00ebrgjithsh\u00ebm i K\u00ebshillit t\u00eb Ministrave, pasi emri i tij u p\u00ebrmend nga emisioni investigativ italian Report, gjat\u00eb nj\u00eb reportazhi p\u00ebr marr\u00ebveshjen e emigrant\u00ebve mes Italis\u00eb dhe Shqip\u00ebris\u00eb. N\u00eb postim Rama i ka cil\u00ebsuar djall\u00ebzore q\u00eb t\u00eb ngulmosh n\u00eb [&hellip;]<\/p>\n","protected":false,"gt_translate_keys":[{"key":"rendered","format":"html"}]},"author":4,"featured_media":669866,"comment_status":"closed","ping_status":"open","sticky":false,"template":"","format":"standard","meta":{"footnotes":""},"categories":[65],"tags":[],"class_list":["post-669865","post","type-post","status-publish","format-standard","has-post-thumbnail","hentry","category-lajme"],"gt_translate_keys":[{"key":"link","format":"url"}],"_links":{"self":[{"href":"https:\/\/www.hashtag.al\/index.php\/wp-json\/wp\/v2\/posts\/669865","targetHints":{"allow":["GET"]}}],"collection":[{"href":"https:\/\/www.hashtag.al\/index.php\/wp-json\/wp\/v2\/posts"}],"about":[{"href":"https:\/\/www.hashtag.al\/index.php\/wp-json\/wp\/v2\/types\/post"}],"author":[{"embeddable":true,"href":"https:\/\/www.hashtag.al\/index.php\/wp-json\/wp\/v2\/users\/4"}],"replies":[{"embeddable":true,"href":"https:\/\/www.hashtag.al\/index.php\/wp-json\/wp\/v2\/comments?post=669865"}],"version-history":[{"count":0,"href":"https:\/\/www.hashtag.al\/index.php\/wp-json\/wp\/v2\/posts\/669865\/revisions"}],"wp:featuredmedia":[{"embeddable":true,"href":"https:\/\/www.hashtag.al\/index.php\/wp-json\/wp\/v2\/media\/669866"}],"wp:attachment":[{"href":"https:\/\/www.hashtag.al\/index.php\/wp-json\/wp\/v2\/media?parent=669865"}],"wp:term":[{"taxonomy":"category","embeddable":true,"href":"https:\/\/www.hashtag.al\/index.php\/wp-json\/wp\/v2\/categories?post=669865"},{"taxonomy":"post_tag","embeddable":true,"href":"https:\/\/www.hashtag.al\/index.php\/wp-json\/wp\/v2\/tags?post=669865"}],"curies":[{"name":"wp","href":"https:\/\/api.w.org\/{rel}","templated":true}]}}