{"id":669861,"date":"2024-04-24T09:52:38","date_gmt":"2024-04-24T07:52:38","guid":{"rendered":"https:\/\/www.hashtag.al\/?p=669861"},"modified":"2024-04-24T09:52:38","modified_gmt":"2024-04-24T07:52:38","slug":"spanje-lirohet-aksidentalisht-bosi-i-droges-holandezi-me-pas-arratiset","status":"publish","type":"post","link":"https:\/\/www.hashtag.al\/index.php\/2024\/04\/24\/spanje-lirohet-aksidentalisht-bosi-i-droges-holandezi-me-pas-arratiset\/","title":{"rendered":"Spanj\u00eb, lirohet aksidentalisht bosi i drog\u00ebs, holandezi m\u00eb pas arratiset","gt_translate_keys":[{"key":"rendered","format":"text"}]},"content":{"rendered":"<p><img loading=\"lazy\" decoding=\"async\" class=\"size-full wp-image-669862 aligncenter\" src=\"https:\/\/www.hashtag.al\/wp-content\/uploads\/2024\/04\/euronews-spanje1708629821.webp\" alt=\"\" width=\"630\" height=\"354\" srcset=\"https:\/\/www.hashtag.al\/wp-content\/uploads\/2024\/04\/euronews-spanje1708629821.webp 630w, https:\/\/www.hashtag.al\/wp-content\/uploads\/2024\/04\/euronews-spanje1708629821-300x169.webp 300w\" sizes=\"auto, (max-width: 630px) 100vw, 630px\" \/><\/p>\n<p><span style=\"font-weight: 400; color: #000000;\">Zyrtar\u00ebt e drejt\u00ebsis\u00eb n\u00eb Spanj\u00eb kan\u00eb liruar aksidentalisht nga burgu nj\u00eb miliarder holandez droge n\u00eb nj\u00eb ngat\u00ebrres\u00eb burokratike.<\/span><\/p>\n<p><span style=\"font-weight: 400; color: #000000;\">Karim Bouyakhrichan, q\u00eb dyshohet se \u00ebsht\u00eb nj\u00eb udh\u00ebheq\u00ebs i Mafias Mocro, u arrestua n\u00eb Marbella n\u00eb janar pas nj\u00eb hetimi pes\u00eb-vje\u00e7ar p\u00ebr pastrim parash.<\/span><\/p>\n<p><span style=\"font-weight: 400; color: #000000;\">Por ai u lirua aksidentalisht mes konfuzionit p\u00ebr nj\u00eb k\u00ebrkes\u00eb holandeze p\u00ebr ekstradim, p\u00ebrpara se t\u00eb arratisej k\u00ebt\u00eb muaj.<\/span><\/p>\n<p><span style=\"font-weight: 400; color: #000000;\">Autoritetet spanjolle mbeten t\u00eb sigurta se shefi i dyshuar i kartelit do t\u00eb gjendet.<\/span><\/p>\n<p><span style=\"font-weight: 400; color: #000000;\">Duke folur me gazetar\u00ebt t\u00eb mart\u00ebn, Ministri i Drejt\u00ebsis\u00eb F\u00e9lix Bola\u00f1os pranoi se arratisja ishte &#8220;lajm shqet\u00ebsues&#8221;, por k\u00ebmb\u00ebnguli q\u00eb forcat e siguris\u00eb &#8220;do ta dor\u00ebzojn\u00eb k\u00ebt\u00eb person para drejt\u00ebsis\u00eb sa m\u00eb shpejt t\u00eb jet\u00eb e mundur&#8221;.<\/span><\/p>\n<p><span style=\"font-weight: 400; color: #000000;\">Mocro Mafia i referohet disa prej karteleve m\u00eb t\u00eb m\u00ebdha t\u00eb trafikut t\u00eb kokain\u00ebs n\u00eb Evrop\u00eb dhe besohet se ka kontrabanduar miliarda euro t\u00eb drog\u00ebs nga Amerika e Jugut n\u00eb BE gjat\u00eb 15 viteve t\u00eb fundit.<\/span><\/p>\n<p><span style=\"font-weight: 400; color: #000000;\">Thuhet se ata p\u00ebrdorin portet e m\u00ebdha n\u00eb Amsterdam dhe Roterdam p\u00ebr t\u00eb l\u00ebvizur kokain\u00ebn n\u00ebp\u00ebr kontinent, nd\u00ebrsa drejtojn\u00eb operacionet e pastrimit t\u00eb parave n\u00eb Evrop\u00eb, Lindjen e Mesme dhe Marok.<\/span><\/p>\n<p><span style=\"font-weight: 400; color: #000000;\">Bouyakhrichan, u arrestua n\u00eb janar s\u00eb bashku me pes\u00eb burra t\u00eb tjer\u00eb pasi u akuzua p\u00ebr pastrim parash p\u00ebrmes blerjes s\u00eb 172 pronave n\u00eb Spanj\u00eb me vler\u00eb mbi 50 milion\u00eb euro (42.9 milion\u00eb funte).<\/span><\/p>\n<p><span style=\"font-weight: 400; color: #000000;\">46-vje\u00e7ari ishte nj\u00eb nga kriminel\u00ebt m\u00eb t\u00eb k\u00ebrkuar n\u00eb Evrop\u00eb dhe ishte ndjekur nga Interpoli p\u00ebr t\u00eb pakt\u00ebn pes\u00eb vjet.<\/span><\/p>\n<p><span style=\"color: #000000;\"><span style=\"font-weight: 400;\"><span style=\"color: #ff0000;\">VINI RE:<\/span> Ky material \u00ebsht\u00eb pron\u00ebsi intelektuale e <\/span><span style=\"color: #0000ff;\"><a style=\"color: #0000ff;\" href=\"https:\/\/www.bbc.com\/news\/world-europe-68882474\"><span style=\"font-weight: 400;\">BBC<\/span><\/a><\/span><\/span><\/p>\n","protected":false,"gt_translate_keys":[{"key":"rendered","format":"html"}]},"excerpt":{"rendered":"<p>Zyrtar\u00ebt e drejt\u00ebsis\u00eb n\u00eb Spanj\u00eb kan\u00eb liruar aksidentalisht nga burgu nj\u00eb miliarder holandez droge n\u00eb nj\u00eb ngat\u00ebrres\u00eb burokratike. Karim Bouyakhrichan, q\u00eb dyshohet se \u00ebsht\u00eb nj\u00eb udh\u00ebheq\u00ebs i Mafias Mocro, u arrestua n\u00eb Marbella n\u00eb janar pas nj\u00eb hetimi pes\u00eb-vje\u00e7ar p\u00ebr pastrim parash. Por ai u lirua aksidentalisht mes konfuzionit p\u00ebr nj\u00eb k\u00ebrkes\u00eb holandeze p\u00ebr ekstradim, [&hellip;]<\/p>\n","protected":false,"gt_translate_keys":[{"key":"rendered","format":"html"}]},"author":4,"featured_media":669862,"comment_status":"closed","ping_status":"open","sticky":false,"template":"","format":"standard","meta":{"footnotes":""},"categories":[6],"tags":[],"class_list":["post-669861","post","type-post","status-publish","format-standard","has-post-thumbnail","hentry","category-nderkombetare"],"gt_translate_keys":[{"key":"link","format":"url"}],"_links":{"self":[{"href":"https:\/\/www.hashtag.al\/index.php\/wp-json\/wp\/v2\/posts\/669861","targetHints":{"allow":["GET"]}}],"collection":[{"href":"https:\/\/www.hashtag.al\/index.php\/wp-json\/wp\/v2\/posts"}],"about":[{"href":"https:\/\/www.hashtag.al\/index.php\/wp-json\/wp\/v2\/types\/post"}],"author":[{"embeddable":true,"href":"https:\/\/www.hashtag.al\/index.php\/wp-json\/wp\/v2\/users\/4"}],"replies":[{"embeddable":true,"href":"https:\/\/www.hashtag.al\/index.php\/wp-json\/wp\/v2\/comments?post=669861"}],"version-history":[{"count":0,"href":"https:\/\/www.hashtag.al\/index.php\/wp-json\/wp\/v2\/posts\/669861\/revisions"}],"wp:featuredmedia":[{"embeddable":true,"href":"https:\/\/www.hashtag.al\/index.php\/wp-json\/wp\/v2\/media\/669862"}],"wp:attachment":[{"href":"https:\/\/www.hashtag.al\/index.php\/wp-json\/wp\/v2\/media?parent=669861"}],"wp:term":[{"taxonomy":"category","embeddable":true,"href":"https:\/\/www.hashtag.al\/index.php\/wp-json\/wp\/v2\/categories?post=669861"},{"taxonomy":"post_tag","embeddable":true,"href":"https:\/\/www.hashtag.al\/index.php\/wp-json\/wp\/v2\/tags?post=669861"}],"curies":[{"name":"wp","href":"https:\/\/api.w.org\/{rel}","templated":true}]}}