{"id":669671,"date":"2024-04-23T11:46:10","date_gmt":"2024-04-23T09:46:10","guid":{"rendered":"https:\/\/www.hashtag.al\/?p=669671"},"modified":"2024-04-23T11:46:10","modified_gmt":"2024-04-23T09:46:10","slug":"ne-kerkim-nderkombetar-per-prodhim-narkotikesh-pranga-39-vjecares-ne-diber-pritet-ekstradimi-ne-itali","status":"publish","type":"post","link":"https:\/\/www.hashtag.al\/index.php\/2024\/04\/23\/ne-kerkim-nderkombetar-per-prodhim-narkotikesh-pranga-39-vjecares-ne-diber-pritet-ekstradimi-ne-itali\/","title":{"rendered":"N\u00eb k\u00ebrkim nd\u00ebrkomb\u00ebtar p\u00ebr prodhim narkotik\u00ebsh, pranga 39-vje\u00e7ares n\u00eb Dib\u00ebr, pritet ekstradimi n\u00eb Itali","gt_translate_keys":[{"key":"rendered","format":"text"}]},"content":{"rendered":"<div id=\"beacon_47ec92cb1c\"><img loading=\"lazy\" decoding=\"async\" src=\"https:\/\/ads.balkanweb.com\/www\/delivery\/lg.php?bannerid=0&amp;campaignid=0&amp;zoneid=629&amp;loc=https%3A%2F%2Fwww.balkanweb.com%2Fne-kerkim-nderkombetar-per-prodhim-narkotikesh-arrestohet-39-vjecarja-ne-diber-pritet-ekstradimi-ne-itali%2F&amp;referer=https%3A%2F%2Fwww.balkanweb.com%2F&amp;cb=47ec92cb1c\" alt=\"\" width=\"0\" height=\"0\" \/><img loading=\"lazy\" decoding=\"async\" class=\"size-full wp-image-669674 aligncenter\" src=\"https:\/\/www.hashtag.al\/wp-content\/uploads\/2024\/04\/arrestim_femer_32115.jpg\" alt=\"\" width=\"620\" height=\"348\" srcset=\"https:\/\/www.hashtag.al\/wp-content\/uploads\/2024\/04\/arrestim_femer_32115.jpg 620w, https:\/\/www.hashtag.al\/wp-content\/uploads\/2024\/04\/arrestim_femer_32115-300x168.jpg 300w\" sizes=\"auto, (max-width: 620px) 100vw, 620px\" \/>&nbsp;<\/p>\n<p><span style=\"font-weight: 400; color: #000000;\">Nj\u00eb 39-vje\u00e7are \u00ebsht\u00eb arrestuar n\u00eb Dib\u00ebr, pasi rezultonte e shpallur n\u00eb k\u00ebrkim nd\u00ebrkomb\u00ebtar nga Italia.<\/span><\/p>\n<p><span style=\"font-weight: 400; color: #000000;\">Gjykata e Rom\u00ebs, ka l\u00ebshuar urdh\u00ebr arresti ndaj saj, nd\u00ebrsa akuzohet p\u00ebr kryerjen e vepr\u00ebs penale \u201cProdhimi dhe shitja e l\u00ebnd\u00ebve narkotike&#8221;, n\u00eb bashk\u00ebpunim.<\/span><\/p>\n<p><span style=\"font-weight: 400; color: #000000;\">39-vje\u00e7arja A.GJ., do t\u00eb ekstradohet n\u00eb Itali.<\/span><\/p>\n<p><span style=\"color: #000000;\"><b>NJOFTIMI I POLICIS\u00cb<\/b><\/span><\/p>\n<p><span style=\"color: #000000;\"><i><span style=\"font-weight: 400;\">\u201cVijojn\u00eb operacionet p\u00ebr kapjen e personave n\u00eb k\u00ebrkim nd\u00ebrkomb\u00ebtar.<\/span><\/i><\/span><\/p>\n<p><span style=\"color: #000000;\"><i><span style=\"font-weight: 400;\">DVP Dib\u00ebr, n\u00eb kuad\u00ebr t\u00eb megaoperacionit \u201cSundimi i Ligjit\u201d dhe shk\u00ebmbimit t\u00eb informacioneve me Interpol Tiran\u00ebn, lokalizuan dhe arrestuan me q\u00ebllim ekstradimin n\u00eb Itali, shtetasen A. Gj, 39 vje\u00e7e.<\/span><\/i><\/span><\/p>\n<p><span style=\"color: #000000;\"><i><span style=\"font-weight: 400;\">Kjo shtetase ishte shpallur n\u00eb k\u00ebrkim nd\u00ebrkomb\u00ebtar, pasi Gjykata e Rom\u00ebs, Itali, ka l\u00ebshuar urdh\u00ebr arresti nd\u00ebrkomb\u00ebtar, p\u00ebr kryerjen e vepr\u00ebs penale \u201cProdhimi dhe shitja e l\u00ebnd\u00ebve narkotike\u201d, n\u00eb bashk\u00ebpunim, parashikuar nga legjislacioni penal italian.<\/span><\/i><\/span><\/p>\n<p><span style=\"color: #000000;\"><i><span style=\"font-weight: 400;\">Vijojn\u00eb procedurat p\u00ebr ekstradimin e k\u00ebsaj shtetaseje n\u00eb Itali\u201d.<\/span><\/i><\/span><\/p>\n<\/div>\n","protected":false,"gt_translate_keys":[{"key":"rendered","format":"html"}]},"excerpt":{"rendered":"<p>&nbsp; Nj\u00eb 39-vje\u00e7are \u00ebsht\u00eb arrestuar n\u00eb Dib\u00ebr, pasi rezultonte e shpallur n\u00eb k\u00ebrkim nd\u00ebrkomb\u00ebtar nga Italia. Gjykata e Rom\u00ebs, ka l\u00ebshuar urdh\u00ebr arresti ndaj saj, nd\u00ebrsa akuzohet p\u00ebr kryerjen e vepr\u00ebs penale \u201cProdhimi dhe shitja e l\u00ebnd\u00ebve narkotike&#8221;, n\u00eb bashk\u00ebpunim. 39-vje\u00e7arja A.GJ., do t\u00eb ekstradohet n\u00eb Itali. NJOFTIMI I POLICIS\u00cb \u201cVijojn\u00eb operacionet p\u00ebr kapjen e [&hellip;]<\/p>\n","protected":false,"gt_translate_keys":[{"key":"rendered","format":"html"}]},"author":4,"featured_media":669674,"comment_status":"closed","ping_status":"open","sticky":false,"template":"","format":"standard","meta":{"footnotes":""},"categories":[65],"tags":[],"class_list":["post-669671","post","type-post","status-publish","format-standard","has-post-thumbnail","hentry","category-lajme"],"gt_translate_keys":[{"key":"link","format":"url"}],"_links":{"self":[{"href":"https:\/\/www.hashtag.al\/index.php\/wp-json\/wp\/v2\/posts\/669671","targetHints":{"allow":["GET"]}}],"collection":[{"href":"https:\/\/www.hashtag.al\/index.php\/wp-json\/wp\/v2\/posts"}],"about":[{"href":"https:\/\/www.hashtag.al\/index.php\/wp-json\/wp\/v2\/types\/post"}],"author":[{"embeddable":true,"href":"https:\/\/www.hashtag.al\/index.php\/wp-json\/wp\/v2\/users\/4"}],"replies":[{"embeddable":true,"href":"https:\/\/www.hashtag.al\/index.php\/wp-json\/wp\/v2\/comments?post=669671"}],"version-history":[{"count":0,"href":"https:\/\/www.hashtag.al\/index.php\/wp-json\/wp\/v2\/posts\/669671\/revisions"}],"wp:featuredmedia":[{"embeddable":true,"href":"https:\/\/www.hashtag.al\/index.php\/wp-json\/wp\/v2\/media\/669674"}],"wp:attachment":[{"href":"https:\/\/www.hashtag.al\/index.php\/wp-json\/wp\/v2\/media?parent=669671"}],"wp:term":[{"taxonomy":"category","embeddable":true,"href":"https:\/\/www.hashtag.al\/index.php\/wp-json\/wp\/v2\/categories?post=669671"},{"taxonomy":"post_tag","embeddable":true,"href":"https:\/\/www.hashtag.al\/index.php\/wp-json\/wp\/v2\/tags?post=669671"}],"curies":[{"name":"wp","href":"https:\/\/api.w.org\/{rel}","templated":true}]}}