{"id":669623,"date":"2024-04-23T09:38:31","date_gmt":"2024-04-23T07:38:31","guid":{"rendered":"https:\/\/www.hashtag.al\/?p=669623"},"modified":"2024-04-23T09:38:31","modified_gmt":"2024-04-23T07:38:31","slug":"zjarri-ne-urgjencen-e-qsut-ministrja-kociu-ka-nisur-puna-per-riparimin-e-demit-ne-rrjetin-elektrik","status":"publish","type":"post","link":"https:\/\/www.hashtag.al\/index.php\/2024\/04\/23\/zjarri-ne-urgjencen-e-qsut-ministrja-kociu-ka-nisur-puna-per-riparimin-e-demit-ne-rrjetin-elektrik\/","title":{"rendered":"Zjarri n\u00eb Urgjenc\u00ebn e QSUT, ministrja Ko\u00e7iu: Ka nisur puna p\u00ebr riparimin e d\u00ebmit n\u00eb rrjetin elektrik","gt_translate_keys":[{"key":"rendered","format":"text"}]},"content":{"rendered":"<p><img loading=\"lazy\" decoding=\"async\" class=\"size-full wp-image-669626 aligncenter\" src=\"https:\/\/www.hashtag.al\/wp-content\/uploads\/2024\/04\/WhatsApp-Image-2024-04-23-at-09.29.48.jpeg\" alt=\"\" width=\"1600\" height=\"830\" srcset=\"https:\/\/www.hashtag.al\/wp-content\/uploads\/2024\/04\/WhatsApp-Image-2024-04-23-at-09.29.48.jpeg 1600w, https:\/\/www.hashtag.al\/wp-content\/uploads\/2024\/04\/WhatsApp-Image-2024-04-23-at-09.29.48-300x156.jpeg 300w, https:\/\/www.hashtag.al\/wp-content\/uploads\/2024\/04\/WhatsApp-Image-2024-04-23-at-09.29.48-1024x531.jpeg 1024w, https:\/\/www.hashtag.al\/wp-content\/uploads\/2024\/04\/WhatsApp-Image-2024-04-23-at-09.29.48-768x398.jpeg 768w, https:\/\/www.hashtag.al\/wp-content\/uploads\/2024\/04\/WhatsApp-Image-2024-04-23-at-09.29.48-1536x797.jpeg 1536w\" sizes=\"auto, (max-width: 1600px) 100vw, 1600px\" \/><\/p>\n<p><span style=\"font-weight: 400; color: #000000;\">Ministrja e Sh\u00ebndet\u00ebsis\u00eb dhe Mbrojtjes Sociale, Albana Ko\u00e7iu, ka ndar\u00eb n\u00eb rrjetet sociale nj\u00eb video teksa ka njoftuar se vijon prej disa dit\u00ebsh puna p\u00ebr riparimin e d\u00ebmit n\u00eb rrjetin elektrik t\u00eb shkaktuar nga incidenti i ndodhur n\u00eb muajin shkurt.<\/span><\/p>\n<p><span style=\"font-weight: 400; color: #000000;\">Nd\u00ebrkoh\u00eb vijon t\u00eb ofrohet sh\u00ebrbimi i urgjenc\u00ebs p\u00ebr t\u00eb gjitha urgjencat e s\u00ebmundjeve t\u00eb brendshme, gastrohepatologji, nefrologji, hematologji, endokrinologji, dermatologji, alergologji, reumatologji si dhe t\u00eb gjitha urgjencat neurologjike.<\/span><\/p>\n<p><span style=\"color: #000000;\"><b><i>Postimi i plot\u00eb:\u00a0<\/i><\/b><\/span><\/p>\n<p><span style=\"color: #000000;\"><i><span style=\"font-weight: 400;\">\u201cPrej disa dit\u00ebsh n\u00eb Urgjenc\u00ebn e Qendr\u00ebs Spitalore Universitare \u201cN\u00ebn\u00eb Tereza\u201d ka nisur puna p\u00ebr riparimin e d\u00ebmit n\u00eb rrjetin elektrik, t\u00eb shkaktuar nga incidenti i ndodhur n\u00eb muajin shkurt. Ne luft\u00eb me koh\u00ebn p\u00ebr t\u00eb rikthyer sa me par\u00eb n\u00eb k\u00ebt\u00eb strukture spitalore dhe sh\u00ebrbimin p\u00ebr urgjencat kardiovaskulare, sh\u00ebrbim q\u00eb aktualisht po ofrohet n\u00eb Spitalin Universitar \u201cShefqet Ndroqi\u201d, Spitalin Rajonal Memorial Fier dhe Spitalin Rajonal t\u00eb Shkodr\u00ebs.<\/span><\/i><\/span><\/p>\n<p><span style=\"color: #000000;\"><i><span style=\"font-weight: 400;\">Sh\u00ebrbimi i Urgjenc\u00ebs n\u00eb QSUT, vijon \u00e7do dit\u00eb t\u00eb ofroj\u00eb sh\u00ebrbim p\u00ebr t\u00eb gjitha urgjencat e s\u00ebmundjeve t\u00eb brendshme, gastrohepatologji, nefrologji, hematologji, endokrinologji, dermatologji, alergologji, reumatologji si dhe t\u00eb gjitha urgjencat neurologjike\u201d, <\/span><\/i><span style=\"font-weight: 400;\">shkruan ministrja.<\/span><\/span><\/p>\n","protected":false,"gt_translate_keys":[{"key":"rendered","format":"html"}]},"excerpt":{"rendered":"<p>Ministrja e Sh\u00ebndet\u00ebsis\u00eb dhe Mbrojtjes Sociale, Albana Ko\u00e7iu, ka ndar\u00eb n\u00eb rrjetet sociale nj\u00eb video teksa ka njoftuar se vijon prej disa dit\u00ebsh puna p\u00ebr riparimin e d\u00ebmit n\u00eb rrjetin elektrik t\u00eb shkaktuar nga incidenti i ndodhur n\u00eb muajin shkurt. Nd\u00ebrkoh\u00eb vijon t\u00eb ofrohet sh\u00ebrbimi i urgjenc\u00ebs p\u00ebr t\u00eb gjitha urgjencat e s\u00ebmundjeve t\u00eb brendshme, [&hellip;]<\/p>\n","protected":false,"gt_translate_keys":[{"key":"rendered","format":"html"}]},"author":4,"featured_media":669626,"comment_status":"closed","ping_status":"open","sticky":false,"template":"","format":"standard","meta":{"footnotes":""},"categories":[65],"tags":[],"class_list":["post-669623","post","type-post","status-publish","format-standard","has-post-thumbnail","hentry","category-lajme"],"gt_translate_keys":[{"key":"link","format":"url"}],"_links":{"self":[{"href":"https:\/\/www.hashtag.al\/index.php\/wp-json\/wp\/v2\/posts\/669623","targetHints":{"allow":["GET"]}}],"collection":[{"href":"https:\/\/www.hashtag.al\/index.php\/wp-json\/wp\/v2\/posts"}],"about":[{"href":"https:\/\/www.hashtag.al\/index.php\/wp-json\/wp\/v2\/types\/post"}],"author":[{"embeddable":true,"href":"https:\/\/www.hashtag.al\/index.php\/wp-json\/wp\/v2\/users\/4"}],"replies":[{"embeddable":true,"href":"https:\/\/www.hashtag.al\/index.php\/wp-json\/wp\/v2\/comments?post=669623"}],"version-history":[{"count":0,"href":"https:\/\/www.hashtag.al\/index.php\/wp-json\/wp\/v2\/posts\/669623\/revisions"}],"wp:featuredmedia":[{"embeddable":true,"href":"https:\/\/www.hashtag.al\/index.php\/wp-json\/wp\/v2\/media\/669626"}],"wp:attachment":[{"href":"https:\/\/www.hashtag.al\/index.php\/wp-json\/wp\/v2\/media?parent=669623"}],"wp:term":[{"taxonomy":"category","embeddable":true,"href":"https:\/\/www.hashtag.al\/index.php\/wp-json\/wp\/v2\/categories?post=669623"},{"taxonomy":"post_tag","embeddable":true,"href":"https:\/\/www.hashtag.al\/index.php\/wp-json\/wp\/v2\/tags?post=669623"}],"curies":[{"name":"wp","href":"https:\/\/api.w.org\/{rel}","templated":true}]}}