{"id":669617,"date":"2024-04-23T09:29:38","date_gmt":"2024-04-23T07:29:38","guid":{"rendered":"https:\/\/www.hashtag.al\/?p=669617"},"modified":"2024-04-23T09:31:58","modified_gmt":"2024-04-23T07:31:58","slug":"sunak-i-britanise-zotohet-te-deportoje-azilkerkuesit-ne-ruande-ne-10-12-jave","status":"publish","type":"post","link":"https:\/\/www.hashtag.al\/index.php\/2024\/04\/23\/sunak-i-britanise-zotohet-te-deportoje-azilkerkuesit-ne-ruande-ne-10-12-jave\/","title":{"rendered":"Sunak zotohet se deportimi i azilk\u00ebrkuesve n\u00eb Afrik\u00eb nis brenda 10 jav\u00ebsh","gt_translate_keys":[{"key":"rendered","format":"text"}]},"content":{"rendered":"<p><img loading=\"lazy\" decoding=\"async\" class=\"aligncenter size-full wp-image-669620\" src=\"https:\/\/www.hashtag.al\/wp-content\/uploads\/2024\/04\/sunak-ezgif.com-avif-to-jpg-converter.jpg\" alt=\"\" width=\"916\" height=\"611\" srcset=\"https:\/\/www.hashtag.al\/wp-content\/uploads\/2024\/04\/sunak-ezgif.com-avif-to-jpg-converter.jpg 916w, https:\/\/www.hashtag.al\/wp-content\/uploads\/2024\/04\/sunak-ezgif.com-avif-to-jpg-converter-300x200.jpg 300w, https:\/\/www.hashtag.al\/wp-content\/uploads\/2024\/04\/sunak-ezgif.com-avif-to-jpg-converter-768x512.jpg 768w\" sizes=\"auto, (max-width: 916px) 100vw, 916px\" \/><\/p>\n<p><span style=\"color: #000000;\">Kryeministri britanik Rishi Sunak e ka vendosur mbijetes\u00ebn e tij politike te d\u00ebrgimi me aeroplan\u00eb i azilk\u00ebrkuesve n\u00eb Ruand\u00eb. Ai tha se do e b\u00ebj\u00eb me \u00e7do kusht k\u00ebt\u00eb gj\u00eb, u zotua t\u00eb h\u00ebn\u00ebn, me fluturimet e para ajrore brenda &#8220;10 deri n\u00eb 12 jav\u00eb&#8221;.<\/span><\/p>\n<p><span style=\"color: #000000;\">Sunak tha se qeveria e tij ka nj\u00eb pist\u00eb ajrore n\u00eb gatishm\u00ebri p\u00ebr operacionin.<\/span><\/p>\n<p><span style=\"color: #000000;\"><em>&#8220;K\u00ebto fluturime do shkojn\u00eb n\u00eb Ruanda me \u00e7do kusht,&#8221;<\/em> tha ai.<\/span><\/p>\n<p><span style=\"color: #000000;\">Udh\u00ebheq\u00ebsit e nj\u00ebpasnj\u00ebsh\u00ebm britanik\u00eb jan\u00eb p\u00ebrpjekur t\u00eb realizojn\u00eb planin e d\u00ebbimit t\u00eb Ruand\u00ebs &#8211; si nj\u00eb m\u00ebnyr\u00eb p\u00ebr t\u00eb penguar azilk\u00ebrkuesit nga kalimi i Kanalit Anglez, p\u00ebr t\u00eb thyer modelin e biznesit t\u00eb bandave t\u00eb kontraband\u00ebs dhe p\u00ebr t\u00eb &#8220;marr\u00eb kontrollin&#8221; e kufijve t\u00eb Britanis\u00eb. \u00c7\u00ebshtja \u00ebsht\u00eb, jo rast\u00ebsisht, nj\u00eb rast i r\u00ebnd\u00ebsish\u00ebm p\u00ebr grupet kryesore t\u00eb votimit t\u00eb Partis\u00eb Konservatore n\u00eb pushtet.<\/span><\/p>\n<p><span style=\"color: #000000;\">Sunak ka qen\u00eb i d\u00ebshp\u00ebruar p\u00ebr t\u00eb arritur nj\u00eb fitore. Partia Konservatore, pas 14 vitesh n\u00eb pushtet, ka r\u00ebn\u00eb n\u00eb sondazhe. N\u00ebse nuk ndryshojn\u00eb er\u00ebrat politike, ajo mund t\u00eb p\u00ebrballet me nj\u00eb sulm n\u00eb zgjedhjet e p\u00ebrgjithshme k\u00ebt\u00eb vit.<\/span><\/p>\n<p><span style=\"color: #000000;\">Nga mesnata, kryeministri m\u00eb n\u00eb fund arriti ta bind\u00eb Parlamentin p\u00ebr t\u00eb miratuar projektligjin e tij t\u00eb diskutuesh\u00ebm t\u00eb Ruand\u00ebs. Legjislacioni i ri detyron gjyqtar\u00ebt britanik\u00eb t\u00eb konsiderojn\u00eb Ruand\u00ebn si nj\u00eb vend t\u00eb sigurt dhe u jep ministrave t\u00eb qeveris\u00eb fuqin\u00eb p\u00ebr t\u00eb anashkaluar urdhrat e urgjenc\u00ebs. T\u00eb rriturit q\u00eb mb\u00ebrrijn\u00eb n\u00eb Britani n\u00eb m\u00ebnyr\u00eb t\u00eb paligjshme me anije nuk do lejohen t\u00eb q\u00ebndrojn\u00eb atje, por do urdh\u00ebrohen t\u00eb hipin n\u00eb avion\u00eb p\u00ebr n\u00eb Ruanda, e cila mund t&#8217;u jap\u00eb atyre azil ose t&#8217;i d\u00ebrgoj\u00eb n\u00eb vende t\u00eb treta.<\/span><\/p>\n<p><span style=\"color: #000000;\">Legjislacioni ka kaluar mes ping pongut midis Dhom\u00ebs s\u00eb Lord\u00ebve dhe Dhom\u00ebs s\u00eb Komun\u00ebve p\u00ebr or\u00eb t\u00eb t\u00ebra t\u00eb h\u00ebn\u00ebn, derisa kund\u00ebrshtar\u00ebt n\u00eb radh\u00ebt e Lord\u00ebve u dor\u00ebzuan p\u00ebrfundimisht. P\u00ebr t\u00eb zbatuar ligjin, Sunak mund t\u00eb duhet t\u00eb kund\u00ebrshtoj\u00eb nj\u00eb korniz\u00eb t\u00eb t\u00eb drejtave t\u00eb njeriut t\u00eb cil\u00ebn Britania ndihmoi p\u00ebr ta themeluar.<\/span><\/p>\n<p><span style=\"color: #000000;\">Qeveria britanike ka k\u00ebrkuar n\u00eb bot\u00eb p\u00ebr partner\u00eb t\u00eb gatsh\u00ebm p\u00ebr t\u00eb p\u00ebrpunuar azilk\u00ebrkuesit \u201cjasht\u00eb bregut\u201d. Maroku, Tunizia, Namibia dhe Gambia t\u00eb gjitha &#8220;kund\u00ebrshtuan planin n\u00eb m\u00ebnyr\u00eb t\u00eb qart\u00eb &#8220;, sipas dokumenteve t\u00eb zbuluara t\u00eb raportuara nga Times of London. Ekuadori, Paraguai, Peruja, Brazili dhe Kolumbia nuk ishin ve\u00e7an\u00ebrisht t\u00eb interesuar.<\/span><\/p>\n<p><span style=\"color: #000000;\">Ruanda ka qen\u00eb e vetmja q\u00eb tha po. Britania ofroi 300 milion\u00eb dollar\u00eb p\u00ebr nj\u00eb program pilot pes\u00ebvje\u00e7ar.<\/span><\/p>\n<p><span style=\"color: #000000;\">Kryeministri Boris Johnson njoftoi fillimisht planin e Ruand\u00ebs n\u00eb prill 2022, duke e p\u00ebrsh\u00ebndetur at\u00eb si nj\u00eb model t\u00eb ri p\u00ebr t\u00eb shkurajuar emigrimin e paligjsh\u00ebm q\u00eb do miratohej nga vendet e tjera.<\/span><\/p>\n<p><span style=\"color: #000000;\">P\u00ebrpjekja e par\u00eb e Johnson u bllokua n\u00eb minut\u00ebn e fundit nga Gjykata Evropiane e t\u00eb Drejtave t\u00eb Njeriut.<\/span><\/p>\n<p><span style=\"color: #000000;\">Gjykata m\u00eb e lart\u00eb e Britanis\u00eb vendosi m\u00eb pas se Ruanda nuk ishte nj\u00eb vend i sigurt p\u00ebr emigrant\u00ebt, t\u00eb cil\u00ebt rrezikoheshin t\u00eb ktheheshin n\u00eb vendet e tyre t\u00eb origjin\u00ebs.<\/span><\/p>\n<p><img loading=\"lazy\" decoding=\"async\" class=\"aligncenter size-full wp-image-669621\" src=\"https:\/\/www.hashtag.al\/wp-content\/uploads\/2024\/04\/imrs-ezgif.com-avif-to-jpg-converter-1.jpg\" alt=\"\" width=\"916\" height=\"611\" srcset=\"https:\/\/www.hashtag.al\/wp-content\/uploads\/2024\/04\/imrs-ezgif.com-avif-to-jpg-converter-1.jpg 916w, https:\/\/www.hashtag.al\/wp-content\/uploads\/2024\/04\/imrs-ezgif.com-avif-to-jpg-converter-1-300x200.jpg 300w, https:\/\/www.hashtag.al\/wp-content\/uploads\/2024\/04\/imrs-ezgif.com-avif-to-jpg-converter-1-768x512.jpg 768w\" sizes=\"auto, (max-width: 916px) 100vw, 916px\" \/><\/p>\n<p><span style=\"color: #000000;\">K\u00ebshtu q\u00eb qeveria e Sunak shkroi nj\u00eb ligj t\u00eb ri duke deklaruar n\u00eb thelb se Ruanda ishte e sigurt dhe se mbrojtja nd\u00ebrkomb\u00ebtare do mb\u00ebshtetej.<\/span><\/p>\n<p><span style=\"color: #000000;\">P\u00ebr zhg\u00ebnjimin e madh t\u00eb kryeministrit &#8211; i shfaqur n\u00eb konferenc\u00ebn e tij p\u00ebr shtyp t\u00eb h\u00ebn\u00ebn n\u00eb Do\u00ebning Street &#8211; Dhoma e Lord\u00ebve vonoi miratimin e projektligjit duke shtuar amendamente q\u00eb k\u00ebrkonin garanci m\u00eb t\u00eb m\u00ebdha.<\/span><\/p>\n<p><span style=\"color: #000000;\">Sunak akuzoi se koleg\u00ebt n\u00eb Dhom\u00ebn e Lord\u00ebve, ve\u00e7an\u00ebrisht ata n\u00eb Partin\u00eb Laburiste t\u00eb opozit\u00ebs, &#8220;kan\u00eb p\u00ebrdorur \u00e7do mashtrim t\u00eb mundsh\u00ebm &#8221; p\u00ebr t\u00eb ndaluar ose ngadal\u00ebsuar miratimin e projektligjit.<\/span><\/p>\n<p><span style=\"color: #000000;\">Por ai u zotua se do ket\u00eb nj\u00eb &#8220;rit\u00ebm t\u00eb rregullt&#8221; avion\u00ebsh gjat\u00eb gjith\u00eb ver\u00ebs dhe m\u00eb gjer\u00eb.<\/span><\/p>\n<p><span style=\"color: #000000;\">Raportuesit special\u00eb p\u00ebr Kombet e Bashkuara l\u00ebshuan nj\u00eb deklarat\u00eb duke paralajm\u00ebruar linjat ajrore tregtare q\u00eb t\u00eb largohen nga projekti.<\/span><\/p>\n<p><span style=\"color: #000000;\"><em>&#8220;Edhe n\u00ebse miratohet marr\u00ebveshja Britani-Ruanda dhe ligji &#8220;Siguria e Ruand\u00ebs&#8221;, linjat ajrore dhe rregullator\u00ebt e aviacionit mund t\u00eb jen\u00eb bashk\u00ebpun\u00ebtor\u00eb n\u00eb shkeljen e t\u00eb drejtave t\u00eb njeriut t\u00eb mbrojtura nd\u00ebrkomb\u00ebtarisht dhe urdhrat e gjykat\u00ebs duke leht\u00ebsuar largimet n\u00eb Ruanda,&#8221;<\/em> than\u00eb ata.<\/span><\/p>\n<p><span style=\"color: #000000;\">Mbrojt\u00ebsit e azilk\u00ebrkuesve pothuajse me siguri do p\u00ebrpiqen t\u00eb bllokojn\u00eb p\u00ebrs\u00ebri fluturimet me nj\u00eb tjet\u00ebr apel n\u00eb Gjykat\u00ebn Evropiane t\u00eb t\u00eb Drejtave t\u00eb Njeriut. Por Sunak deklaroi se &#8220;asnj\u00eb gjykat\u00eb e huaj nuk do t\u00eb na ndaloj\u00eb t\u00eb heqim fluturimet&#8221;, duke lajm\u00ebruar nj\u00eb p\u00ebrleshje t\u00eb mundshme ligjore.<\/span><\/p>\n<p><span style=\"color: #000000;\">Ai tha se Zyra e Brendshme, e cila do kryente misionin, ka &#8220;200 pun\u00ebtor\u00eb t\u00eb dedikuar t\u00eb trajnuar t\u00eb \u00e7\u00ebshtjeve t\u00eb gatsh\u00ebm dhe n\u00eb pritje&#8221;, me salla gjykate dhe gjyqtar\u00eb shtes\u00eb, t\u00eb gatsh\u00ebm p\u00ebr t\u00eb p\u00ebrpunuar azilk\u00ebrkuesit dhe p\u00ebr t&#8217;i hipur ata n\u00eb aeroplan\u00eb.<\/span><\/p>\n<p><span style=\"color: #000000;\">Britania ishte nj\u00eb nga n\u00ebnshkruesit fillestar\u00eb t\u00eb Konvent\u00ebs s\u00eb Refugjat\u00ebve t\u00eb vitit 1951 dhe nj\u00eb themelues i Gjykat\u00ebs Evropiane t\u00eb t\u00eb Drejtave t\u00eb Njeriut, e cila \u00ebsht\u00eb e pavarur nga Bashkimi Evropian.<\/span><\/p>\n<p><span style=\"color: #000000;\">Mb\u00ebrritjet e anijeve t\u00eb vogla u ul\u00ebn me nj\u00eb t\u00eb tret\u00ebn vitin e kaluar, por u rrit\u00ebn k\u00ebt\u00eb vit &#8211; me 6,265 deri m\u00eb tani &#8211; dhe n\u00eb rrug\u00ebn e duhur p\u00ebr t\u00eb arritur kulmin e vitit 2022.<\/span><\/p>\n<p><span style=\"color: #000000;\"><span style=\"color: #ff0000;\"><strong>VINI RE<\/strong><\/span>: Ky material \u00ebsht\u00eb pron\u00ebsi intelektuale e <span style=\"color: #0000ff;\"><a style=\"color: #0000ff;\" href=\"https:\/\/www.washingtonpost.com\/world\/2024\/04\/22\/uk-rwanda-sunak-flights\/\">Washington Post<\/a><\/span><\/span><\/p>\n<p><span style=\"color: #000000;\">P\u00ebrgatiti p\u00ebr <span style=\"color: #0000ff;\">Hashtag.al,<\/span> Klodian Manjani<\/span><\/p>\n","protected":false,"gt_translate_keys":[{"key":"rendered","format":"html"}]},"excerpt":{"rendered":"<p>Kryeministri britanik Rishi Sunak e ka vendosur mbijetes\u00ebn e tij politike te d\u00ebrgimi me aeroplan\u00eb i azilk\u00ebrkuesve n\u00eb Ruand\u00eb. Ai tha se do e b\u00ebj\u00eb me \u00e7do kusht k\u00ebt\u00eb gj\u00eb, u zotua t\u00eb h\u00ebn\u00ebn, me fluturimet e para ajrore brenda &#8220;10 deri n\u00eb 12 jav\u00eb&#8221;. Sunak tha se qeveria e tij ka nj\u00eb pist\u00eb ajrore [&hellip;]<\/p>\n","protected":false,"gt_translate_keys":[{"key":"rendered","format":"html"}]},"author":51,"featured_media":669620,"comment_status":"closed","ping_status":"open","sticky":false,"template":"","format":"standard","meta":{"footnotes":""},"categories":[53],"tags":[],"class_list":["post-669617","post","type-post","status-publish","format-standard","has-post-thumbnail","hentry","category-fast-foodi"],"gt_translate_keys":[{"key":"link","format":"url"}],"_links":{"self":[{"href":"https:\/\/www.hashtag.al\/index.php\/wp-json\/wp\/v2\/posts\/669617","targetHints":{"allow":["GET"]}}],"collection":[{"href":"https:\/\/www.hashtag.al\/index.php\/wp-json\/wp\/v2\/posts"}],"about":[{"href":"https:\/\/www.hashtag.al\/index.php\/wp-json\/wp\/v2\/types\/post"}],"author":[{"embeddable":true,"href":"https:\/\/www.hashtag.al\/index.php\/wp-json\/wp\/v2\/users\/51"}],"replies":[{"embeddable":true,"href":"https:\/\/www.hashtag.al\/index.php\/wp-json\/wp\/v2\/comments?post=669617"}],"version-history":[{"count":0,"href":"https:\/\/www.hashtag.al\/index.php\/wp-json\/wp\/v2\/posts\/669617\/revisions"}],"wp:featuredmedia":[{"embeddable":true,"href":"https:\/\/www.hashtag.al\/index.php\/wp-json\/wp\/v2\/media\/669620"}],"wp:attachment":[{"href":"https:\/\/www.hashtag.al\/index.php\/wp-json\/wp\/v2\/media?parent=669617"}],"wp:term":[{"taxonomy":"category","embeddable":true,"href":"https:\/\/www.hashtag.al\/index.php\/wp-json\/wp\/v2\/categories?post=669617"},{"taxonomy":"post_tag","embeddable":true,"href":"https:\/\/www.hashtag.al\/index.php\/wp-json\/wp\/v2\/tags?post=669617"}],"curies":[{"name":"wp","href":"https:\/\/api.w.org\/{rel}","templated":true}]}}