{"id":669528,"date":"2024-04-22T19:01:18","date_gmt":"2024-04-22T17:01:18","guid":{"rendered":"https:\/\/www.hashtag.al\/?p=669528"},"modified":"2024-04-22T19:01:18","modified_gmt":"2024-04-22T17:01:18","slug":"bisedat-e-koduara-ne-aplikacione-europol-ti-jepet-fund-privatesise-ne-komunikim","status":"publish","type":"post","link":"https:\/\/www.hashtag.al\/index.php\/2024\/04\/22\/bisedat-e-koduara-ne-aplikacione-europol-ti-jepet-fund-privatesise-ne-komunikim\/","title":{"rendered":"Bisedat e koduara n\u00eb aplikacione, Europol: Ti jepet fund privat\u00ebsis\u00eb n\u00eb komunikim","gt_translate_keys":[{"key":"rendered","format":"text"}]},"content":{"rendered":"<p style=\"text-align: left;\"><span style=\"color: #000000;\"><img loading=\"lazy\" decoding=\"async\" class=\" wp-image-669530 aligncenter\" src=\"https:\/\/www.hashtag.al\/wp-content\/uploads\/2024\/04\/OIP-1-1.jpg\" alt=\"\" width=\"1042\" height=\"453\" srcset=\"https:\/\/www.hashtag.al\/wp-content\/uploads\/2024\/04\/OIP-1-1.jpg 474w, https:\/\/www.hashtag.al\/wp-content\/uploads\/2024\/04\/OIP-1-1-300x130.jpg 300w\" sizes=\"auto, (max-width: 1042px) 100vw, 1042px\" \/><\/span><\/p>\n<p style=\"text-align: left;\"><span style=\"color: #000000;\">Europol dhe forcat e policis\u00eb n\u00eb t\u00eb gjith\u00eb Evrop\u00ebn kan\u00eb dal\u00eb kund\u00ebr kriptimit nga fundi n\u00eb fund, duke th\u00ebn\u00eb se kan\u00eb frik\u00eb se mbrojtja e gjer\u00eb e privat\u00ebsis\u00eb mund t\u2019i lejoj\u00eb kriminel\u00ebve t\u00eb veprojn\u00eb lirisht.<\/span><\/p>\n<p style=\"text-align: left;\"><span style=\"color: #000000;\">N\u00eb nj\u00eb deklarat\u00eb t\u00eb p\u00ebrbashk\u00ebt t\u00eb l\u00ebshuar t\u00eb diel\u00ebn, ata kritikuan masat e privat\u00ebsis\u00eb q\u00eb kompanit\u00eb e teknologjis\u00eb si Meta po zbatojn\u00eb n\u00eb sh\u00ebrbimet e mesazheve.<\/span><\/p>\n<p style=\"text-align: left;\"><span style=\"color: #000000;\">Kriptimi nga fundi n\u00eb fund i pengon k\u00ebto kompani t\u00eb ken\u00eb akses n\u00eb komunikimet nd\u00ebrmjet an\u00ebtar\u00ebve. Si rezultat, policia nuk e ka t\u00eb mundur t\u00eb marr\u00eb prova nga kompanit\u00eb e teknologjis\u00eb kur heton krime t\u00eb r\u00ebnda si abuzim me f\u00ebmij\u00ebt, trafikimi i qenieve njer\u00ebzore, trafiku i drog\u00ebs, vrasjet, krimi financiar dhe terrorizmi.<\/span><\/p>\n<p style=\"text-align: left;\"><span style=\"color: #000000;\">\u201c<em>Ne nuk jemi n\u00eb gjendje t\u00eb garantojm\u00eb sigurin\u00eb publike. Asnj\u00ebher\u00eb m\u00eb par\u00eb shoq\u00ebrit\u00eb tona nuk kan\u00eb toleruar situata q\u00eb jan\u00eb p\u00ebrtej autoriteteve t\u00eb ligjit, duke lejuar kriminel\u00ebt t\u00eb komunikojn\u00eb n\u00eb m\u00ebnyr\u00eb t\u00eb sigurt dhe abuzimi me f\u00ebmij\u00ebt t\u00eb lul\u00ebzoj\u00eb.<\/em><\/span><\/p>\n<p style=\"text-align: left;\"><span style=\"color: #000000;\"><em>P\u00ebr t\u00eb garantuar sigurin\u00eb e shoq\u00ebris\u00eb dhe qytetar\u00ebve, ne duhet t\u00eb sigurojm\u00eb k\u00ebt\u00eb mjedis dixhital dhe t\u00eb zbulojm\u00eb dhe sinjalizojm\u00eb aktivitetin e tyre,\u201d <\/em>tha kreu i Europol, Catherine De Bolle. <\/span><\/p>\n<p style=\"text-align: left;\"><span style=\"color: #000000;\"><em>\u201cKompanit\u00eb e teknologjis\u00eb kan\u00eb nj\u00eb p\u00ebrgjegj\u00ebsi sociale n\u00eb zhvillimin e nj\u00eb mjedisi m\u00eb t\u00eb sigurt ku agjencit\u00eb e zbatimit t\u00eb ligjit dhe drejt\u00ebsia t\u00eb b\u00ebjn\u00eb pun\u00ebn e tyre\u201d<\/em> tha ajo.<\/span><\/p>\n","protected":false,"gt_translate_keys":[{"key":"rendered","format":"html"}]},"excerpt":{"rendered":"<p>Europol dhe forcat e policis\u00eb n\u00eb t\u00eb gjith\u00eb Evrop\u00ebn kan\u00eb dal\u00eb kund\u00ebr kriptimit nga fundi n\u00eb fund, duke th\u00ebn\u00eb se kan\u00eb frik\u00eb se mbrojtja e gjer\u00eb e privat\u00ebsis\u00eb mund t\u2019i lejoj\u00eb kriminel\u00ebve t\u00eb veprojn\u00eb lirisht. N\u00eb nj\u00eb deklarat\u00eb t\u00eb p\u00ebrbashk\u00ebt t\u00eb l\u00ebshuar t\u00eb diel\u00ebn, ata kritikuan masat e privat\u00ebsis\u00eb q\u00eb kompanit\u00eb e teknologjis\u00eb si Meta [&hellip;]<\/p>\n","protected":false,"gt_translate_keys":[{"key":"rendered","format":"html"}]},"author":4,"featured_media":669530,"comment_status":"closed","ping_status":"open","sticky":false,"template":"","format":"standard","meta":{"footnotes":""},"categories":[53],"tags":[],"class_list":["post-669528","post","type-post","status-publish","format-standard","has-post-thumbnail","hentry","category-fast-foodi"],"gt_translate_keys":[{"key":"link","format":"url"}],"_links":{"self":[{"href":"https:\/\/www.hashtag.al\/index.php\/wp-json\/wp\/v2\/posts\/669528","targetHints":{"allow":["GET"]}}],"collection":[{"href":"https:\/\/www.hashtag.al\/index.php\/wp-json\/wp\/v2\/posts"}],"about":[{"href":"https:\/\/www.hashtag.al\/index.php\/wp-json\/wp\/v2\/types\/post"}],"author":[{"embeddable":true,"href":"https:\/\/www.hashtag.al\/index.php\/wp-json\/wp\/v2\/users\/4"}],"replies":[{"embeddable":true,"href":"https:\/\/www.hashtag.al\/index.php\/wp-json\/wp\/v2\/comments?post=669528"}],"version-history":[{"count":0,"href":"https:\/\/www.hashtag.al\/index.php\/wp-json\/wp\/v2\/posts\/669528\/revisions"}],"wp:featuredmedia":[{"embeddable":true,"href":"https:\/\/www.hashtag.al\/index.php\/wp-json\/wp\/v2\/media\/669530"}],"wp:attachment":[{"href":"https:\/\/www.hashtag.al\/index.php\/wp-json\/wp\/v2\/media?parent=669528"}],"wp:term":[{"taxonomy":"category","embeddable":true,"href":"https:\/\/www.hashtag.al\/index.php\/wp-json\/wp\/v2\/categories?post=669528"},{"taxonomy":"post_tag","embeddable":true,"href":"https:\/\/www.hashtag.al\/index.php\/wp-json\/wp\/v2\/tags?post=669528"}],"curies":[{"name":"wp","href":"https:\/\/api.w.org\/{rel}","templated":true}]}}