{"id":668943,"date":"2024-04-19T22:50:30","date_gmt":"2024-04-19T20:50:30","guid":{"rendered":"https:\/\/www.hashtag.al\/?p=668943"},"modified":"2024-04-19T22:50:30","modified_gmt":"2024-04-19T20:50:30","slug":"vucic-e-quan-hipokrit-reagimin-e-nderkombetareve-per-ndalimin-e-qytetareve-te-kosoves","status":"publish","type":"post","link":"https:\/\/www.hashtag.al\/index.php\/2024\/04\/19\/vucic-e-quan-hipokrit-reagimin-e-nderkombetareve-per-ndalimin-e-qytetareve-te-kosoves\/","title":{"rendered":"Vu\u00e7i\u00e7 e quan \u201chipokrit\u201d reagimin e nd\u00ebrkomb\u00ebtar\u00ebve p\u00ebr ndalimin e qytetar\u00ebve t\u00eb Kosov\u00ebs","gt_translate_keys":[{"key":"rendered","format":"text"}]},"content":{"rendered":"<p><span style=\"color: #000000;\"><a href=\"https:\/\/www.hashtag.al\/wp-content\/uploads\/2024\/03\/Vucic-1.jpg\"><img loading=\"lazy\" decoding=\"async\" class=\"aligncenter size-full wp-image-661722\" src=\"https:\/\/www.hashtag.al\/wp-content\/uploads\/2024\/03\/Vucic-1.jpg\" alt=\"\" width=\"1130\" height=\"635\" srcset=\"https:\/\/www.hashtag.al\/wp-content\/uploads\/2024\/03\/Vucic-1.jpg 1130w, https:\/\/www.hashtag.al\/wp-content\/uploads\/2024\/03\/Vucic-1-300x169.jpg 300w, https:\/\/www.hashtag.al\/wp-content\/uploads\/2024\/03\/Vucic-1-1024x575.jpg 1024w, https:\/\/www.hashtag.al\/wp-content\/uploads\/2024\/03\/Vucic-1-768x432.jpg 768w\" sizes=\"auto, (max-width: 1130px) 100vw, 1130px\" \/><\/a><\/span><\/p>\n<p><span style=\"color: #000000;\">Presidenti i Serbis\u00eb, Aleksandar Vu\u00e7i\u00e7, e ka cil\u00ebsuar si \u201chipokrit\u201d reagimin e bashk\u00ebsis\u00eb nd\u00ebrkomb\u00ebtare n\u00eb lidhje me nj\u00eb num\u00ebr t\u00eb madh t\u00eb qytetar\u00ebve t\u00eb Kosov\u00ebs q\u00eb u ndaluan nga autoritetet serbe n\u00eb pikat kufitare t\u00eb Serbis\u00eb dit\u00eb m\u00eb par\u00eb.<\/span><\/p>\n<p><span style=\"color: #000000;\">Vu\u00e7i\u00e7 tha t\u00eb premten se n\u00eb dit\u00ebt e kaluara \u201casnj\u00eb autobus nuk \u00ebsht\u00eb ndaluar n\u00eb kufirin serb\u201d, por disa persona jan\u00eb ndaluar n\u00eb Serbi p\u00ebr t\u2019u marr\u00eb n\u00eb pyetje.<\/span><\/p>\n<p><span style=\"color: #000000;\">M\u00eb 17 prill, sipas autoriteteve n\u00eb Kosov\u00eb, Serbia i ndaloi mbi 1.400 kosovar\u00eb p\u00ebr m\u00eb shum\u00eb se 20 or\u00eb n\u00eb pikat kufitare t\u00eb saj me Kroacin\u00eb dhe Hungarin\u00eb, t\u00eb cil\u00ebt po kalonin transit n\u00ebp\u00ebr Serbi.<\/span><\/p>\n<p><span style=\"color: #000000;\">P\u00ebr k\u00ebt\u00eb reaguan Bashkimi Evropian dhe Departamenti amerikan i Shtetit, duke e kritikuar Serbin\u00eb p\u00ebr shkelje t\u00eb marr\u00ebveshjes p\u00ebr l\u00ebvizjen e lir\u00eb mes dy vendeve.<\/span><\/p>\n<p><span style=\"color: #000000;\"><em>\u201cNuk ka njeri n\u00eb bot\u00eb q\u00eb nuk ka reaguar [p\u00ebr k\u00ebt\u00eb]\u201d,<\/em> tha Vu\u00e7i\u00e7, duke e vler\u00ebsuar si \u201chipokrit\u201d reagimin e bashk\u00ebsis\u00eb nd\u00ebrkomb\u00ebtare.<\/span><\/p>\n<p><span style=\"color: #000000;\"><em>\u201cDy ose tre persona u ndaluan p\u00ebr t\u2019u marr\u00eb n\u00eb pyetje dhe t\u00eb gjith\u00eb u liruan. Nj\u00ebri prej tyre u mor n\u00eb pyetje sepse ishte n\u00eb U\u00c7K (Ushtria \u00c7lirimtare e Kosov\u00ebs)\u201d,<\/em> tha Vu\u00e7i\u00e7 n\u00eb nj\u00eb st\u00ebrvitje ushtarake n\u00eb Peshter. N\u00eb mesin e t\u00eb ndaluarve ishin edhe dhjet\u00eb zyrtar\u00eb policor\u00eb, p\u00ebrfshir\u00eb z\u00ebvend\u00ebsdrejtori i P\u00ebrgjithsh\u00ebm i Policis\u00eb s\u00eb Kosov\u00ebs me komb\u00ebsi serbe, Dejan Jankovi\u00e7.<\/span><\/p>\n<p><span style=\"color: #000000;\">Qeveria e Kosov\u00ebs k\u00ebto veprime i cil\u00ebsoi si hakmarrje e Serbis\u00eb ndaj mb\u00ebshtetjes nga Asambleja Parlamentare e K\u00ebshillit t\u00eb Evrop\u00ebs p\u00ebr an\u00ebtar\u00ebsimin e Kosov\u00ebs n\u00eb k\u00ebt\u00eb organizat\u00eb.<\/span><\/p>\n<p><span style=\"color: #000000;\">Serbia i mohoi akuzat, duke th\u00ebn\u00eb se vonesat u shkaktuan nga masat shtes\u00eb t\u00eb siguris\u00eb n\u00eb kufi, dhe se l\u00ebvizja e qytetar\u00ebve kosovar\u00eb \u201cnuk \u00ebsht\u00eb kufizuar\u201d.<\/span><\/p>\n<p><span style=\"color: #000000;\">Departamenti amerikan i Shtetit i b\u00ebri thirrje Serbis\u00eb t\u00eb vet\u00ebp\u00ebrmbahet nga veprimet e nj\u00ebanshme dhe t\u00eb pakoordinuara, t\u00eb veprojn\u00eb me transparenc\u00eb dhe n\u00eb p\u00ebrputhje t\u00eb plot\u00eb me ligjin n\u00eb lidhje me qytetar\u00ebt kosovar\u00eb t\u00eb ndaluar n\u00eb Serbi dje.<\/span><\/p>\n<p><span style=\"color: #000000;\"><em>\u201cNdalimet arbitrare apo padrejt\u00ebsisht t\u00eb gjata, posa\u00e7\u00ebrisht n\u00ebse cak i tyre jan\u00eb oficer\u00ebt e Policis\u00eb s\u00eb Kosov\u00ebs, do t\u00eb shihen si veprime p\u00ebrshkall\u00ebzuese q\u00eb d\u00ebmtojn\u00eb paqen dhe stabilitetin\u201d,<\/em> tha nj\u00eb z\u00ebdh\u00ebn\u00ebs i Departamentit t\u00eb Shtetit p\u00ebr Radion Evropa e Lir\u00eb m\u00eb 18 prill.<\/span><\/p>\n<p><span style=\"color: #000000;\">M\u00eb 18 prill, disa organizata turistike nga Kosova i than\u00eb Radios Evropa e Lir\u00eb se nuk kishin probleme me ndalimin n\u00eb kufi nga kjo dit\u00eb.\/<span style=\"color: #0000ff;\"><a style=\"color: #0000ff;\" href=\"https:\/\/www.evropaelire.org\/a\/vuciq-quan-hpoktrit-reagimin-nderkombetareve-per-kosovare\/32912568.html\">REL<\/a><\/span><\/span><\/p>\n","protected":false,"gt_translate_keys":[{"key":"rendered","format":"html"}]},"excerpt":{"rendered":"<p>Presidenti i Serbis\u00eb, Aleksandar Vu\u00e7i\u00e7, e ka cil\u00ebsuar si \u201chipokrit\u201d reagimin e bashk\u00ebsis\u00eb nd\u00ebrkomb\u00ebtare n\u00eb lidhje me nj\u00eb num\u00ebr t\u00eb madh t\u00eb qytetar\u00ebve t\u00eb Kosov\u00ebs q\u00eb u ndaluan nga autoritetet serbe n\u00eb pikat kufitare t\u00eb Serbis\u00eb dit\u00eb m\u00eb par\u00eb. Vu\u00e7i\u00e7 tha t\u00eb premten se n\u00eb dit\u00ebt e kaluara \u201casnj\u00eb autobus nuk \u00ebsht\u00eb ndaluar n\u00eb kufirin [&hellip;]<\/p>\n","protected":false,"gt_translate_keys":[{"key":"rendered","format":"html"}]},"author":32,"featured_media":661722,"comment_status":"closed","ping_status":"open","sticky":false,"template":"","format":"standard","meta":{"footnotes":""},"categories":[149],"tags":[],"class_list":["post-668943","post","type-post","status-publish","format-standard","has-post-thumbnail","hentry","category-kosoverajon"],"gt_translate_keys":[{"key":"link","format":"url"}],"_links":{"self":[{"href":"https:\/\/www.hashtag.al\/index.php\/wp-json\/wp\/v2\/posts\/668943","targetHints":{"allow":["GET"]}}],"collection":[{"href":"https:\/\/www.hashtag.al\/index.php\/wp-json\/wp\/v2\/posts"}],"about":[{"href":"https:\/\/www.hashtag.al\/index.php\/wp-json\/wp\/v2\/types\/post"}],"author":[{"embeddable":true,"href":"https:\/\/www.hashtag.al\/index.php\/wp-json\/wp\/v2\/users\/32"}],"replies":[{"embeddable":true,"href":"https:\/\/www.hashtag.al\/index.php\/wp-json\/wp\/v2\/comments?post=668943"}],"version-history":[{"count":0,"href":"https:\/\/www.hashtag.al\/index.php\/wp-json\/wp\/v2\/posts\/668943\/revisions"}],"wp:featuredmedia":[{"embeddable":true,"href":"https:\/\/www.hashtag.al\/index.php\/wp-json\/wp\/v2\/media\/661722"}],"wp:attachment":[{"href":"https:\/\/www.hashtag.al\/index.php\/wp-json\/wp\/v2\/media?parent=668943"}],"wp:term":[{"taxonomy":"category","embeddable":true,"href":"https:\/\/www.hashtag.al\/index.php\/wp-json\/wp\/v2\/categories?post=668943"},{"taxonomy":"post_tag","embeddable":true,"href":"https:\/\/www.hashtag.al\/index.php\/wp-json\/wp\/v2\/tags?post=668943"}],"curies":[{"name":"wp","href":"https:\/\/api.w.org\/{rel}","templated":true}]}}