{"id":668774,"date":"2024-04-18T23:12:33","date_gmt":"2024-04-18T21:12:33","guid":{"rendered":"https:\/\/www.hashtag.al\/?p=668774"},"modified":"2024-04-18T23:12:33","modified_gmt":"2024-04-18T21:12:33","slug":"perplasjet-ne-partine-e-lirise-cfare-thane-meta-dhe-kryemadhi","status":"publish","type":"post","link":"https:\/\/www.hashtag.al\/index.php\/2024\/04\/18\/perplasjet-ne-partine-e-lirise-cfare-thane-meta-dhe-kryemadhi\/","title":{"rendered":"P\u00ebrplasjet n\u00eb Partin\u00eb e Liris\u00eb, \u00e7far\u00eb than\u00eb Meta dhe Kryemadhi","gt_translate_keys":[{"key":"rendered","format":"text"}]},"content":{"rendered":"<p><span style=\"color: #000000;\"><a style=\"color: #000000;\" href=\"https:\/\/www.hashtag.al\/wp-content\/uploads\/2024\/04\/meta-vs-kryemadhi.jpg\"><img loading=\"lazy\" decoding=\"async\" class=\"aligncenter size-full wp-image-668775\" src=\"https:\/\/www.hashtag.al\/wp-content\/uploads\/2024\/04\/meta-vs-kryemadhi.jpg\" alt=\"\" width=\"1733\" height=\"929\" srcset=\"https:\/\/www.hashtag.al\/wp-content\/uploads\/2024\/04\/meta-vs-kryemadhi.jpg 1733w, https:\/\/www.hashtag.al\/wp-content\/uploads\/2024\/04\/meta-vs-kryemadhi-300x161.jpg 300w, https:\/\/www.hashtag.al\/wp-content\/uploads\/2024\/04\/meta-vs-kryemadhi-1024x549.jpg 1024w, https:\/\/www.hashtag.al\/wp-content\/uploads\/2024\/04\/meta-vs-kryemadhi-768x412.jpg 768w, https:\/\/www.hashtag.al\/wp-content\/uploads\/2024\/04\/meta-vs-kryemadhi-1536x823.jpg 1536w\" sizes=\"auto, (max-width: 1733px) 100vw, 1733px\" \/><\/a><\/span><\/p>\n<p><span style=\"color: #000000;\">Kryetari i Partis\u00eb s\u00eb Liris\u00eb, Ilir Meta dhe ish-kryetarja e LSI-s\u00eb Monika Kryemadhi paralelisht mbr\u00ebmjen e sotme kan\u00eb treguar versionet e tyre p\u00ebr p\u00ebrplasjet n\u00eb parti.<\/span><\/p>\n<p><span style=\"color: #000000;\">Nd\u00ebrkoh\u00eb q\u00eb Meta prej dit\u00ebsh deklaron se n\u00eb Parti persona t\u00eb ndrysh\u00ebm kan\u00eb sabotuar pun\u00ebn dhe nuk e \u00e7organizuan at\u00eb, nga ana tjet\u00ebr Kryemadhi foli p\u00ebr k\u00ebshilltar\u00eb t\u00eb cil\u00ebt po e k\u00ebshillojn\u00eb keq kryetarin e PL-s\u00eb.<\/span><\/p>\n<p><span style=\"color: #000000;\">Kryemadhi theksoi se Meta rrethohet nga persona t\u00eb cil\u00ebt nuk kan\u00eb synim aksionin opozitar por krijojn\u00eb armikun imagjinar.<\/span><\/p>\n<p><span style=\"color: #000000;\">\u201c<em>\u00cbsht\u00eb g\u00ebnjyer Ilir Meta. Sepse kur mbledh rreth vetes njer\u00ebz t\u00eb cil\u00ebt mendojn\u00eb q\u00eb jan\u00eb rrog\u00ebtar\u00eb, sepse nj\u00eb parti politike nuk mbahet me rrog\u00ebtar\u00eb dhe servil\u00eb sedentar\u00eb. Kur njer\u00ebzit t\u00eb cil\u00ebt e kan\u00eb mendjen bosh dhe nuk e mbushin dot koh\u00ebn me aksion opozitar at\u00ebher\u00eb do t\u00eb krijojn\u00eb armikun imagjinar. Ai material nuk \u00ebsht\u00eb shkruar nga nj\u00eb profesionit, \u00ebsht\u00eb shkruar nga nj\u00eb jurist i cili nuk njeh<\/em>\u201d-tha Kryemadhi n\u00eb emisionin \u201cOpinion\u201d n\u00eb Tv Klan.<\/span><\/p>\n<p><span style=\"color: #000000;\">Kryemadhi tregoi edhe zanafill\u00ebn e sherrit n\u00eb parti q\u00eb sipas saj \u00ebsht\u00eb denoncimi i firmosur nga Meta p\u00ebr serverin.<\/span><\/p>\n<p><span style=\"color: #000000;\">\u201c<em>Jo nuk ka qen\u00eb e tensionuar. Debati q\u00eb Monika Kryemadhi di t\u00eb b\u00ebj\u00eb gjithmon\u00eb, nuk b\u00ebn debat duke th\u00ebn\u00eb po shefi, Monika b\u00ebn debat duke treguar q\u00eb debati ka filluar me at\u00eb pa\u00e7avuren e famshme t\u00eb denoncimit q\u00eb \u00ebsht\u00eb firmosur nga z.Meta p\u00ebrsa i p\u00ebrket serverave. Debati \u00ebsht\u00eb edhe p\u00ebr shum\u00eb gj\u00ebra t\u00eb tjera q\u00eb kan\u00eb t\u00eb b\u00ebjn\u00eb sa i p\u00ebrket meritokracis\u00eb, angazhimit, funksionimit t\u00eb strukturave, marrjes s\u00eb p\u00ebrgjegj\u00ebsis\u00eb. Un\u00eb nuk mendoj q\u00eb nj\u00eb parti politike \u00ebsht\u00eb thjesht like dhe share n\u00eb Facebook. Struktura e nj\u00eb partie politike \u00ebsht\u00eb kontakti fizik i drejtp\u00ebrdrejt me njer\u00ebzit<\/em>\u201d-tha Kryemadhi.<\/span><\/p>\n<p><span style=\"color: #000000;\">Nd\u00ebrkoh\u00eb q\u00eb Meta ju p\u00ebrgjigj k\u00ebtyre deklaratave t\u00eb Krymeadhit duke th\u00ebn\u00eb se ka probleme me kthjellt\u00ebsin\u00eb pasi \u00ebsht\u00eb n\u00eb presion t\u00eb koleg\u00ebve n\u00eb Partin\u00eb e Liris\u00eb.<\/span><\/p>\n<p><span style=\"color: #000000;\">M\u00ebta p\u00ebrmnedi edhe emra si Endrit Braimllari dhe Elona Guri t\u00eb cil\u00ebt i kishte paralajm\u00ebruar q\u00eb Partia e Liris\u00eb ka qen\u00eb target i Edi Ram\u00ebs dhe krimit t\u00eb organizuar dhe e kishin l\u00ebn\u00eb pa roje duke th\u00ebn\u00eb se nuk dinin t\u00eb b\u00ebnin organizimin e partis\u00eb.<\/span><\/p>\n<p><span style=\"color: #000000;\">\u201c<em>Mona \u00ebsht\u00eb yll, ka pak probleme t\u00eb kthjellt\u00ebsis\u00eb dhe t\u00eb intonacionit, por mesa duket \u00ebsht\u00eb n\u00eb presionin e kolegeve q\u00eb mbajn\u00eb p\u00ebrgjegj\u00ebsi p\u00ebr disa zhvillime n\u00eb \u00a0Partin\u00eb e Liris\u00eb. Un\u00eb kam nj\u00eb pyetje p\u00ebr Mon\u00ebn time t\u00eb dashur, p\u00ebr Lon\u00ebn, p\u00ebr Endritin. Si mundet q\u00eb Ilir Meta ta marr\u00eb vesh q\u00eb PL, q\u00eb \u00ebsht\u00eb target i Edi Ram\u00ebs, krimit t\u00eb organizuar dhe f\u00eblliq\u00ebsirave q\u00eb s\u2019duan nj\u00eb parti q\u00eb thot\u00eb t\u00eb v\u00ebrtet\u00ebn, t\u00eb mos ket\u00eb roje nate dhe mos t\u00eb ket\u00eb roje dite. Kush mban p\u00ebrgjegj\u00ebsi p\u00ebr k\u00ebt\u00eb? Si mundet q\u00eb kryetari paralajm\u00ebron p\u00ebr situat\u00ebn q\u00eb k\u00ebrkohet eliminimi i opozit\u00ebs dhe partia \u00ebsht\u00eb pa roje prej 3 vitesh. Un\u00eb organizimin ia kisha l\u00ebn\u00eb Endritit dhe Lon\u00ebs<\/em>\u201d, u shpreh Meta.<\/span><\/p>\n<p><span style=\"color: #000000;\">Kryemadhi foli edhe p\u00ebr p\u00ebrgjimet e mundshme q\u00eb vet\u00eb Meta ka th\u00ebn\u00eb se kan\u00eb ndodhur n\u00eb Partin\u00eb e Liris\u00eb dhe me serverin.<\/span><\/p>\n<p><span style=\"color: #000000;\">Kremadhi akuzoi s\u00ebrish personat af\u00ebr Ilir Met\u00ebs se kan\u00eb krijuar nj\u00eb fantazi duke i th\u00ebn\u00eb se jan\u00eb selia \u00ebsht\u00eb p\u00ebrgjuar kur ajo e drejtonte at\u00eb.<\/span><\/p>\n<p><span style=\"color: #000000;\">Sipas Kryemadhit \u201c<em>Asgj\u00eb nuk kan\u00eb gjetur. \u00cbsht\u00eb nj\u00eb fantazi e krijuar nga nj\u00eb grup njer\u00ebzish t\u00eb cil\u00ebt nga rrog\u00ebtar\u00eb n\u00eb Presidenc\u00eb vijn\u00eb dhe b\u00ebhen rrog\u00ebtar\u00eb n\u00eb Partin\u00eb e Liris\u00eb. o, i kan\u00eb th\u00ebn\u00eb jemi p\u00ebrgjuar ne, nuk kan\u00eb th\u00ebn\u00eb q\u00eb \u00ebsht\u00eb p\u00ebrgjuar Ilir Meta. Personat i kan\u00eb th\u00ebn\u00eb Ilir Met\u00ebs jemi p\u00ebrgjuar ne. Por nuk \u00ebsht\u00eb ky problemi i shqiptar\u00ebve. Do vij\u00eb Prokuroria, do ta shikoj\u00eb, do i nxjerri si budallenj ata q\u00eb i kan\u00eb b\u00ebr\u00eb\u201d. <\/em><\/span><\/p>\n","protected":false,"gt_translate_keys":[{"key":"rendered","format":"html"}]},"excerpt":{"rendered":"<p>Kryetari i Partis\u00eb s\u00eb Liris\u00eb, Ilir Meta dhe ish-kryetarja e LSI-s\u00eb Monika Kryemadhi paralelisht mbr\u00ebmjen e sotme kan\u00eb treguar versionet e tyre p\u00ebr p\u00ebrplasjet n\u00eb parti. Nd\u00ebrkoh\u00eb q\u00eb Meta prej dit\u00ebsh deklaron se n\u00eb Parti persona t\u00eb ndrysh\u00ebm kan\u00eb sabotuar pun\u00ebn dhe nuk e \u00e7organizuan at\u00eb, nga ana tjet\u00ebr Kryemadhi foli p\u00ebr k\u00ebshilltar\u00eb t\u00eb cil\u00ebt [&hellip;]<\/p>\n","protected":false,"gt_translate_keys":[{"key":"rendered","format":"html"}]},"author":32,"featured_media":668775,"comment_status":"closed","ping_status":"open","sticky":false,"template":"","format":"standard","meta":{"footnotes":""},"categories":[22,13],"tags":[],"class_list":["post-668774","post","type-post","status-publish","format-standard","has-post-thumbnail","hentry","category-ballina","category-te-fundit"],"gt_translate_keys":[{"key":"link","format":"url"}],"_links":{"self":[{"href":"https:\/\/www.hashtag.al\/index.php\/wp-json\/wp\/v2\/posts\/668774","targetHints":{"allow":["GET"]}}],"collection":[{"href":"https:\/\/www.hashtag.al\/index.php\/wp-json\/wp\/v2\/posts"}],"about":[{"href":"https:\/\/www.hashtag.al\/index.php\/wp-json\/wp\/v2\/types\/post"}],"author":[{"embeddable":true,"href":"https:\/\/www.hashtag.al\/index.php\/wp-json\/wp\/v2\/users\/32"}],"replies":[{"embeddable":true,"href":"https:\/\/www.hashtag.al\/index.php\/wp-json\/wp\/v2\/comments?post=668774"}],"version-history":[{"count":0,"href":"https:\/\/www.hashtag.al\/index.php\/wp-json\/wp\/v2\/posts\/668774\/revisions"}],"wp:featuredmedia":[{"embeddable":true,"href":"https:\/\/www.hashtag.al\/index.php\/wp-json\/wp\/v2\/media\/668775"}],"wp:attachment":[{"href":"https:\/\/www.hashtag.al\/index.php\/wp-json\/wp\/v2\/media?parent=668774"}],"wp:term":[{"taxonomy":"category","embeddable":true,"href":"https:\/\/www.hashtag.al\/index.php\/wp-json\/wp\/v2\/categories?post=668774"},{"taxonomy":"post_tag","embeddable":true,"href":"https:\/\/www.hashtag.al\/index.php\/wp-json\/wp\/v2\/tags?post=668774"}],"curies":[{"name":"wp","href":"https:\/\/api.w.org\/{rel}","templated":true}]}}