{"id":668744,"date":"2024-04-18T21:35:04","date_gmt":"2024-04-18T19:35:04","guid":{"rendered":"https:\/\/www.hashtag.al\/?p=668744"},"modified":"2024-04-18T21:35:04","modified_gmt":"2024-04-18T19:35:04","slug":"basha-i-del-ne-mbrojtje-spak-ut-dhe-sulmon-meten-ne-panik-jane-ata-qe-duhet-te-jene-ne-panik","status":"publish","type":"post","link":"https:\/\/www.hashtag.al\/index.php\/2024\/04\/18\/basha-i-del-ne-mbrojtje-spak-ut-dhe-sulmon-meten-ne-panik-jane-ata-qe-duhet-te-jene-ne-panik\/","title":{"rendered":"Basha i del n\u00eb mbrojtje SPAK-ut dhe sulmon Met\u00ebn: N\u00eb panik jan\u00eb ata q\u00eb duhet t\u00eb jen\u00eb n\u00eb panik","gt_translate_keys":[{"key":"rendered","format":"text"}]},"content":{"rendered":"<p style=\"text-align: left;\"><span style=\"color: #000000;\"><img loading=\"lazy\" decoding=\"async\" class=\"aligncenter wp-image-668745 size-full\" src=\"https:\/\/www.hashtag.al\/wp-content\/uploads\/2024\/04\/lulzim-basha43433-768x436-1-e1713468676141.jpg\" alt=\"\" width=\"581\" height=\"323\" srcset=\"https:\/\/www.hashtag.al\/wp-content\/uploads\/2024\/04\/lulzim-basha43433-768x436-1-e1713468676141.jpg 581w, https:\/\/www.hashtag.al\/wp-content\/uploads\/2024\/04\/lulzim-basha43433-768x436-1-e1713468676141-300x167.jpg 300w\" sizes=\"auto, (max-width: 581px) 100vw, 581px\" \/><\/span><\/p>\n<p style=\"text-align: left;\"><span style=\"color: #000000;\">Kryetari i PD, Lulzim Basha, i ftuar n\u00eb studion e \u201cOpen\u201d n\u00eb News24, ka komentuar shp\u00ebrthimet e fundit t\u00eb ish-Presidentit Ilir Meta ndaj SPAK dhe kreut t\u00eb saj.<\/span><\/p>\n<p style=\"text-align: left;\"><span style=\"color: #000000;\">Basha u shpreh se nga puna e SPAK jan\u00eb n\u00eb panik ata q\u00eb duhet t\u00eb jen\u00eb n\u00eb panik, t\u00eb cil\u00ebt sipas tij jan\u00eb kryeministri Rama dhe kryebashkiaku i Tiran\u00ebs, Veliaj.<\/span><\/p>\n<p style=\"text-align: left;\"><span style=\"color: #000000;\">\u201cKu t\u00eb \u00e7on mushka\u201d, u shpreh Basha duke komentuar reagimet e ashpra t\u00eb Met\u00ebs ndaj SPAK, teksa mori n\u00eb konsiderat\u00eb se kjo strutkur\u00eb po godet korrupsionin.<\/span><\/p>\n<p style=\"text-align: left;\"><span style=\"color: #000000;\"><em>\u201cNuk i kisha par\u00eb reagimet e Met\u00ebs ndaj Dumanit. I kisha lexuar por nuk i kisha par\u00eb. Nuk mund t\u00eb b\u00ebhet fjal\u00eb p\u00ebr akuza sesa p\u00ebr nj\u00eb shp\u00ebrthim. <\/em><\/span><\/p>\n<p style=\"text-align: left;\"><span style=\"color: #000000;\"><em>Besoj q\u00eb gj\u00ebja e par\u00eb q\u00eb t\u00eb vjen n\u00eb mendje kur i shikon k\u00ebto, \u00ebsht\u00eb q\u00eb kjo nuk \u00ebsht\u00eb nj\u00eb sjellje normale. <\/em><\/span><\/p>\n<p style=\"text-align: left;\"><span style=\"color: #000000;\"><em>T\u00eb dal\u00ebsh aty t\u00eb shash, se k\u00ebto jan\u00eb sharje. Njeriu i civilizuar edhe kur ka kund\u00ebrshtimin m\u00eb ekstrem ndaj di\u00e7kaje apo ndaj dikujt di t\u00eb reshtoj\u00eb argumentet.<\/em><\/span><\/p>\n<p style=\"text-align: left;\"><span style=\"color: #000000;\"><em>Sigurisht nuk \u00ebsht\u00eb i pari q\u00eb demonstron k\u00ebto sjellje. Sigurisht as zoti Berisha nuk \u00ebsht\u00eb i dyti, n\u00eb ve\u00e7anti q\u00eb pavar\u00ebsisht se p\u00ebrpiqen ta fshehin por nuk e fshehin dot, n\u00eb panik jan\u00eb ata q\u00eb duhet t\u00eb jen\u00eb n\u00eb panik dhe \u00ebsht\u00eb nj\u00eb lajm i mir\u00eb p\u00ebr shqiptar\u00ebt, \u00ebsht\u00eb Edi Rama, Erion Veliaj.<\/em><\/span><\/p>\n<p style=\"text-align: left;\"><span style=\"color: #000000;\"><em>\u00a0Ish-dyshi i Ram\u00ebs \u00ebsht\u00eb n\u00eb k\u00ebrkim, nja dy-tre t\u00eb tjer\u00eb jan\u00eb n\u00eb hetim dhe n\u00eb burg. SPAK ka trazuar uj\u00ebrat e kast\u00ebs 34-vje\u00e7are t\u00eb politik\u00ebs shqiptare. <\/em><\/span><\/p>\n<p style=\"text-align: left;\"><span style=\"color: #000000;\"><em>PD, i vetmi ligj q\u00eb votoi ishte p\u00ebr SPAK. Ka qen\u00eb partia e Ilir Met\u00ebs q\u00eb i ka votuar pes\u00eb ligje t\u00eb tjera p\u00ebr t\u00eb cilat ishim skeptik\u00eb.<\/em><\/span><\/p>\n<p style=\"text-align: left;\"><span style=\"color: #000000;\"><em>Un\u00eb kam qen\u00eb i vet\u00ebdijsh\u00ebm p\u00ebr at\u00eb q\u00eb po votonim. Nj\u00eb ndryshim n\u00eb kultur\u00ebn institiucionale. <\/em><\/span><\/p>\n<p style=\"text-align: left;\"><span style=\"color: #000000;\"><em>Kur ke nj\u00eb struktur\u00eb q\u00eb po godet korrupsionin, i cili \u00ebsht\u00eb nj\u00eb problem q\u00eb \u00ebsht\u00eb kthyer n\u00eb gangren\u00eb, ti godet t\u00eb vetmin institucion t\u00eb cilit ja kemi dh\u00ebn\u00eb vet\u00eb kompetencat, ku t\u00eb \u00e7on mushka? <\/em><\/span><\/p>\n<p style=\"text-align: left;\"><span style=\"color: #000000;\"><em>N\u00ebse pas k\u00ebsaj ka interesa personale, n\u00ebse flet si i pandehur kjo \u00ebsht\u00eb di\u00e7ka tjet\u00ebr dhe \u00ebsht\u00eb sulm personal\u201d,<\/em> u shpreh Basha.<\/span><\/p>\n","protected":false,"gt_translate_keys":[{"key":"rendered","format":"html"}]},"excerpt":{"rendered":"<p>Kryetari i PD, Lulzim Basha, i ftuar n\u00eb studion e \u201cOpen\u201d n\u00eb News24, ka komentuar shp\u00ebrthimet e fundit t\u00eb ish-Presidentit Ilir Meta ndaj SPAK dhe kreut t\u00eb saj. Basha u shpreh se nga puna e SPAK jan\u00eb n\u00eb panik ata q\u00eb duhet t\u00eb jen\u00eb n\u00eb panik, t\u00eb cil\u00ebt sipas tij jan\u00eb kryeministri Rama dhe kryebashkiaku [&hellip;]<\/p>\n","protected":false,"gt_translate_keys":[{"key":"rendered","format":"html"}]},"author":4,"featured_media":668745,"comment_status":"closed","ping_status":"open","sticky":false,"template":"","format":"standard","meta":{"footnotes":""},"categories":[65],"tags":[],"class_list":["post-668744","post","type-post","status-publish","format-standard","has-post-thumbnail","hentry","category-lajme"],"gt_translate_keys":[{"key":"link","format":"url"}],"_links":{"self":[{"href":"https:\/\/www.hashtag.al\/index.php\/wp-json\/wp\/v2\/posts\/668744","targetHints":{"allow":["GET"]}}],"collection":[{"href":"https:\/\/www.hashtag.al\/index.php\/wp-json\/wp\/v2\/posts"}],"about":[{"href":"https:\/\/www.hashtag.al\/index.php\/wp-json\/wp\/v2\/types\/post"}],"author":[{"embeddable":true,"href":"https:\/\/www.hashtag.al\/index.php\/wp-json\/wp\/v2\/users\/4"}],"replies":[{"embeddable":true,"href":"https:\/\/www.hashtag.al\/index.php\/wp-json\/wp\/v2\/comments?post=668744"}],"version-history":[{"count":0,"href":"https:\/\/www.hashtag.al\/index.php\/wp-json\/wp\/v2\/posts\/668744\/revisions"}],"wp:featuredmedia":[{"embeddable":true,"href":"https:\/\/www.hashtag.al\/index.php\/wp-json\/wp\/v2\/media\/668745"}],"wp:attachment":[{"href":"https:\/\/www.hashtag.al\/index.php\/wp-json\/wp\/v2\/media?parent=668744"}],"wp:term":[{"taxonomy":"category","embeddable":true,"href":"https:\/\/www.hashtag.al\/index.php\/wp-json\/wp\/v2\/categories?post=668744"},{"taxonomy":"post_tag","embeddable":true,"href":"https:\/\/www.hashtag.al\/index.php\/wp-json\/wp\/v2\/tags?post=668744"}],"curies":[{"name":"wp","href":"https:\/\/api.w.org\/{rel}","templated":true}]}}