{"id":668725,"date":"2024-04-18T19:11:42","date_gmt":"2024-04-18T17:11:42","guid":{"rendered":"https:\/\/www.hashtag.al\/?p=668725"},"modified":"2024-04-18T19:11:42","modified_gmt":"2024-04-18T17:11:42","slug":"kurti-vucic-u-trimerua-nga-mungesa-e-sanksioneve-kryemafioz-i-shtetit","status":"publish","type":"post","link":"https:\/\/www.hashtag.al\/index.php\/2024\/04\/18\/kurti-vucic-u-trimerua-nga-mungesa-e-sanksioneve-kryemafioz-i-shtetit\/","title":{"rendered":"Kurti: Vu\u00e7i\u00e7 u trim\u00ebrua nga mungesa e sanksioneve, kryemafioz i shtetit","gt_translate_keys":[{"key":"rendered","format":"text"}]},"content":{"rendered":"<p style=\"text-align: left;\"><span style=\"color: #000000;\"><img loading=\"lazy\" decoding=\"async\" class=\"size-full wp-image-668726 aligncenter\" src=\"https:\/\/www.hashtag.al\/wp-content\/uploads\/2024\/04\/albin-kurti-2-e1711120774207-780x439-1-768x432-1.jpg\" alt=\"\" width=\"768\" height=\"432\" srcset=\"https:\/\/www.hashtag.al\/wp-content\/uploads\/2024\/04\/albin-kurti-2-e1711120774207-780x439-1-768x432-1.jpg 768w, https:\/\/www.hashtag.al\/wp-content\/uploads\/2024\/04\/albin-kurti-2-e1711120774207-780x439-1-768x432-1-300x169.jpg 300w\" sizes=\"auto, (max-width: 768px) 100vw, 768px\" \/>Kryeministri i Kosov\u00ebs, Albin Kurti ka th\u00ebn\u00eb se mungesa e sanksioneve ndaj Serbis\u00eb e ka trim\u00ebruar at\u00eb duke b\u00ebr\u00eb arrestime n\u00eb mas\u00eb ndaj qytetar\u00ebve kosovar\u00eb.<\/span><\/p>\n<p style=\"text-align: left;\"><span style=\"color: #000000;\">Kurti n\u00eb konferenc\u00eb p\u00ebr media pas mbledhjes s\u00eb qeveris\u00eb akuzoi Serbin\u00eb si shtet mafioz, derisa theksoi se kryemafiozi \u00ebsht\u00eb presidenti Aleksandar Vu\u00e7i\u00e7.<\/span><\/p>\n<p style=\"text-align: left;\"><span style=\"color: #000000;\">Nd\u00ebrkaq, ministri i Pun\u00ebve t\u00eb Brendshme, Xhelal Sve\u00e7la, tha se rreth 1500 qytetar\u00eb kosovar\u00eb dje jan\u00eb ndaluar dhe dhunuar nga autoritetet serbe.<\/span><\/p>\n<p style=\"text-align: left;\"><span style=\"color: #000000;\">Sve\u00e7la tha se ky veprim i Serbis\u00eb p\u00ebrb\u00ebn\u00eb k\u00ebrc\u00ebnim p\u00ebr sigurin\u00eb n\u00eb rajon dhe \u00ebsht\u00eb nj\u00eb precedet\u00eb i rreziksh\u00ebm.<\/span><\/p>\n","protected":false,"gt_translate_keys":[{"key":"rendered","format":"html"}]},"excerpt":{"rendered":"<p>Kryeministri i Kosov\u00ebs, Albin Kurti ka th\u00ebn\u00eb se mungesa e sanksioneve ndaj Serbis\u00eb e ka trim\u00ebruar at\u00eb duke b\u00ebr\u00eb arrestime n\u00eb mas\u00eb ndaj qytetar\u00ebve kosovar\u00eb. Kurti n\u00eb konferenc\u00eb p\u00ebr media pas mbledhjes s\u00eb qeveris\u00eb akuzoi Serbin\u00eb si shtet mafioz, derisa theksoi se kryemafiozi \u00ebsht\u00eb presidenti Aleksandar Vu\u00e7i\u00e7. Nd\u00ebrkaq, ministri i Pun\u00ebve t\u00eb Brendshme, Xhelal Sve\u00e7la, [&hellip;]<\/p>\n","protected":false,"gt_translate_keys":[{"key":"rendered","format":"html"}]},"author":4,"featured_media":668726,"comment_status":"closed","ping_status":"open","sticky":false,"template":"","format":"standard","meta":{"footnotes":""},"categories":[149],"tags":[],"class_list":["post-668725","post","type-post","status-publish","format-standard","has-post-thumbnail","hentry","category-kosoverajon"],"gt_translate_keys":[{"key":"link","format":"url"}],"_links":{"self":[{"href":"https:\/\/www.hashtag.al\/index.php\/wp-json\/wp\/v2\/posts\/668725","targetHints":{"allow":["GET"]}}],"collection":[{"href":"https:\/\/www.hashtag.al\/index.php\/wp-json\/wp\/v2\/posts"}],"about":[{"href":"https:\/\/www.hashtag.al\/index.php\/wp-json\/wp\/v2\/types\/post"}],"author":[{"embeddable":true,"href":"https:\/\/www.hashtag.al\/index.php\/wp-json\/wp\/v2\/users\/4"}],"replies":[{"embeddable":true,"href":"https:\/\/www.hashtag.al\/index.php\/wp-json\/wp\/v2\/comments?post=668725"}],"version-history":[{"count":0,"href":"https:\/\/www.hashtag.al\/index.php\/wp-json\/wp\/v2\/posts\/668725\/revisions"}],"wp:featuredmedia":[{"embeddable":true,"href":"https:\/\/www.hashtag.al\/index.php\/wp-json\/wp\/v2\/media\/668726"}],"wp:attachment":[{"href":"https:\/\/www.hashtag.al\/index.php\/wp-json\/wp\/v2\/media?parent=668725"}],"wp:term":[{"taxonomy":"category","embeddable":true,"href":"https:\/\/www.hashtag.al\/index.php\/wp-json\/wp\/v2\/categories?post=668725"},{"taxonomy":"post_tag","embeddable":true,"href":"https:\/\/www.hashtag.al\/index.php\/wp-json\/wp\/v2\/tags?post=668725"}],"curies":[{"name":"wp","href":"https:\/\/api.w.org\/{rel}","templated":true}]}}