{"id":668656,"date":"2024-04-18T14:29:14","date_gmt":"2024-04-18T12:29:14","guid":{"rendered":"https:\/\/www.hashtag.al\/?p=668656"},"modified":"2024-04-18T14:29:14","modified_gmt":"2024-04-18T12:29:14","slug":"gjuha-e-ashper-e-metes-ndaj-dumanit-dhe-spak-ut-ambasadori-i-be-se-sulmet-ndaj-gjyqesorit-nuk-jane-te-denja-per-nje-demokraci","status":"publish","type":"post","link":"https:\/\/www.hashtag.al\/index.php\/2024\/04\/18\/gjuha-e-ashper-e-metes-ndaj-dumanit-dhe-spak-ut-ambasadori-i-be-se-sulmet-ndaj-gjyqesorit-nuk-jane-te-denja-per-nje-demokraci\/","title":{"rendered":"Gjuha e ashp\u00ebr e Met\u00ebs ndaj Dumanit dhe SPAK-ut, ambasadori i BE-s\u00eb: Sulmet ndaj gjyq\u00ebsorit nuk jan\u00eb t\u00eb denja p\u00ebr nj\u00eb demokraci","gt_translate_keys":[{"key":"rendered","format":"text"}]},"content":{"rendered":"<p><img loading=\"lazy\" decoding=\"async\" class=\"size-full wp-image-668657 aligncenter\" src=\"https:\/\/www.hashtag.al\/wp-content\/uploads\/2024\/04\/1701954071_silviogonzato.jpeg\" alt=\"\" width=\"780\" height=\"440\" srcset=\"https:\/\/www.hashtag.al\/wp-content\/uploads\/2024\/04\/1701954071_silviogonzato.jpeg 780w, https:\/\/www.hashtag.al\/wp-content\/uploads\/2024\/04\/1701954071_silviogonzato-300x169.jpeg 300w, https:\/\/www.hashtag.al\/wp-content\/uploads\/2024\/04\/1701954071_silviogonzato-768x433.jpeg 768w\" sizes=\"auto, (max-width: 780px) 100vw, 780px\" \/><\/p>\n<p><span style=\"font-weight: 400; color: #000000;\">Ambasadori i BE n\u00eb Tiran\u00eb, Silvio Gonzato ka reaguar n\u00eb lidhje me sulmet e kreut t\u00eb PL Ilir Meta ndaj SPAK.<\/span><\/p>\n<p><span style=\"font-weight: 400; color: #000000;\">Ai theksoi se sulmet apo intimidimet kund\u00ebr an\u00ebtar\u00ebve t\u00eb gjyq\u00ebsorit nuk kan\u00eb vend n\u00eb nj\u00eb vend demokrat.<\/span><\/p>\n<p><span style=\"color: #000000;\"><i><span style=\"font-weight: 400;\">\u201cSulmet apo intimidimet kund\u00ebr an\u00ebtar\u00ebve t\u00eb gjyq\u00ebsorit nuk kan\u00eb vend n\u00eb demokraci. Ne mb\u00ebshtesim d\u00ebnimin e K\u00ebshillit t\u00eb Lart\u00eb t\u00eb Prokuroris\u00eb t\u00eb deklaratave t\u00eb fundit t\u00eb papranueshme publike t\u00eb drejtuara kund\u00ebr SPAK. Bashkimi Evropian q\u00ebndron pran\u00eb magjistrat\u00ebve dhe profesionist\u00ebve shqiptar\u00eb t\u00eb angazhuar n\u00eb luft\u00ebn kund\u00ebr korrupsionit dhe krimit t\u00eb organizuar\u201d, tha Gonzato.<\/span><\/i><\/span><\/p>\n<p><span style=\"font-weight: 400; color: #000000;\">I pranish\u00ebm ne Vlor\u00eb ne aktivitetin \u201cGarancia rinore\u201d , me t\u00eb rinjt\u00eb, ambasadori i BE nuk ka l\u00ebshuar deklarata te tjera duke k\u00ebrkuar t\u00eb fokusohet thjesht tek aktiviteti i zhvilluar n\u00eb ambientet e shkoll\u00ebs profesionale, industriale\u201d Pavar\u00ebsia\u201d.<\/span><\/p>\n<p><span style=\"font-weight: 400; color: #000000;\">Kujtojm\u00eb se kreu i PL Ilir Meta ka ashp\u00ebrsuar gjuh\u00ebn ndaj Prokuroris\u00eb s\u00eb P\u00ebrgjithshme dhe kreut t\u00eb SPAK Altin Dumani, t\u00eb cilin e ka akuzuar p\u00ebr bashk\u00ebpunim me kryeministrin Edi Rama.<\/span><\/p>\n","protected":false,"gt_translate_keys":[{"key":"rendered","format":"html"}]},"excerpt":{"rendered":"<p>Ambasadori i BE n\u00eb Tiran\u00eb, Silvio Gonzato ka reaguar n\u00eb lidhje me sulmet e kreut t\u00eb PL Ilir Meta ndaj SPAK. Ai theksoi se sulmet apo intimidimet kund\u00ebr an\u00ebtar\u00ebve t\u00eb gjyq\u00ebsorit nuk kan\u00eb vend n\u00eb nj\u00eb vend demokrat. \u201cSulmet apo intimidimet kund\u00ebr an\u00ebtar\u00ebve t\u00eb gjyq\u00ebsorit nuk kan\u00eb vend n\u00eb demokraci. Ne mb\u00ebshtesim d\u00ebnimin e K\u00ebshillit [&hellip;]<\/p>\n","protected":false,"gt_translate_keys":[{"key":"rendered","format":"html"}]},"author":4,"featured_media":668657,"comment_status":"closed","ping_status":"open","sticky":false,"template":"","format":"standard","meta":{"footnotes":""},"categories":[65],"tags":[],"class_list":["post-668656","post","type-post","status-publish","format-standard","has-post-thumbnail","hentry","category-lajme"],"gt_translate_keys":[{"key":"link","format":"url"}],"_links":{"self":[{"href":"https:\/\/www.hashtag.al\/index.php\/wp-json\/wp\/v2\/posts\/668656","targetHints":{"allow":["GET"]}}],"collection":[{"href":"https:\/\/www.hashtag.al\/index.php\/wp-json\/wp\/v2\/posts"}],"about":[{"href":"https:\/\/www.hashtag.al\/index.php\/wp-json\/wp\/v2\/types\/post"}],"author":[{"embeddable":true,"href":"https:\/\/www.hashtag.al\/index.php\/wp-json\/wp\/v2\/users\/4"}],"replies":[{"embeddable":true,"href":"https:\/\/www.hashtag.al\/index.php\/wp-json\/wp\/v2\/comments?post=668656"}],"version-history":[{"count":0,"href":"https:\/\/www.hashtag.al\/index.php\/wp-json\/wp\/v2\/posts\/668656\/revisions"}],"wp:featuredmedia":[{"embeddable":true,"href":"https:\/\/www.hashtag.al\/index.php\/wp-json\/wp\/v2\/media\/668657"}],"wp:attachment":[{"href":"https:\/\/www.hashtag.al\/index.php\/wp-json\/wp\/v2\/media?parent=668656"}],"wp:term":[{"taxonomy":"category","embeddable":true,"href":"https:\/\/www.hashtag.al\/index.php\/wp-json\/wp\/v2\/categories?post=668656"},{"taxonomy":"post_tag","embeddable":true,"href":"https:\/\/www.hashtag.al\/index.php\/wp-json\/wp\/v2\/tags?post=668656"}],"curies":[{"name":"wp","href":"https:\/\/api.w.org\/{rel}","templated":true}]}}