{"id":668491,"date":"2024-04-17T19:47:53","date_gmt":"2024-04-17T17:47:53","guid":{"rendered":"https:\/\/www.hashtag.al\/?p=668491"},"modified":"2024-04-17T19:56:01","modified_gmt":"2024-04-17T17:56:01","slug":"bardhi-shkarkon-agalliun-e-pampurin-pasi-mbeshteten-xhacken","status":"publish","type":"post","link":"https:\/\/www.hashtag.al\/index.php\/2024\/04\/17\/bardhi-shkarkon-agalliun-e-pampurin-pasi-mbeshteten-xhacken\/","title":{"rendered":"Bardhi shkarkon Agalliun e Pampurin pasi mb\u00ebshtet\u00ebn Xha\u00e7k\u00ebn","gt_translate_keys":[{"key":"rendered","format":"text"}]},"content":{"rendered":"<p style=\"text-align: left;\"><span style=\"color: #000000;\"><img loading=\"lazy\" decoding=\"async\" class=\"size-full wp-image-668493 aligncenter\" src=\"https:\/\/www.hashtag.al\/wp-content\/uploads\/2024\/04\/Screenshot-2024-04-17-195150.png\" alt=\"\" width=\"860\" height=\"495\" srcset=\"https:\/\/www.hashtag.al\/wp-content\/uploads\/2024\/04\/Screenshot-2024-04-17-195150.png 860w, https:\/\/www.hashtag.al\/wp-content\/uploads\/2024\/04\/Screenshot-2024-04-17-195150-300x173.png 300w, https:\/\/www.hashtag.al\/wp-content\/uploads\/2024\/04\/Screenshot-2024-04-17-195150-768x442.png 768w, https:\/\/www.hashtag.al\/wp-content\/uploads\/2024\/04\/Screenshot-2024-04-17-195150-250x145.png 250w\" sizes=\"auto, (max-width: 860px) 100vw, 860px\" \/><\/span><\/p>\n<p style=\"text-align: left;\"><span style=\"color: #000000;\">Gjat\u00eb mbledhjes s\u00eb Grupit parlamentar t\u00eb PD, e zhvilluar sot me dyer t\u00eb mbyllura \u00ebsht\u00eb zbuluar se kryetari i grupit, Gazment Bardhi ka d\u00ebnuar veprimet e deputet\u00ebve demokrat\u00eb Arbi Agalliu dhe Orjola Pampuri.<\/span><\/p>\n<p style=\"text-align: left;\"><span style=\"color: #000000;\">Bardhi u shpreh se \u201camnistia dhe mb\u00ebshtetja q\u00eb i b\u00ebn\u00eb Olta Xha\u00e7k\u00ebs, i b\u00ebn automatikisht t\u00eb shkarkuar nga pozicionet q\u00eb mbajn\u00eb n\u00eb grup\u201d.<\/span><\/p>\n<p style=\"text-align: left;\"><span style=\"color: #000000;\">Ai theksoi se \u00ebsht\u00eb e papranueshme q\u00eb po duan t\u00eb varrosin \u00e7\u00ebshtjen ashtu si Edi Rama, nd\u00ebrsa shtoi se edhe pse ka pasur respekt kjo \u00ebsht\u00eb nj\u00eb vij\u00eb e kuqe.<\/span><\/p>\n<p style=\"text-align: left;\"><span style=\"color: #000000;\"><strong>Gazment Bardhi:<\/strong>\u00a0<em>Amnistia dhe mb\u00ebshtetja q\u00eb Arbi Agalliu dhe Orjola Pampuri i b\u00ebn\u00eb Olta Xha\u00e7k\u00ebs, i b\u00ebn automatikisht t\u00eb shkarkuar nga pozicionet q\u00eb mbajn\u00eb n\u00eb grup. \u00cbsht\u00eb e papranueshme q\u00eb po duan ta varrosin at\u00eb \u00e7\u00ebshtje nj\u00eblloj si Edi Rama. Kam patur respekt, por kjo \u00ebsht\u00eb vij\u00eb e kuqe, jan\u00eb b\u00ebr\u00eb bashk\u00eb me Edi Ram\u00ebn p\u00ebr ti dh\u00ebn\u00eb pand\u00ebshkueshm\u00ebri Olta Xha\u00e7k\u00ebs. E papranueshme.<\/em><\/span><\/p>\n","protected":false,"gt_translate_keys":[{"key":"rendered","format":"html"}]},"excerpt":{"rendered":"<p>Gjat\u00eb mbledhjes s\u00eb Grupit parlamentar t\u00eb PD, e zhvilluar sot me dyer t\u00eb mbyllura \u00ebsht\u00eb zbuluar se kryetari i grupit, Gazment Bardhi ka d\u00ebnuar veprimet e deputet\u00ebve demokrat\u00eb Arbi Agalliu dhe Orjola Pampuri. Bardhi u shpreh se \u201camnistia dhe mb\u00ebshtetja q\u00eb i b\u00ebn\u00eb Olta Xha\u00e7k\u00ebs, i b\u00ebn automatikisht t\u00eb shkarkuar nga pozicionet q\u00eb mbajn\u00eb n\u00eb [&hellip;]<\/p>\n","protected":false,"gt_translate_keys":[{"key":"rendered","format":"html"}]},"author":4,"featured_media":668493,"comment_status":"closed","ping_status":"open","sticky":false,"template":"","format":"standard","meta":{"footnotes":""},"categories":[65],"tags":[],"class_list":["post-668491","post","type-post","status-publish","format-standard","has-post-thumbnail","hentry","category-lajme"],"gt_translate_keys":[{"key":"link","format":"url"}],"_links":{"self":[{"href":"https:\/\/www.hashtag.al\/index.php\/wp-json\/wp\/v2\/posts\/668491","targetHints":{"allow":["GET"]}}],"collection":[{"href":"https:\/\/www.hashtag.al\/index.php\/wp-json\/wp\/v2\/posts"}],"about":[{"href":"https:\/\/www.hashtag.al\/index.php\/wp-json\/wp\/v2\/types\/post"}],"author":[{"embeddable":true,"href":"https:\/\/www.hashtag.al\/index.php\/wp-json\/wp\/v2\/users\/4"}],"replies":[{"embeddable":true,"href":"https:\/\/www.hashtag.al\/index.php\/wp-json\/wp\/v2\/comments?post=668491"}],"version-history":[{"count":0,"href":"https:\/\/www.hashtag.al\/index.php\/wp-json\/wp\/v2\/posts\/668491\/revisions"}],"wp:featuredmedia":[{"embeddable":true,"href":"https:\/\/www.hashtag.al\/index.php\/wp-json\/wp\/v2\/media\/668493"}],"wp:attachment":[{"href":"https:\/\/www.hashtag.al\/index.php\/wp-json\/wp\/v2\/media?parent=668491"}],"wp:term":[{"taxonomy":"category","embeddable":true,"href":"https:\/\/www.hashtag.al\/index.php\/wp-json\/wp\/v2\/categories?post=668491"},{"taxonomy":"post_tag","embeddable":true,"href":"https:\/\/www.hashtag.al\/index.php\/wp-json\/wp\/v2\/tags?post=668491"}],"curies":[{"name":"wp","href":"https:\/\/api.w.org\/{rel}","templated":true}]}}