{"id":668429,"date":"2024-04-17T15:58:49","date_gmt":"2024-04-17T13:58:49","guid":{"rendered":"https:\/\/www.hashtag.al\/?p=668429"},"modified":"2024-04-17T15:58:49","modified_gmt":"2024-04-17T13:58:49","slug":"nuk-jam-optimist-per-reformen-zgjedhore-celibashi-kuvendi-duhet-te-vendose-per-voten-e-emigranteve","status":"publish","type":"post","link":"https:\/\/www.hashtag.al\/index.php\/2024\/04\/17\/nuk-jam-optimist-per-reformen-zgjedhore-celibashi-kuvendi-duhet-te-vendose-per-voten-e-emigranteve\/","title":{"rendered":"\u201cNuk jam optimist p\u00ebr Reform\u00ebn Zgjedhore\u201d, Celibashi: Kuvendi duhet t\u00eb vendos\u00eb p\u00ebr vot\u00ebn e emigrant\u00ebve","gt_translate_keys":[{"key":"rendered","format":"text"}]},"content":{"rendered":"<p><span style=\"color: #000000;\"><a href=\"https:\/\/www.hashtag.al\/wp-content\/uploads\/2024\/04\/Screenshot-2024-04-17-151324.png\"><img loading=\"lazy\" decoding=\"async\" class=\"aligncenter size-full wp-image-668431\" src=\"https:\/\/www.hashtag.al\/wp-content\/uploads\/2024\/04\/Screenshot-2024-04-17-151324.png\" alt=\"\" width=\"791\" height=\"573\" srcset=\"https:\/\/www.hashtag.al\/wp-content\/uploads\/2024\/04\/Screenshot-2024-04-17-151324.png 791w, https:\/\/www.hashtag.al\/wp-content\/uploads\/2024\/04\/Screenshot-2024-04-17-151324-300x217.png 300w, https:\/\/www.hashtag.al\/wp-content\/uploads\/2024\/04\/Screenshot-2024-04-17-151324-768x556.png 768w\" sizes=\"auto, (max-width: 791px) 100vw, 791px\" \/><\/a><\/span><\/p>\n<p><span style=\"color: #000000;\">Kryetari i KQZ Ilirjan Celibashi, i ftuar n\u00eb rubrik\u00ebn \u201cOpinion\u201d n\u00eb News24 ka folur n\u00eb lidhje me zgjedhjet e 2025 dhe p\u00ebrgatitjet q\u00eb po b\u00ebhen p\u00ebr mir\u00eborganizimin e procesit.<\/span><\/p>\n<p><span style=\"color: #000000;\">Ai tha se n\u00eb Komisionin Qendror t\u00eb Zgjedhjeve\u00a0 po vijon puna dhe angazhimi maksimal.<\/span><\/p>\n<p><span style=\"color: #000000;\"><em>\u00a0\u201cN\u00eb lidhe me zgjedhjet e 2025, jemi n\u00eb nj\u00eb atmosfer\u00eb pune. Ngarkesa \u00ebsht\u00eb maksimale edhe sepse duket se jemi larg dit\u00ebs s\u00eb zgjedhjeve. Ka aspekte t\u00eb procesit zgjedhor q\u00eb duhet t\u00eb adresohen q\u00eb tani. Kjo periudh\u00eb ndaj na gjen n\u00eb t\u00ebr\u00ebsi KQZ t\u00eb angazhuar.<\/em><\/span><\/p>\n<p><span style=\"color: #000000;\"><em>Raporti i KQZ me t\u00eb tret\u00eb \u00ebsht\u00eb nj\u00eb \u00e7\u00ebshtje tjet\u00ebr\u201d,<\/em> tha ai.<\/span><\/p>\n<p><span style=\"color: #000000;\">Celibashi tha se ishte skeptik n\u00eb lidhje me p\u00ebrparimin p\u00ebr Reform\u00ebn Zgjedhore dhe arritjen e nj\u00eb gjuhe t\u00eb p\u00ebrbashk\u00ebt mes pal\u00ebve.<\/span><\/p>\n<p><span style=\"color: #000000;\">Ai tha se ve\u00e7 kalendarit nuk \u00ebsht\u00eb par\u00eb asnj\u00eb p\u00ebrparim t\u00eb duksh\u00ebm.<\/span><\/p>\n<p><span style=\"color: #000000;\">\u201c<em>Optimizmi duhet t\u00eb jet\u00eb i moderuar kur shohim q\u00eb progresi n\u00eb kuad\u00ebr t\u00eb Reform\u00ebs Zgjedhore \u00ebsht\u00eb zero. Komisioni e mbylli misionin pa asnj\u00eb rezultat. K\u00ebto rrethana t\u00eb b\u00ebjn\u00eb t\u00eb jesh skeptik p\u00ebr suksesin e mekanizmit t\u00eb ri q\u00eb partit\u00eb apo Kuvendi kan\u00eb adoptuar p\u00ebr t\u00eb zgjidhur Reform\u00ebn Zgjedhore. Duket se ka nj\u00eb lloj veprimi por ende nj\u00eb rezultat. Fakti \u00ebsht\u00eb q\u00eb ve\u00e7 kalendarit nuk kemi ende asgj\u00eb konkrete<\/em>\u201d, tha ai.<\/span><\/p>\n<p><span style=\"color: #000000;\">Celibashi foli edhe n\u00eb lidhje me vot\u00ebn e diaspor\u00ebs, p\u00ebr t\u00eb cil\u00ebn tha se duhet t\u00eb miratohen menj\u00ebher\u00eb rregullat ose ndryshe rrezikohet d\u00ebshtimi i procesit.<\/span><\/p>\n<p><span style=\"color: #000000;\">Kreu i KQZ shtoi se gjith\u00e7ka duhet t\u00eb miratohet para mbylljes s\u00eb sesionit t\u00eb Kuvendit pasi n\u00ebse do t\u00eb shkohet deri n\u00eb shtator, do t\u00eb jet\u00eb von\u00eb p\u00ebr t\u00eb p\u00ebrgatitur gjith\u00e7ka.<\/span><\/p>\n<p><span style=\"color: #000000;\"><em>\u201cKuvendi duhet t\u00eb vendos\u00eb p\u00ebr vot\u00ebn e emigrant\u00ebve, t\u00eb diaspor\u00ebs. \u00c7do dit\u00eb q\u00eb kalon edhe n\u00ebse do t\u00eb kemi nj\u00eb proces t\u00eb realizuar n\u00eb kuadrin rregullator, vihet n\u00eb rrezik aplikimi dhe d\u00ebshtimi i procesit n\u00eb k\u00ebt\u00eb kuad\u00ebr. Alertimi i p\u00ebrs\u00ebritur shpresoj t\u00eb mos e konsiderojn\u00eb si nj\u00eb justifikim p\u00ebr nj\u00eb d\u00ebshtim t\u00eb mundsh\u00ebm t\u00eb votimit nga jasht\u00eb. Natyra e procesit k\u00ebrkon q\u00eb rregullat t\u00eb miratohen sa m\u00eb shpejt t\u00eb jet\u00eb e mundur ndryshe nuk do t\u00eb kemi koh\u00eb t\u00eb zbatojm\u00eb k\u00ebt\u00eb proces. Po humbim dit\u00eb t\u00eb r\u00ebnd\u00ebsishme. Numri i atyre q\u00eb pres t\u00eb votojn\u00eb jasht\u00eb territorit nuk besoj se do t\u00eb jet\u00eb rreth 1 mln. Ndaj shoh q\u00eb koh\u00eb kemi mjaftuesh\u00ebm n\u00ebse nuk humbim koh\u00eb. Duhet t\u00eb miratohet brenda sesionit t\u00eb Kuvendit. N\u00ebse shtyhet p\u00ebr n\u00eb shtator do t\u00eb jemi si n\u00eb kushtet e zgjedhjeve t\u00eb kaluara\u201d,<\/em> tha ai.<\/span><\/p>\n","protected":false,"gt_translate_keys":[{"key":"rendered","format":"html"}]},"excerpt":{"rendered":"<p>Kryetari i KQZ Ilirjan Celibashi, i ftuar n\u00eb rubrik\u00ebn \u201cOpinion\u201d n\u00eb News24 ka folur n\u00eb lidhje me zgjedhjet e 2025 dhe p\u00ebrgatitjet q\u00eb po b\u00ebhen p\u00ebr mir\u00eborganizimin e procesit. Ai tha se n\u00eb Komisionin Qendror t\u00eb Zgjedhjeve\u00a0 po vijon puna dhe angazhimi maksimal. \u00a0\u201cN\u00eb lidhe me zgjedhjet e 2025, jemi n\u00eb nj\u00eb atmosfer\u00eb pune. Ngarkesa [&hellip;]<\/p>\n","protected":false,"gt_translate_keys":[{"key":"rendered","format":"html"}]},"author":32,"featured_media":668431,"comment_status":"closed","ping_status":"open","sticky":false,"template":"","format":"standard","meta":{"footnotes":""},"categories":[65],"tags":[],"class_list":["post-668429","post","type-post","status-publish","format-standard","has-post-thumbnail","hentry","category-lajme"],"gt_translate_keys":[{"key":"link","format":"url"}],"_links":{"self":[{"href":"https:\/\/www.hashtag.al\/index.php\/wp-json\/wp\/v2\/posts\/668429","targetHints":{"allow":["GET"]}}],"collection":[{"href":"https:\/\/www.hashtag.al\/index.php\/wp-json\/wp\/v2\/posts"}],"about":[{"href":"https:\/\/www.hashtag.al\/index.php\/wp-json\/wp\/v2\/types\/post"}],"author":[{"embeddable":true,"href":"https:\/\/www.hashtag.al\/index.php\/wp-json\/wp\/v2\/users\/32"}],"replies":[{"embeddable":true,"href":"https:\/\/www.hashtag.al\/index.php\/wp-json\/wp\/v2\/comments?post=668429"}],"version-history":[{"count":0,"href":"https:\/\/www.hashtag.al\/index.php\/wp-json\/wp\/v2\/posts\/668429\/revisions"}],"wp:featuredmedia":[{"embeddable":true,"href":"https:\/\/www.hashtag.al\/index.php\/wp-json\/wp\/v2\/media\/668431"}],"wp:attachment":[{"href":"https:\/\/www.hashtag.al\/index.php\/wp-json\/wp\/v2\/media?parent=668429"}],"wp:term":[{"taxonomy":"category","embeddable":true,"href":"https:\/\/www.hashtag.al\/index.php\/wp-json\/wp\/v2\/categories?post=668429"},{"taxonomy":"post_tag","embeddable":true,"href":"https:\/\/www.hashtag.al\/index.php\/wp-json\/wp\/v2\/tags?post=668429"}],"curies":[{"name":"wp","href":"https:\/\/api.w.org\/{rel}","templated":true}]}}