{"id":668307,"date":"2024-04-17T10:26:16","date_gmt":"2024-04-17T08:26:16","guid":{"rendered":"https:\/\/www.hashtag.al\/?p=668307"},"modified":"2024-04-17T10:26:16","modified_gmt":"2024-04-17T08:26:16","slug":"kosova-ne-dite-zie-per-vrasjen-e-dy-grave-flamujt-ulen-ne-gjysmeshtize","status":"publish","type":"post","link":"https:\/\/www.hashtag.al\/index.php\/2024\/04\/17\/kosova-ne-dite-zie-per-vrasjen-e-dy-grave-flamujt-ulen-ne-gjysmeshtize\/","title":{"rendered":"Kosova n\u00eb dit\u00eb zie p\u00ebr vrasjen e dy grave, flamujt ulen n\u00eb gjysm\u00ebshtiz\u00eb","gt_translate_keys":[{"key":"rendered","format":"text"}]},"content":{"rendered":"<p><span style=\"font-weight: 400; color: #000000;\"><img loading=\"lazy\" decoding=\"async\" class=\"alignnone size-full wp-image-668309\" src=\"https:\/\/www.hashtag.al\/wp-content\/uploads\/2024\/04\/zi-ne-kosove-1024x666-1.jpg\" alt=\"\" width=\"1024\" height=\"666\" srcset=\"https:\/\/www.hashtag.al\/wp-content\/uploads\/2024\/04\/zi-ne-kosove-1024x666-1.jpg 1024w, https:\/\/www.hashtag.al\/wp-content\/uploads\/2024\/04\/zi-ne-kosove-1024x666-1-300x195.jpg 300w, https:\/\/www.hashtag.al\/wp-content\/uploads\/2024\/04\/zi-ne-kosove-1024x666-1-768x500.jpg 768w\" sizes=\"auto, (max-width: 1024px) 100vw, 1024px\" \/>Kosova \u00ebsht\u00eb sot n\u00eb zi p\u00ebr vrasjen e dy grave brenda pak dit\u00ebve. T\u00eb gjith\u00eb flamujt n\u00eb institucionet shtet\u00ebrore jan\u00eb ulur n\u00eb gjysm\u00ebshtiz\u00eb.<\/span><\/p>\n<p><span style=\"font-weight: 400; color: #000000;\">Vendimi p\u00ebr shpalljen e t\u00eb m\u00ebrkur\u00ebs dit\u00eb zie u mor nj\u00eb dit\u00eb m\u00eb par\u00eb nga Presidentja e Kosov\u00ebs, Vjosa Osmani.<\/span><\/p>\n<p><span style=\"color: #000000;\"><i><span style=\"font-weight: 400;\">\u201cDo t\u00eb jet\u00eb dit\u00eb zie shtet\u00ebrore n\u00eb Kosov\u00eb, por shoq\u00ebria jon\u00eb do t\u00eb jet\u00eb n\u00eb zi \u00e7do dit\u00eb p\u00ebrderisa t\u00eb ket\u00eb vrasje t\u00eb grave dhe vajzave tona\u201d,<\/span><\/i><span style=\"font-weight: 400;\"> thuhet n\u00eb njoftim.<\/span><\/span><\/p>\n<p><span style=\"font-weight: 400; color: #000000;\">M\u00eb 16 prill nj\u00eb grua u vra nga bashk\u00ebshorti i saj n\u00eb Pej\u00eb, i cili u arrestua. Nd\u00ebrkoh\u00eb, m\u00eb 12 prill u vra nj\u00eb grua 21-vje\u00e7are brenda zyr\u00ebs s\u00eb Qendr\u00ebs p\u00ebr Pun\u00eb Sociale n\u00eb qytetin juglindor t\u00eb vendit, Ferizaj, nd\u00ebrsa u plagos edhe v\u00ebllai i saj 15-vje\u00e7ar. Ish-bashk\u00ebshorti i saj \u00ebsht\u00eb arrestuar si i dyshuar p\u00ebr vrasjen.<\/span><\/p>\n<p><span style=\"font-weight: 400; color: #000000;\">Nga viti 2010 n\u00eb Kosov\u00eb jan\u00eb vrar\u00eb 57 gra, sipas t\u00eb dh\u00ebnave t\u00eb Policis\u00eb s\u00eb Kosov\u00ebs.<\/span><\/p>\n","protected":false,"gt_translate_keys":[{"key":"rendered","format":"html"}]},"excerpt":{"rendered":"<p>Kosova \u00ebsht\u00eb sot n\u00eb zi p\u00ebr vrasjen e dy grave brenda pak dit\u00ebve. T\u00eb gjith\u00eb flamujt n\u00eb institucionet shtet\u00ebrore jan\u00eb ulur n\u00eb gjysm\u00ebshtiz\u00eb. Vendimi p\u00ebr shpalljen e t\u00eb m\u00ebrkur\u00ebs dit\u00eb zie u mor nj\u00eb dit\u00eb m\u00eb par\u00eb nga Presidentja e Kosov\u00ebs, Vjosa Osmani. \u201cDo t\u00eb jet\u00eb dit\u00eb zie shtet\u00ebrore n\u00eb Kosov\u00eb, por shoq\u00ebria jon\u00eb do [&hellip;]<\/p>\n","protected":false,"gt_translate_keys":[{"key":"rendered","format":"html"}]},"author":4,"featured_media":668309,"comment_status":"closed","ping_status":"open","sticky":false,"template":"","format":"standard","meta":{"footnotes":""},"categories":[149],"tags":[],"class_list":["post-668307","post","type-post","status-publish","format-standard","has-post-thumbnail","hentry","category-kosoverajon"],"gt_translate_keys":[{"key":"link","format":"url"}],"_links":{"self":[{"href":"https:\/\/www.hashtag.al\/index.php\/wp-json\/wp\/v2\/posts\/668307","targetHints":{"allow":["GET"]}}],"collection":[{"href":"https:\/\/www.hashtag.al\/index.php\/wp-json\/wp\/v2\/posts"}],"about":[{"href":"https:\/\/www.hashtag.al\/index.php\/wp-json\/wp\/v2\/types\/post"}],"author":[{"embeddable":true,"href":"https:\/\/www.hashtag.al\/index.php\/wp-json\/wp\/v2\/users\/4"}],"replies":[{"embeddable":true,"href":"https:\/\/www.hashtag.al\/index.php\/wp-json\/wp\/v2\/comments?post=668307"}],"version-history":[{"count":0,"href":"https:\/\/www.hashtag.al\/index.php\/wp-json\/wp\/v2\/posts\/668307\/revisions"}],"wp:featuredmedia":[{"embeddable":true,"href":"https:\/\/www.hashtag.al\/index.php\/wp-json\/wp\/v2\/media\/668309"}],"wp:attachment":[{"href":"https:\/\/www.hashtag.al\/index.php\/wp-json\/wp\/v2\/media?parent=668307"}],"wp:term":[{"taxonomy":"category","embeddable":true,"href":"https:\/\/www.hashtag.al\/index.php\/wp-json\/wp\/v2\/categories?post=668307"},{"taxonomy":"post_tag","embeddable":true,"href":"https:\/\/www.hashtag.al\/index.php\/wp-json\/wp\/v2\/tags?post=668307"}],"curies":[{"name":"wp","href":"https:\/\/api.w.org\/{rel}","templated":true}]}}