{"id":668248,"date":"2024-04-16T22:28:37","date_gmt":"2024-04-16T20:28:37","guid":{"rendered":"https:\/\/www.hashtag.al\/?p=668248"},"modified":"2024-04-16T22:31:30","modified_gmt":"2024-04-16T20:31:30","slug":"dora-bakoyannis-mikja-e-kosoves-qe-bindi-asamblene-per-anetaresimin-ne-kie","status":"publish","type":"post","link":"https:\/\/www.hashtag.al\/index.php\/2024\/04\/16\/dora-bakoyannis-mikja-e-kosoves-qe-bindi-asamblene-per-anetaresimin-ne-kie\/","title":{"rendered":"Dora Bakoyannis, mikja e Kosov\u00ebs q\u00eb bindi Asamblen\u00eb p\u00ebr an\u00ebtar\u00ebsimin n\u00eb KiE","gt_translate_keys":[{"key":"rendered","format":"text"}]},"content":{"rendered":"<p><span style=\"color: #000000;\"><a style=\"color: #000000;\" href=\"https:\/\/www.hashtag.al\/wp-content\/uploads\/2024\/04\/dora-bakoyannis.png\"><img loading=\"lazy\" decoding=\"async\" class=\"aligncenter size-full wp-image-668249\" src=\"https:\/\/www.hashtag.al\/wp-content\/uploads\/2024\/04\/dora-bakoyannis.png\" alt=\"\" width=\"1159\" height=\"694\" srcset=\"https:\/\/www.hashtag.al\/wp-content\/uploads\/2024\/04\/dora-bakoyannis.png 1159w, https:\/\/www.hashtag.al\/wp-content\/uploads\/2024\/04\/dora-bakoyannis-300x180.png 300w, https:\/\/www.hashtag.al\/wp-content\/uploads\/2024\/04\/dora-bakoyannis-1024x613.png 1024w, https:\/\/www.hashtag.al\/wp-content\/uploads\/2024\/04\/dora-bakoyannis-768x460.png 768w\" sizes=\"auto, (max-width: 1159px) 100vw, 1159px\" \/><\/a><\/span><\/p>\n<p><span style=\"color: #000000;\">Dit\u00ebn e sotme, Kosova mori drit\u00ebn jeshile nga Asambleja Parlamentare e K\u00ebshillit t\u00eb Europ\u00ebs duke dh\u00ebn\u00eb hapin e parafundit p\u00ebr an\u00ebtar\u00ebsimin e plot\u00eb n\u00eb k\u00ebt\u00eb organiz\u00ebm q\u00eb shihet i r\u00ebnd\u00ebsish\u00ebm p\u00ebr nd\u00ebrkomb\u00ebtarizimin e shtetit.<\/span><\/p>\n<p><span style=\"color: #000000;\">Duket se caktimi i Dora Bakoyannis si raportuese p\u00ebr an\u00ebtar\u00ebsimin e Kosov\u00ebs n\u00eb KiE nj\u00eb vit m\u00eb par\u00eb q\u00eblloi nj\u00eb ogur i mir\u00eb.<\/span><\/p>\n<p><span style=\"color: #000000;\">Detyra e Bakoyannis ishte t\u00eb b\u00ebnte raportin, i cili shkoi n\u00eb seanc\u00ebn plenare pasi mori raportin nga dy jurist\u00ebt eminent\u00eb e caktuar.<\/span><\/p>\n<p><span style=\"color: #000000;\">Duket se raporti i Bakoyannis bindi an\u00ebtar\u00ebt e Asambles\u00eb t\u00eb cil\u00ebt votuan pozitivisht p\u00ebr an\u00ebtar\u00ebsimin e Kosov\u00ebs dhe p\u00ebr t\u00eb p\u00ebrmbyllur hapin q\u00eb konsiderohet i r\u00ebnd\u00ebsish\u00ebm para se t\u00eb votojn\u00eb Ministrat dhe t\u00eb p\u00ebrmbyllet plot\u00ebsisht an\u00ebtar\u00ebsimi n\u00eb KiE.<\/span><\/p>\n<p><span style=\"color: #000000;\">Si raportuese p\u00ebr an\u00ebtar\u00ebsimin e Kosov\u00ebs n\u00eb K\u00ebshillin e Europ\u00ebs, ajo ka luajtur nj\u00eb rol t\u00eb r\u00ebnd\u00ebsish\u00ebm n\u00eb p\u00ebrcaktimin dhe promovimin e vlerave demokratike dhe t\u00eb drejtave t\u00eb njeriut n\u00eb rajon.<\/span><\/p>\n<p><span style=\"color: #000000;\">N\u00eb rolin e saj si mb\u00ebshtet\u00ebse e an\u00ebtar\u00ebsimit t\u00eb Kosov\u00ebs n\u00eb K\u00ebshillin e Europ\u00ebs, Bakoyannis ka paraqitur argumente t\u00eb forta p\u00ebr p\u00ebrmbushjen e kritereve dhe standardeve t\u00eb nevojshme p\u00ebr an\u00ebtar\u00ebsim n\u00eb k\u00ebt\u00eb organizat\u00eb nd\u00ebrkomb\u00ebtare.<\/span><\/p>\n<p><span style=\"color: #000000;\">Nga 171 delegat\u00ebt q\u00eb mor\u00ebn pjes\u00eb n\u00eb votim, 131 votuan p\u00ebr, 29 kund\u00ebr dhe 11 abstenuan.<\/span><\/p>\n<p><span style=\"color: #000000;\">N\u00eb Asamble, Dora Bakoyannis, e cil\u00ebsoi Kosov\u00ebn nj\u00eb demokraci funksionale parlamentare me garanci t\u00eb forta p\u00ebr pavar\u00ebsin\u00eb e gjyq\u00ebsorit dhe t\u00eb drejta themelore t\u00eb njeriut.<\/span><\/p>\n<p><span style=\"color: #000000;\"><strong>Kush \u00ebsht\u00eb Dora Bakoyannis<\/strong><\/span><\/p>\n<p><span style=\"color: #000000;\">Theodora Bakoyannis \u00ebsht\u00eb deputete nga Greqia dhe n\u00eb K\u00ebshillin e Evrop\u00ebs \u00ebsht\u00eb pjes\u00eb e grupit politik EPP (Partia Popullore Evropiane).<\/span><\/p>\n<p><span style=\"color: #000000;\">Bakoyannis gjat\u00eb vitit 1992-93 kishte qen\u00eb ministre e Kultur\u00ebs.<\/span><\/p>\n<p><span style=\"color: #000000;\">Gjithashtu ajo ishte kryetarja e par\u00eb grua e komun\u00ebs s\u00eb Athin\u00ebs.<\/span><\/p>\n<p><span style=\"color: #000000;\">Po ashtu, ajo ishte gruaja e par\u00eb q\u00eb u em\u00ebruar si ministre e Jashtme e Greqis\u00eb, q\u00eb ishte posti m\u00eb i lart\u00eb i mbajtur ndonj\u00ebher\u00eb n\u00eb Greqi nga nj\u00eb grua.<\/span><\/p>\n<p><span style=\"color: #000000;\">Bakoyannis ka qen\u00eb ministrja e cila n\u00ebnshkroi n\u00eb vitin 2009 marr\u00ebveshjen e detit me Shqip\u00ebrin\u00eb q\u00eb u rr\u00ebzua m\u00eb pas nga Gjykata Kushtetuese shqiptare.<\/span><\/p>\n","protected":false,"gt_translate_keys":[{"key":"rendered","format":"html"}]},"excerpt":{"rendered":"<p>Dit\u00ebn e sotme, Kosova mori drit\u00ebn jeshile nga Asambleja Parlamentare e K\u00ebshillit t\u00eb Europ\u00ebs duke dh\u00ebn\u00eb hapin e parafundit p\u00ebr an\u00ebtar\u00ebsimin e plot\u00eb n\u00eb k\u00ebt\u00eb organiz\u00ebm q\u00eb shihet i r\u00ebnd\u00ebsish\u00ebm p\u00ebr nd\u00ebrkomb\u00ebtarizimin e shtetit. Duket se caktimi i Dora Bakoyannis si raportuese p\u00ebr an\u00ebtar\u00ebsimin e Kosov\u00ebs n\u00eb KiE nj\u00eb vit m\u00eb par\u00eb q\u00eblloi nj\u00eb ogur [&hellip;]<\/p>\n","protected":false,"gt_translate_keys":[{"key":"rendered","format":"html"}]},"author":32,"featured_media":668249,"comment_status":"closed","ping_status":"open","sticky":false,"template":"","format":"standard","meta":{"footnotes":""},"categories":[22,13],"tags":[],"class_list":["post-668248","post","type-post","status-publish","format-standard","has-post-thumbnail","hentry","category-ballina","category-te-fundit"],"gt_translate_keys":[{"key":"link","format":"url"}],"_links":{"self":[{"href":"https:\/\/www.hashtag.al\/index.php\/wp-json\/wp\/v2\/posts\/668248","targetHints":{"allow":["GET"]}}],"collection":[{"href":"https:\/\/www.hashtag.al\/index.php\/wp-json\/wp\/v2\/posts"}],"about":[{"href":"https:\/\/www.hashtag.al\/index.php\/wp-json\/wp\/v2\/types\/post"}],"author":[{"embeddable":true,"href":"https:\/\/www.hashtag.al\/index.php\/wp-json\/wp\/v2\/users\/32"}],"replies":[{"embeddable":true,"href":"https:\/\/www.hashtag.al\/index.php\/wp-json\/wp\/v2\/comments?post=668248"}],"version-history":[{"count":0,"href":"https:\/\/www.hashtag.al\/index.php\/wp-json\/wp\/v2\/posts\/668248\/revisions"}],"wp:featuredmedia":[{"embeddable":true,"href":"https:\/\/www.hashtag.al\/index.php\/wp-json\/wp\/v2\/media\/668249"}],"wp:attachment":[{"href":"https:\/\/www.hashtag.al\/index.php\/wp-json\/wp\/v2\/media?parent=668248"}],"wp:term":[{"taxonomy":"category","embeddable":true,"href":"https:\/\/www.hashtag.al\/index.php\/wp-json\/wp\/v2\/categories?post=668248"},{"taxonomy":"post_tag","embeddable":true,"href":"https:\/\/www.hashtag.al\/index.php\/wp-json\/wp\/v2\/tags?post=668248"}],"curies":[{"name":"wp","href":"https:\/\/api.w.org\/{rel}","templated":true}]}}