{"id":667940,"date":"2024-04-15T14:57:32","date_gmt":"2024-04-15T12:57:32","guid":{"rendered":"https:\/\/www.hashtag.al\/?p=667940"},"modified":"2024-04-15T14:57:39","modified_gmt":"2024-04-15T12:57:39","slug":"meta-pl-ja-nuk-mund-te-jete-nje-force-me-dy-shofere-ftoj-kedo-te-kandidoje","status":"publish","type":"post","link":"https:\/\/www.hashtag.al\/index.php\/2024\/04\/15\/meta-pl-ja-nuk-mund-te-jete-nje-force-me-dy-shofere-ftoj-kedo-te-kandidoje\/","title":{"rendered":"Meta: PL-ja nuk mund t\u00eb jet\u00eb nj\u00eb forc\u00eb me dy shofer\u00eb, ftoj k\u00ebdo t\u00eb kandidoj\u00eb","gt_translate_keys":[{"key":"rendered","format":"text"}]},"content":{"rendered":"<p><span style=\"color: #000000;\"><a href=\"https:\/\/www.hashtag.al\/wp-content\/uploads\/2024\/04\/Screenshot-2024-04-15-145555.png\"><img loading=\"lazy\" decoding=\"async\" class=\"aligncenter size-full wp-image-667941\" src=\"https:\/\/www.hashtag.al\/wp-content\/uploads\/2024\/04\/Screenshot-2024-04-15-145555.png\" alt=\"\" width=\"708\" height=\"333\" srcset=\"https:\/\/www.hashtag.al\/wp-content\/uploads\/2024\/04\/Screenshot-2024-04-15-145555.png 708w, https:\/\/www.hashtag.al\/wp-content\/uploads\/2024\/04\/Screenshot-2024-04-15-145555-300x141.png 300w\" sizes=\"auto, (max-width: 708px) 100vw, 708px\" \/><\/a><\/span><\/p>\n<p><span style=\"color: #000000;\">N\u00eb fjal\u00ebn e tij para mbledhjes s\u00eb Kryesis\u00eb, Meta tha se ka ardhur koha q\u00eb t\u00eb nd\u00ebrtohet nj\u00eb parti me baza t\u00eb reja, ku do t\u2019i jepet fund nepotzimit.<\/span><\/p>\n<p><span style=\"color: #000000;\"><em>&#8220;Statuti do e nd\u00ebrtoj\u00eb k\u00ebt\u00eb parti me baza t\u00eb reja duke i th\u00ebn\u00eb fund nepotizmit, duke i th\u00ebn\u00eb dhun\u00eb mosmbajtjes s\u00eb p\u00ebrgjegj\u00ebsive, kakofonis\u00eb n\u00eb drejtim dhe l\u00ebnies hap\u00ebsir\u00eb p\u00ebr alibi e shfaj\u00ebsime p\u00ebr ata q\u00eb nuk p\u00ebrmbushin detyrimet e tyre&#8221;,<\/em> tha Meta.<\/span><\/p>\n<p><span style=\"color: #000000;\">Nuk p\u00ebrmend emra, por Meta thot\u00eb se Partia e Liris\u00eb nuk mund t\u00eb ket\u00eb dy drejtues.<\/span><\/p>\n<p><span style=\"color: #000000;\">Meta i b\u00ebri thirrje kujtdo q\u00eb d\u00ebshron t\u00eb drejtoj\u00eb Partin\u00eb e Liris\u00eb q\u00eb t\u00eb kandidoj\u00eb n\u00eb Konvent\u00ebn e 27 prillit.<\/span><\/p>\n<p><span style=\"color: #000000;\"><em>\u201cFtoj k\u00ebdo q\u00eb ka d\u00ebshir\u00eb t\u00eb drejtoj\u00eb m\u00eb mir\u00eb PL t\u00eb kandidoj\u00eb n\u00eb konvent\u00ebn q\u00eb vjen. Ftoj cilindo q\u00eb ka nj\u00eb platform\u00eb m\u00eb t\u00eb mir\u00eb, ta paraqes\u00eb. Kjo nuk mund t\u00eb jet\u00eb nj\u00eb forc\u00eb me dy shofer\u00eb. Dualizmi ishte shkat\u00ebrrimtar p\u00ebr PD, pale kur futet ndonj\u00eb dor\u00eb e tret\u00eb n\u00eb timon dhe askush nuk mban p\u00ebrgjegj\u00ebsi p\u00ebr fatin\u00eb autobusit.<\/em><\/span><\/p>\n<p><span style=\"color: #000000;\"><em>Duhet shpejt\u00ebsi, duhet vendimmarrje, fuqizim i organizmit dhe p\u00ebrqendrim i mesazhit te 5 prioritetet dhe nj\u00eb vendimmarrje vertikale n\u00eb zbatimin e \u00e7do vendimi q\u00eb merr Konventa dhe gjitha forumet m\u00eb pas\u201d,<\/em> tha Meta.<\/span><\/p>\n<p><span style=\"color: #000000;\">Ilir Meta p\u00ebrgjat\u00eb jav\u00ebve t\u00eb fundit ka shtuar mesazhet p\u00ebr tradhtar\u00eb brenda radh\u00ebve t\u00eb Partis\u00eb s\u00eb Liris\u00eb. Vet\u00ebm disa dit\u00eb m\u00eb par\u00eb ai tha se ka larguar gardistin duke e quajtur patronazhist t\u00eb Erion Veliajt, nd\u00ebrsa nuk kan\u00eb munguar as akuzat se figura t\u00eb PL jan\u00eb shitur te Edi Rama.<\/span><\/p>\n","protected":false,"gt_translate_keys":[{"key":"rendered","format":"html"}]},"excerpt":{"rendered":"<p>N\u00eb fjal\u00ebn e tij para mbledhjes s\u00eb Kryesis\u00eb, Meta tha se ka ardhur koha q\u00eb t\u00eb nd\u00ebrtohet nj\u00eb parti me baza t\u00eb reja, ku do t\u2019i jepet fund nepotzimit. &#8220;Statuti do e nd\u00ebrtoj\u00eb k\u00ebt\u00eb parti me baza t\u00eb reja duke i th\u00ebn\u00eb fund nepotizmit, duke i th\u00ebn\u00eb dhun\u00eb mosmbajtjes s\u00eb p\u00ebrgjegj\u00ebsive, kakofonis\u00eb n\u00eb drejtim dhe [&hellip;]<\/p>\n","protected":false,"gt_translate_keys":[{"key":"rendered","format":"html"}]},"author":32,"featured_media":667941,"comment_status":"closed","ping_status":"open","sticky":false,"template":"","format":"standard","meta":{"footnotes":""},"categories":[65],"tags":[],"class_list":["post-667940","post","type-post","status-publish","format-standard","has-post-thumbnail","hentry","category-lajme"],"gt_translate_keys":[{"key":"link","format":"url"}],"_links":{"self":[{"href":"https:\/\/www.hashtag.al\/index.php\/wp-json\/wp\/v2\/posts\/667940","targetHints":{"allow":["GET"]}}],"collection":[{"href":"https:\/\/www.hashtag.al\/index.php\/wp-json\/wp\/v2\/posts"}],"about":[{"href":"https:\/\/www.hashtag.al\/index.php\/wp-json\/wp\/v2\/types\/post"}],"author":[{"embeddable":true,"href":"https:\/\/www.hashtag.al\/index.php\/wp-json\/wp\/v2\/users\/32"}],"replies":[{"embeddable":true,"href":"https:\/\/www.hashtag.al\/index.php\/wp-json\/wp\/v2\/comments?post=667940"}],"version-history":[{"count":0,"href":"https:\/\/www.hashtag.al\/index.php\/wp-json\/wp\/v2\/posts\/667940\/revisions"}],"wp:featuredmedia":[{"embeddable":true,"href":"https:\/\/www.hashtag.al\/index.php\/wp-json\/wp\/v2\/media\/667941"}],"wp:attachment":[{"href":"https:\/\/www.hashtag.al\/index.php\/wp-json\/wp\/v2\/media?parent=667940"}],"wp:term":[{"taxonomy":"category","embeddable":true,"href":"https:\/\/www.hashtag.al\/index.php\/wp-json\/wp\/v2\/categories?post=667940"},{"taxonomy":"post_tag","embeddable":true,"href":"https:\/\/www.hashtag.al\/index.php\/wp-json\/wp\/v2\/tags?post=667940"}],"curies":[{"name":"wp","href":"https:\/\/api.w.org\/{rel}","templated":true}]}}