{"id":667889,"date":"2024-04-15T12:23:15","date_gmt":"2024-04-15T10:23:15","guid":{"rendered":"https:\/\/www.hashtag.al\/?p=667889"},"modified":"2024-04-15T12:23:15","modified_gmt":"2024-04-15T10:23:15","slug":"kina-nxjerr-nenkryetarin-e-bashkise-per-te-pritur-kancelarin-gjerman-scholz-video","status":"publish","type":"post","link":"https:\/\/www.hashtag.al\/index.php\/2024\/04\/15\/kina-nxjerr-nenkryetarin-e-bashkise-per-te-pritur-kancelarin-gjerman-scholz-video\/","title":{"rendered":"Kina nxjerr n\u00ebnkryetarin e bashkis\u00eb p\u00ebr t\u00eb pritur kancelarin gjerman Scholz (Video)","gt_translate_keys":[{"key":"rendered","format":"text"}]},"content":{"rendered":"<p><span style=\"color: #000000;\"><img loading=\"lazy\" decoding=\"async\" class=\"aligncenter size-full wp-image-667893\" src=\"https:\/\/www.hashtag.al\/wp-content\/uploads\/2024\/04\/scholz.jpeg\" alt=\"\" width=\"768\" height=\"432\" srcset=\"https:\/\/www.hashtag.al\/wp-content\/uploads\/2024\/04\/scholz.jpeg 768w, https:\/\/www.hashtag.al\/wp-content\/uploads\/2024\/04\/scholz-300x169.jpeg 300w\" sizes=\"auto, (max-width: 768px) 100vw, 768px\" \/><\/span><\/p>\n<p><span style=\"color: #000000;\">Kancelari gjerman Olaf Scholz nisi nj\u00eb vizit\u00eb t\u00eb profilit t\u00eb lart\u00eb n\u00eb Kin\u00eb t\u00eb diel\u00ebn n\u00eb nj\u00eb p\u00ebrpjekje p\u00ebr t\u00eb forcuar marr\u00ebdh\u00ebniet ekonomike midis dy kombeve, mes tensioneve n\u00eb rritje midis vendeve per\u00ebndimore dhe Pekinit mbi \u00e7\u00ebshtjet tregtare dhe politike.<\/span><\/p>\n<p><span style=\"color: #000000;\">Kancelari, i shoq\u00ebruar nga nj\u00eb delegacion i madh ministrash dhe drejtuesish t\u00eb lart\u00eb nga kompani si Siemens, BMW dhe Mercedes-Benz, mb\u00ebrriti n\u00eb qytetin jugper\u00ebndimor t\u00eb Chongqing, nj\u00eb qend\u00ebr industriale me nj\u00eb popullsi prej mbi 30 milion\u00eb banor\u00ebsh.<\/span><\/p>\n<p><span style=\"color: #000000;\">Scholz shkoi n\u00eb Kin\u00eb me ftes\u00eb t\u00eb Kryeministrit Li Qiang, megjith\u00ebse n\u00eb aeroport, delegacioni i tij u prit nga n\u00ebnkryetari i bashkis\u00eb s\u00eb Chongqing, Zhang Guozhi dhe ambasadori i Kin\u00ebs n\u00eb Gjermani, Wu Ken.<\/span><\/p>\n<p><span style=\"color: #000000;\">Udh\u00ebheq\u00ebsi gjerman \u00ebsht\u00eb planifikuar t\u00eb vizitoj\u00eb qendr\u00ebn financiare t\u00eb Shangait t\u00eb h\u00ebn\u00ebn, para se t\u00eb udh\u00ebtoj\u00eb drejt kryeqytetit t\u00eb mart\u00ebn p\u00ebr t&#8217;u takuar me kreun kinez Xi Jinping dhe kryeministrin Li Qiang.<\/span><\/p>\n<p><span style=\"color: #000000;\"> Udh\u00ebtimi treditor, i dyti dhe m\u00eb i gjati q\u00eb kur ai mori detyr\u00ebn n\u00eb vitin 2021, thuhet se synon t\u00eb forcoj\u00eb lidhjet e biznesit me ekonomin\u00eb e dyt\u00eb m\u00eb t\u00eb madhe n\u00eb bot\u00eb, pavar\u00ebsisht thirrjeve t\u00eb SHBA-s\u00eb p\u00ebr &#8220;shk\u00ebputje&#8221;. Ai gjithashtu pritet t\u00eb diskutoj\u00eb mosmarr\u00ebveshjet rreth konfliktit Rusi-Ukrain\u00eb dhe tensionet rreth Tajvanit.<\/span><\/p>\n<p><span style=\"color: #000000;\"><em>&#8220;Kina mbetet nj\u00eb partner me t\u00eb v\u00ebrtet\u00eb i r\u00ebnd\u00ebsish\u00ebm ekonomik,&#8221;<\/em> u tha Scholz gazetar\u00ebve t\u00eb premten, duke u zotuar t\u00eb p\u00ebrpiqet t\u00eb siguroj\u00eb konkurrenc\u00eb t\u00eb ndershme p\u00ebr kompanit\u00eb gjermane q\u00eb veprojn\u00eb n\u00eb Kin\u00eb.<\/span><\/p>\n<div style=\"width: 480px;\" class=\"wp-video\"><video class=\"wp-video-shortcode\" id=\"video-667889-1\" width=\"480\" height=\"270\" preload=\"metadata\" controls=\"controls\"><source type=\"video\/mp4\" src=\"https:\/\/www.hashtag.al\/wp-content\/uploads\/2024\/04\/ssstwitter.com_1713176047947.mp4?_=1\" \/><a href=\"https:\/\/www.hashtag.al\/wp-content\/uploads\/2024\/04\/ssstwitter.com_1713176047947.mp4\">https:\/\/www.hashtag.al\/wp-content\/uploads\/2024\/04\/ssstwitter.com_1713176047947.mp4<\/a><\/video><\/div>\n","protected":false,"gt_translate_keys":[{"key":"rendered","format":"html"}]},"excerpt":{"rendered":"<p>Kancelari gjerman Olaf Scholz nisi nj\u00eb vizit\u00eb t\u00eb profilit t\u00eb lart\u00eb n\u00eb Kin\u00eb t\u00eb diel\u00ebn n\u00eb nj\u00eb p\u00ebrpjekje p\u00ebr t\u00eb forcuar marr\u00ebdh\u00ebniet ekonomike midis dy kombeve, mes tensioneve n\u00eb rritje midis vendeve per\u00ebndimore dhe Pekinit mbi \u00e7\u00ebshtjet tregtare dhe politike. Kancelari, i shoq\u00ebruar nga nj\u00eb delegacion i madh ministrash dhe drejtuesish t\u00eb lart\u00eb nga kompani [&hellip;]<\/p>\n","protected":false,"gt_translate_keys":[{"key":"rendered","format":"html"}]},"author":51,"featured_media":667893,"comment_status":"closed","ping_status":"open","sticky":false,"template":"","format":"standard","meta":{"footnotes":""},"categories":[53],"tags":[],"class_list":["post-667889","post","type-post","status-publish","format-standard","has-post-thumbnail","hentry","category-fast-foodi"],"gt_translate_keys":[{"key":"link","format":"url"}],"_links":{"self":[{"href":"https:\/\/www.hashtag.al\/index.php\/wp-json\/wp\/v2\/posts\/667889","targetHints":{"allow":["GET"]}}],"collection":[{"href":"https:\/\/www.hashtag.al\/index.php\/wp-json\/wp\/v2\/posts"}],"about":[{"href":"https:\/\/www.hashtag.al\/index.php\/wp-json\/wp\/v2\/types\/post"}],"author":[{"embeddable":true,"href":"https:\/\/www.hashtag.al\/index.php\/wp-json\/wp\/v2\/users\/51"}],"replies":[{"embeddable":true,"href":"https:\/\/www.hashtag.al\/index.php\/wp-json\/wp\/v2\/comments?post=667889"}],"version-history":[{"count":0,"href":"https:\/\/www.hashtag.al\/index.php\/wp-json\/wp\/v2\/posts\/667889\/revisions"}],"wp:featuredmedia":[{"embeddable":true,"href":"https:\/\/www.hashtag.al\/index.php\/wp-json\/wp\/v2\/media\/667893"}],"wp:attachment":[{"href":"https:\/\/www.hashtag.al\/index.php\/wp-json\/wp\/v2\/media?parent=667889"}],"wp:term":[{"taxonomy":"category","embeddable":true,"href":"https:\/\/www.hashtag.al\/index.php\/wp-json\/wp\/v2\/categories?post=667889"},{"taxonomy":"post_tag","embeddable":true,"href":"https:\/\/www.hashtag.al\/index.php\/wp-json\/wp\/v2\/tags?post=667889"}],"curies":[{"name":"wp","href":"https:\/\/api.w.org\/{rel}","templated":true}]}}